{"id":4755,"date":"2009-06-04T06:32:25","date_gmt":"2009-06-04T04:32:25","guid":{"rendered":"https:\/\/www.vorspeisenplatte.de\/speisen\/?p=4755"},"modified":"2009-06-04T06:32:25","modified_gmt":"2009-06-04T04:32:25","slug":"journal-3-juni-2009","status":"publish","type":"post","link":"https:\/\/www.vorspeisenplatte.de\/speisen\/2009\/06\/journal-3-juni-2009.htm","title":{"rendered":"Journal 3. Juni 2009"},"content":{"rendered":"<p>Jetzt starren&#8217;S halt nicht so auf meine Beine! Sie werden doch nicht ernsthaft behaupten wollen, dass Sie den Unterschied zwischen den Strumpffarben erkennen. Ja, es sind zwei verschiedene. Seit ich vor drei Jahren zur Gewohnheit zur\u00fcckkehrte, au\u00dferhalb des tiefsten Winters statt Strumpfhosen halterlose Str\u00fcmpfe zu tragen, bleibt mir immer wieder einer \u00fcbrig &#8211; Laufmaschen entstehen allerseltenst an beiden zugleich. Da kann ich doch nicht gleich beide wegwerfen, so teuer, wie die Dinger sind. Und so hatte ich mittlerweile acht Einzelstr\u00fcmpfe in meiner <a href=\"https:\/\/www.vorspeisenplatte.de\/speisen\/2007\/03\/strumpftasche.htm\">Strumpftasche<\/a>, deren Farbe jeweils Strumpflosigkeit suggerieren soll. Auf einem Haufen gesehen, stimmt ihr Ton allerdings dann doch nicht hunderprozentig \u00fcberein. Ich griff heute Morgen also zu den beiden mit der gr\u00f6\u00dften Ann\u00e4herung. Und das wollen Sie erkannt haben?<\/p>\n<p>\u00a7<\/p>\n<p>Das Spannendste an meinem Leben ist wohl meine Arbeit &#8211; und die hat hier nur marginal etwas zu suchen. Eine solche Marginalie ist allerdings, dass die Nummer meines Berufsblackberrys (ich habe seit vier Wochen beruflich einen Blackberry) fr\u00fcher einem Ersatzteilverk\u00e4ufer dieses meines Unternehmens zugeteilt war. Den Rest malen Sie sich bitte selbst aus. Wenigstens war es heute Tag und der Anrufer lie\u00df mich ausreden, bevor er mir die Seriennummer aufdr\u00e4ngte.<\/p>\n<p>\u00a7<\/p>\n<p>Durch einen Termin beim Lieblingsdienstleister fand ich heraus, dass es vom neuen B\u00fcrostandort aus zehn Minuten k\u00fcrzer dorthin ist. Auf dem Heimweg Strumpfnachschub eingekauft, dazu ein wenig Spezereien (autolose Menschen wie ich sch\u00e4tzen bis heute das Prinzip Kaufhaus).<\/p>\n<p>Daheim traf ich den Mitbewohner beim Kochen an. Wir erinnerten einander, dass wir beim Eintritt in die Rente das <a href=\"http:\/\/entertainment.timesonline.co.uk\/tol\/arts_and_entertainment\/the_tls\/\" target=_new><i>TLS<\/i><\/a> und den <a href=\"http:\/\/www.newyorker.com\/\" target=_new><i>New Yorker<\/i><\/a> abonnieren werden. Da bis dahin das Internet eh verboten sein wird, haben wir sicher dennoch Zeit f\u00fcr die Lekt\u00fcre einer Tageszeitung.<\/p>\n<p><b>Nahrung:<\/b> Caf\u00e9 con leche, Schokolade (Dairy Milk Fruit &#038; Nut &#8211; entspricht ja nahezu M\u00fcesli), Zwiebelsuppe, Antipasti, Rohkostsalat, Butterbreze, Couscous mit japanischem Pfannengem\u00fcse, dazu Albarello Claudio Menicocci 2007, Andechser Treberbrot mit Butter, Ananas, Kekse<br \/>\n<b>Wetter:<\/b> Eher sonnig, warm<\/p>\n","protected":false},"excerpt":{"rendered":"<p>Jetzt starren&#8217;S halt nicht so auf meine Beine! Sie werden doch nicht ernsthaft behaupten wollen, dass Sie den Unterschied zwischen den Strumpffarben erkennen. Ja, es sind zwei verschiedene. Seit ich vor drei Jahren zur Gewohnheit zur\u00fcckkehrte, au\u00dferhalb des tiefsten Winters statt Strumpfhosen halterlose Str\u00fcmpfe zu tragen, bleibt mir immer wieder einer \u00fcbrig &#8211; Laufmaschen entstehen [&hellip;]<\/p>\n","protected":false},"author":2,"featured_media":0,"comment_status":"open","ping_status":"closed","sticky":false,"template":"","format":"standard","meta":{"footnotes":""},"categories":[1],"tags":[],"class_list":["post-4755","post","type-post","status-publish","format-standard","hentry","category-general"],"_links":{"self":[{"href":"https:\/\/www.vorspeisenplatte.de\/speisen\/wp-json\/wp\/v2\/posts\/4755","targetHints":{"allow":["GET"]}}],"collection":[{"href":"https:\/\/www.vorspeisenplatte.de\/speisen\/wp-json\/wp\/v2\/posts"}],"about":[{"href":"https:\/\/www.vorspeisenplatte.de\/speisen\/wp-json\/wp\/v2\/types\/post"}],"author":[{"embeddable":true,"href":"https:\/\/www.vorspeisenplatte.de\/speisen\/wp-json\/wp\/v2\/users\/2"}],"replies":[{"embeddable":true,"href":"https:\/\/www.vorspeisenplatte.de\/speisen\/wp-json\/wp\/v2\/comments?post=4755"}],"version-history":[{"count":0,"href":"https:\/\/www.vorspeisenplatte.de\/speisen\/wp-json\/wp\/v2\/posts\/4755\/revisions"}],"wp:attachment":[{"href":"https:\/\/www.vorspeisenplatte.de\/speisen\/wp-json\/wp\/v2\/media?parent=4755"}],"wp:term":[{"taxonomy":"category","embeddable":true,"href":"https:\/\/www.vorspeisenplatte.de\/speisen\/wp-json\/wp\/v2\/categories?post=4755"},{"taxonomy":"post_tag","embeddable":true,"href":"https:\/\/www.vorspeisenplatte.de\/speisen\/wp-json\/wp\/v2\/tags?post=4755"}],"curies":[{"name":"wp","href":"https:\/\/api.w.org\/{rel}","templated":true}]}}