{"id":47799,"date":"2018-10-28T08:48:43","date_gmt":"2018-10-28T06:48:43","guid":{"rendered":"https:\/\/www.vorspeisenplatte.de\/speisen\/?p=47799"},"modified":"2018-10-28T08:48:43","modified_gmt":"2018-10-28T06:48:43","slug":"journal-samstag-27-oktober-2018-schlaraffentag-drinnen","status":"publish","type":"post","link":"https:\/\/www.vorspeisenplatte.de\/speisen\/2018\/10\/journal-samstag-27-oktober-2018-schlaraffentag-drinnen.htm","title":{"rendered":"Journal Samstag, 27. Oktober 2018 &#8211; Schlaraffentag drinnen"},"content":{"rendered":"<p>Ein kompletter Drinnentag &#8211; ohne Kranksein hatte ich das schon sehr lange nicht mehr.<\/p>\n<p>Wobei&#8230; ein wenig Kranksein war anfangs schon dabei: Der viele Wein am Freitagabend zog dann doch eine n\u00e4chtliche Migr\u00e4ne-Attacke nach sich. Ich nahm eine Dosis Triptan und schlief lange.<\/p>\n<p>Drau\u00dfen regnete es, den ganzen Tag und best\u00e4ndig. Ich strich meine Laufpl\u00e4ne (manchmal zieht es mich auch bei Regen raus, gestern nicht), statt dessen strampelte ich eine gro\u00dfe Runde auf dem Crosstrainer, gemischte Filmmusik auf den Ohren. Herr Kaltmamsell ging w\u00e4hrend dessen Einkaufen.<\/p>\n<p>Zudem war gestern Schlaraffentag: Herr Kaltmamsell hatte weitreichende Kochpl\u00e4ne. Da im Ernteanteil Spinat war, hatte ich mir zum Fr\u00fchst\u00fcck Eggs florentine gew\u00fcnscht, oder wie Herr Kaltmamsell es nannte: ein Vier-Herdplatten-Fr\u00fchst\u00fcck.<\/p>\n<p><a href=\"https:\/\/www.vorspeisenplatte.de\/speisen\/archiv\/181027_01_Eggs_florentine.jpg\"><img loading=\"lazy\" decoding=\"async\" src=\"https:\/\/www.vorspeisenplatte.de\/speisen\/archiv\/181027_01_Eggs_florentine.jpg\" alt=\"\" width=\"373\" height=\"491\" class=\"alignnone size-full wp-image-47805\" \/><\/a><\/p>\n<p>(Das drunter sind selbst gemachte Crumpets.) Diesmal war es besonders gelungen und schmeckte k\u00f6stlich. Der volle Bauch machte mich schon wieder bettschwer: Ich wartete lediglich das Ende des Waschmaschinendurchgangs ab, h\u00e4ngte W\u00e4sche auf und legte mich ins Bett zu einer Siesta.<\/p>\n<p>Zu dem vage geplanten Spaziergang am Nachtmittag hatte ich dann doch keine Lust und las statt dessen im Sessel Alan Bradley, <i>The Sweetness at the Bottom of the Pie<\/i> fertig, a\u00df dazu ein paar Sterne-Herzen-Brezel-Lebkuchen. Das Buch ist ganz nett, aber die Figuren kamen mir in keiner Weise nahe.<\/p>\n<p>Schlaraffentag, Teil 2: Zum Nachtmahl wollte Herr Kaltmamsell ein Rezept von K\u00e4se-gef\u00fcllten H\u00fchnerhackb\u00e4llchen ausprobieren, er servierte die (vor allem f\u00fcr unsere Verh\u00e4ltnisse) kleine Portion mit Tatsoi aus Ernteanteil. Nachtisch waren dann \u00celes flottantes in s\u00e4ttigender Menge, sehr gut.<\/p>\n<p><a href=\"https:\/\/www.vorspeisenplatte.de\/speisen\/archiv\/181027_02a_Iles_flottantes.jpg\"><img loading=\"lazy\" decoding=\"async\" src=\"https:\/\/www.vorspeisenplatte.de\/speisen\/archiv\/181027_02a_Iles_flottantes.jpg\" alt=\"\" width=\"363\" height=\"363\" class=\"alignnone size-full wp-image-47806\" srcset=\"https:\/\/www.vorspeisenplatte.de\/speisen\/archiv\/181027_02a_Iles_flottantes.jpg 363w, https:\/\/www.vorspeisenplatte.de\/speisen\/archiv\/181027_02a_Iles_flottantes-150x150.jpg 150w, https:\/\/www.vorspeisenplatte.de\/speisen\/archiv\/181027_02a_Iles_flottantes-144x144.jpg 144w\" sizes=\"auto, (max-width: 363px) 100vw, 363px\" \/><\/a><\/p>\n","protected":false},"excerpt":{"rendered":"<p>Ein kompletter Drinnentag &#8211; ohne Kranksein hatte ich das schon sehr lange nicht mehr. Wobei&#8230; ein wenig Kranksein war anfangs schon dabei: Der viele Wein am Freitagabend zog dann doch eine n\u00e4chtliche Migr\u00e4ne-Attacke nach sich. Ich nahm eine Dosis Triptan und schlief lange. Drau\u00dfen regnete es, den ganzen Tag und best\u00e4ndig. Ich strich meine Laufpl\u00e4ne [&hellip;]<\/p>\n","protected":false},"author":2,"featured_media":0,"comment_status":"open","ping_status":"closed","sticky":false,"template":"","format":"standard","meta":{"footnotes":""},"categories":[6,2,1],"tags":[],"class_list":["post-47799","post","type-post","status-publish","format-standard","hentry","category-essen","category-fotos","category-general"],"_links":{"self":[{"href":"https:\/\/www.vorspeisenplatte.de\/speisen\/wp-json\/wp\/v2\/posts\/47799","targetHints":{"allow":["GET"]}}],"collection":[{"href":"https:\/\/www.vorspeisenplatte.de\/speisen\/wp-json\/wp\/v2\/posts"}],"about":[{"href":"https:\/\/www.vorspeisenplatte.de\/speisen\/wp-json\/wp\/v2\/types\/post"}],"author":[{"embeddable":true,"href":"https:\/\/www.vorspeisenplatte.de\/speisen\/wp-json\/wp\/v2\/users\/2"}],"replies":[{"embeddable":true,"href":"https:\/\/www.vorspeisenplatte.de\/speisen\/wp-json\/wp\/v2\/comments?post=47799"}],"version-history":[{"count":3,"href":"https:\/\/www.vorspeisenplatte.de\/speisen\/wp-json\/wp\/v2\/posts\/47799\/revisions"}],"predecessor-version":[{"id":47808,"href":"https:\/\/www.vorspeisenplatte.de\/speisen\/wp-json\/wp\/v2\/posts\/47799\/revisions\/47808"}],"wp:attachment":[{"href":"https:\/\/www.vorspeisenplatte.de\/speisen\/wp-json\/wp\/v2\/media?parent=47799"}],"wp:term":[{"taxonomy":"category","embeddable":true,"href":"https:\/\/www.vorspeisenplatte.de\/speisen\/wp-json\/wp\/v2\/categories?post=47799"},{"taxonomy":"post_tag","embeddable":true,"href":"https:\/\/www.vorspeisenplatte.de\/speisen\/wp-json\/wp\/v2\/tags?post=47799"}],"curies":[{"name":"wp","href":"https:\/\/api.w.org\/{rel}","templated":true}]}}