{"id":478,"date":"2004-07-23T15:25:28","date_gmt":"2004-07-23T13:25:28","guid":{"rendered":"https:\/\/www.vorspeisenplatte.de\/speisen\/2004\/07\/na-dann.htm"},"modified":"-0001-11-30T00:00:00","modified_gmt":"-0001-11-29T22:00:00","slug":"na-dann","status":"publish","type":"post","link":"https:\/\/www.vorspeisenplatte.de\/speisen\/2004\/07\/na-dann.htm","title":{"rendered":"na dann&#8230;"},"content":{"rendered":"<p>So, meine Zeit als  Vorspeisenplatten-Blogsitterin ist vor\u00fcber.<\/p>\n<p>Es hat mir gro\u00dfen Spa\u00df gemacht, aushilfsweise hier f\u00fcr Sie servieren zu d\u00fcrfen, und ich hoffe, mit meinen teilweise etwas bitteren und vielleicht manchmal ein wenig ungelenk formulierten H\u00e4ppchen keinen vergrault zu haben.<br \/>\n(Und falls ja&#8230;.<br \/>\n&#8230;.ihr k\u00f6nnt dann jetzt wieder rauskommen. <br \/>\nDie Frau Kaltmamsell ist bald wieder da und dann geht es hier in gewohnt wundervoll-professionellem Stil und mit reizvollen, spannenden Themen weiter!)<\/p>\n<p>Liebe Kaltmamsell,  Dir danke ich ganz herzlich f\u00fcr Dein Vertrauen.<br \/>\nIch habe mir auch ganz gro\u00dfe M\u00fche gegeben, hier nichts kaputt zu machen.<br \/>\n(Ihr haltet doch dicht, oder? Dass hier zwischendurch alles einmal kursiv erschien, das verr\u00e4t doch jetzt keiner? Hm??)<\/p>\n<p>Und, ach jaaaah!<br \/>\n<i>(langsam lospl\u00e4rrend)<\/i><br \/>\nAlle waren ganz fies und gemein zu mir!<\/p>\n<p><i>(mit ausgestrecktem Arm und Zeigefinger herumfuchtelnd)<\/i><br \/>\nBesonders der&#8230;und der&#8230;.und die da!! Ja, die auch!!<\/p>\n<p><i>(das Gesicht in den H\u00e4nden verbergend)<\/i><br \/>\n*Huuu\u00e4hhhh*<br \/>\n*Schnieeeef*<\/p>\n<p><i>(mit einem Auge durch zwei gespreizte Finger schielend)<\/i><br \/>\n Bekommen wir jetzt die Pickel-Story???<br \/>\nOch bitte!!!! <\/p>\n<p>Ein bisschen traurig bin ich jetzt schon, denn besagte Geschichte kann ich erst in \u00fcber zwei Wochen lesen.<br \/>\nSo lange bin ich n\u00e4mlich ohne Netz (und doppelten Boden) im Urlaub.<\/p>\n<p>Und wenn Ihr mir zum Abschied vielleicht noch etwas Gutes tun m\u00f6chtet, dann dr\u00fcckt mir doch bitte alle die Daumen, dass sich in den n\u00e4chsten zwei Wochen ein stabiles Zwischenhoch \u00fcber S\u00fcdskandinavien etabliert, ja?<br \/>\nDankesch\u00f6n!<\/p>\n<p>\n<i>(mit tiefer Verbeugung)<\/i><br \/>\nVielen Dank f\u00fcr Ihre Aufmerksamkeit, es war mir eine Ehre, bleiben Sie mir gewogen,<\/p>\n<p><i>(heftig winkend)<\/i><br \/>\nich w\u00fcnsche Euch allen eine sch\u00f6ne Zeit und gr\u00fc\u00dft mir die Chefin ganz herzlich,<\/p>\n<p>Eure <br \/>\npepa<br \/>\n<i>(tritt zur Seite ab)<\/i><\/p>\n<p><\/p>\n","protected":false},"excerpt":{"rendered":"<p>So, meine Zeit als Vorspeisenplatten-Blogsitterin ist vor\u00fcber. Es hat mir gro\u00dfen Spa\u00df gemacht, aushilfsweise hier f\u00fcr Sie servieren zu d\u00fcrfen, und ich hoffe, mit meinen teilweise etwas bitteren und vielleicht manchmal ein wenig ungelenk formulierten H\u00e4ppchen keinen vergrault zu haben. (Und falls ja&#8230;. &#8230;.ihr k\u00f6nnt dann jetzt wieder rauskommen. Die Frau Kaltmamsell ist bald wieder [&hellip;]<\/p>\n","protected":false},"author":2,"featured_media":0,"comment_status":"open","ping_status":"open","sticky":false,"template":"","format":"standard","meta":{"footnotes":""},"categories":[1],"tags":[],"class_list":["post-478","post","type-post","status-publish","format-standard","hentry","category-general"],"_links":{"self":[{"href":"https:\/\/www.vorspeisenplatte.de\/speisen\/wp-json\/wp\/v2\/posts\/478","targetHints":{"allow":["GET"]}}],"collection":[{"href":"https:\/\/www.vorspeisenplatte.de\/speisen\/wp-json\/wp\/v2\/posts"}],"about":[{"href":"https:\/\/www.vorspeisenplatte.de\/speisen\/wp-json\/wp\/v2\/types\/post"}],"author":[{"embeddable":true,"href":"https:\/\/www.vorspeisenplatte.de\/speisen\/wp-json\/wp\/v2\/users\/2"}],"replies":[{"embeddable":true,"href":"https:\/\/www.vorspeisenplatte.de\/speisen\/wp-json\/wp\/v2\/comments?post=478"}],"version-history":[{"count":0,"href":"https:\/\/www.vorspeisenplatte.de\/speisen\/wp-json\/wp\/v2\/posts\/478\/revisions"}],"wp:attachment":[{"href":"https:\/\/www.vorspeisenplatte.de\/speisen\/wp-json\/wp\/v2\/media?parent=478"}],"wp:term":[{"taxonomy":"category","embeddable":true,"href":"https:\/\/www.vorspeisenplatte.de\/speisen\/wp-json\/wp\/v2\/categories?post=478"},{"taxonomy":"post_tag","embeddable":true,"href":"https:\/\/www.vorspeisenplatte.de\/speisen\/wp-json\/wp\/v2\/tags?post=478"}],"curies":[{"name":"wp","href":"https:\/\/api.w.org\/{rel}","templated":true}]}}