{"id":481,"date":"2004-07-24T20:13:23","date_gmt":"2004-07-24T18:13:23","guid":{"rendered":"https:\/\/www.vorspeisenplatte.de\/speisen\/2004\/07\/gelernt-2-der-wiener-ist-unwiderstehlich.htm"},"modified":"2005-06-24T09:49:22","modified_gmt":"2005-06-24T07:49:22","slug":"gelernt-2-der-wiener-ist-unwiderstehlich","status":"publish","type":"post","link":"https:\/\/www.vorspeisenplatte.de\/speisen\/2004\/07\/gelernt-2-der-wiener-ist-unwiderstehlich.htm","title":{"rendered":"Gelernt 2: Der Wiener ist unwiderstehlich"},"content":{"rendered":"<p><img BORDER=0 SRC=\"https:\/\/www.vorspeisenplatte.de\/archives_speisen\/Naglergasse.jpg\" ALT=\"Naglergasse\" HEIGHT=454 WIDTH=341\/><\/p>\n<p>Auf leutselige oder gar joviale Menschen reagiere ich reflexartig mit Distanzierung (Herrgott, dann bin ich eben deutsch). Wie ich jetzt wei\u00df, gibt es Ausnahmen: Wiener. Die ignorieren meinen Schritt nach hinten einfach und tun so, als h\u00e4tte ich sie offen angel\u00e4chelt. Und so kann ich gar nicht anders, als es auch zu tun &#8211; sie offen anzul\u00e4cheln.<\/p>\n<p>Im <i>Caf\u00e9 Central<\/i> (Herrgott, dann bin ich eben Touristin) geht der Herr Klavierspieler, dem eben noch Ernst Fuchs \u00fcberschw\u00e4nglich die Hand gesch\u00fcttelt hat, auf UNS zu, um uns ein wenig \u00fcber das Geb\u00e4ude und Peter Altenberg zu erz\u00e4hlen. Fragt nach unserem Woher und Wohin, gibt uns das Gef\u00fchl, interessant und willkommen zu sein.<\/p>\n<p>Auf dem Zentralfriedhof (ja eh) sehen wir eine Dame mit einem kleinen K\u00e4fig, die aus einer Ruine ganz offensichtlich ein Tier lockt, mit geduldigen und z\u00e4rtlichen Rufen. Kurz darauf f\u00e4hrt sie in ihrem goldenen Golf an uns vorbei, h\u00e4lt an und steigt aus. Als ich schon bef\u00fcrchte, wir dummen Touris h\u00e4tten irgendwas angerichtet, erz\u00e4hlt sie aufgebracht, was sie da eigentlich gemacht hat: Vor dem Urlaub setzten zahllose Wiener ihre Katzen einfach auf dem Zentralfriedhof aus. Und SIE m\u00fcsse sie dann m\u00fchevoll wieder einfangen. Wir \u00e4u\u00dfern unser Mitgef\u00fchl, sch\u00fctteln mit ihr den Kopf \u00fcber diese Unmenschen. Sie zeigt uns noch das eben eingefangene K\u00e4tzchen, setzt sich wieder ins Auto und f\u00e4hrt weiter. Ganz offensichtlich musste sie ihre Emp\u00f6rung einfach mit irgend jemandem teilen.<\/p>\n<p>Das ist etwas ganz anderes als die vorsichtige und oberfl\u00e4chliche Konversation mit Fremden, wegen der ich ja die Engl\u00e4nder so sch\u00e4tze, und die meinem Distanz liebenden Naturell eher entgegen kommt. Aber zum Schmelzen brachte mich dann doch diese aktivere und liebevolle Wiener Art.<\/p>\n","protected":false},"excerpt":{"rendered":"<p>Auf leutselige oder gar joviale Menschen reagiere ich reflexartig mit Distanzierung (Herrgott, dann bin ich eben deutsch). Wie ich jetzt wei\u00df, gibt es Ausnahmen: Wiener. Die ignorieren meinen Schritt nach hinten einfach und tun so, als h\u00e4tte ich sie offen angel\u00e4chelt. Und so kann ich gar nicht anders, als es auch zu tun &#8211; sie [&hellip;]<\/p>\n","protected":false},"author":2,"featured_media":0,"comment_status":"open","ping_status":"open","sticky":false,"template":"","format":"standard","meta":{"footnotes":""},"categories":[2,1],"tags":[],"class_list":["post-481","post","type-post","status-publish","format-standard","hentry","category-fotos","category-general"],"_links":{"self":[{"href":"https:\/\/www.vorspeisenplatte.de\/speisen\/wp-json\/wp\/v2\/posts\/481","targetHints":{"allow":["GET"]}}],"collection":[{"href":"https:\/\/www.vorspeisenplatte.de\/speisen\/wp-json\/wp\/v2\/posts"}],"about":[{"href":"https:\/\/www.vorspeisenplatte.de\/speisen\/wp-json\/wp\/v2\/types\/post"}],"author":[{"embeddable":true,"href":"https:\/\/www.vorspeisenplatte.de\/speisen\/wp-json\/wp\/v2\/users\/2"}],"replies":[{"embeddable":true,"href":"https:\/\/www.vorspeisenplatte.de\/speisen\/wp-json\/wp\/v2\/comments?post=481"}],"version-history":[{"count":0,"href":"https:\/\/www.vorspeisenplatte.de\/speisen\/wp-json\/wp\/v2\/posts\/481\/revisions"}],"wp:attachment":[{"href":"https:\/\/www.vorspeisenplatte.de\/speisen\/wp-json\/wp\/v2\/media?parent=481"}],"wp:term":[{"taxonomy":"category","embeddable":true,"href":"https:\/\/www.vorspeisenplatte.de\/speisen\/wp-json\/wp\/v2\/categories?post=481"},{"taxonomy":"post_tag","embeddable":true,"href":"https:\/\/www.vorspeisenplatte.de\/speisen\/wp-json\/wp\/v2\/tags?post=481"}],"curies":[{"name":"wp","href":"https:\/\/api.w.org\/{rel}","templated":true}]}}