{"id":48283,"date":"2018-11-14T06:40:24","date_gmt":"2018-11-14T05:40:24","guid":{"rendered":"https:\/\/www.vorspeisenplatte.de\/speisen\/?p=48283"},"modified":"2018-11-20T15:22:07","modified_gmt":"2018-11-20T14:22:07","slug":"journal-dienstag-13-november-2018-weihnachtsgeschenkrecherche","status":"publish","type":"post","link":"https:\/\/www.vorspeisenplatte.de\/speisen\/2018\/11\/journal-dienstag-13-november-2018-weihnachtsgeschenkrecherche.htm","title":{"rendered":"Journal Dienstag, 13. November 2018 &#8211; Weihnachtsgeschenkrecherche"},"content":{"rendered":"<p>Morgens die \u00fcber Nacht programmierte Waschmaschinenladung aufgeh\u00e4ngt.<\/p>\n<p>Mit dem Fahrrad in die Arbeit, es ist weiterhin mild. Entdeckt, dass die Theresienwiese endich von Z\u00e4unen befreit ist, ich kann wieder quer dr\u00fcber in die Arbeit gehen und jeden Morgen die Bavaria gr\u00fc\u00dfen.<\/p>\n<p>Arbeitstag mit vielen Besprechungen, aber auch einem seltenen Ausblick.<\/p>\n<p><a href=\"https:\/\/www.vorspeisenplatte.de\/speisen\/archiv\/181113_01_Arbeitsausblick.jpg\"><img loading=\"lazy\" decoding=\"async\" src=\"https:\/\/www.vorspeisenplatte.de\/speisen\/archiv\/181113_01_Arbeitsausblick.jpg\" alt=\"\" width=\"596\" height=\"436\" class=\"alignnone size-full wp-image-48287\" \/><\/a><\/p>\n<p>Nach Feierabend radelte ich in leichtem Regen nach Untergiesing zu einem Feierabendbierchen mit einem Freund, mit dem ich eine Weihnachtsgeschenkidee besprach &#8211; sieht so aus, als w\u00fcrde das funktionieren, das freut mich ungemein.<\/p>\n<p>Zu Hause erwartete mich Herr Kaltmamsell mit \u00fcberbackenem Fenchel (letzter Ernteanteil) und K\u00e4se.<\/p>\n<p>Sehr \u00fcber <a href=\"https:\/\/twitter.com\/Herr_Rau\/status\/1062435267456495617\" rel=\"noopener\" target=\"_blank\">anderer Leut&#8217; Selfie-Versuche<\/a> gelacht, gleich mal selbst probiert (Mittwochabend gibt&#8217;s Friseur).<\/p>\n<p><a href=\"https:\/\/www.vorspeisenplatte.de\/speisen\/archiv\/181113_04_Wohnzimmer.jpg\"><img loading=\"lazy\" decoding=\"async\" src=\"https:\/\/www.vorspeisenplatte.de\/speisen\/archiv\/181113_04_Wohnzimmer.jpg\" alt=\"\" width=\"438\" height=\"328\" class=\"alignnone size-full wp-image-48289\" \/><\/a><\/p>\n<p>\u00a7<\/p>\n<p>Katia Kelm, eine der wenigen bildenden K\u00fcnstlerinnen, die auch gerne \u00fcber ihre Kunst schreiben,  hat nach Langem wieder Radierungen gemacht und bloggt, wie das bei ihr geht (meine G\u00fcte, ist das aufw\u00e4ndig und komliziert) (und ich lernte das Wort &#8220;Auflagenkunst&#8221;).<br \/>\n<a href=\"https:\/\/katiakelm.de\/blog\/2018\/11\/13\/wie-ich-radiere\/\" rel=\"noopener\" target=\"_blank\">&#8220;wie ich radiere&#8221;.<\/a><\/p>\n","protected":false},"excerpt":{"rendered":"<p>Morgens die \u00fcber Nacht programmierte Waschmaschinenladung aufgeh\u00e4ngt. Mit dem Fahrrad in die Arbeit, es ist weiterhin mild. Entdeckt, dass die Theresienwiese endich von Z\u00e4unen befreit ist, ich kann wieder quer dr\u00fcber in die Arbeit gehen und jeden Morgen die Bavaria gr\u00fc\u00dfen. Arbeitstag mit vielen Besprechungen, aber auch einem seltenen Ausblick. Nach Feierabend radelte ich in [&hellip;]<\/p>\n","protected":false},"author":2,"featured_media":0,"comment_status":"open","ping_status":"closed","sticky":false,"template":"","format":"standard","meta":{"footnotes":""},"categories":[2,1],"tags":[],"class_list":["post-48283","post","type-post","status-publish","format-standard","hentry","category-fotos","category-general"],"_links":{"self":[{"href":"https:\/\/www.vorspeisenplatte.de\/speisen\/wp-json\/wp\/v2\/posts\/48283","targetHints":{"allow":["GET"]}}],"collection":[{"href":"https:\/\/www.vorspeisenplatte.de\/speisen\/wp-json\/wp\/v2\/posts"}],"about":[{"href":"https:\/\/www.vorspeisenplatte.de\/speisen\/wp-json\/wp\/v2\/types\/post"}],"author":[{"embeddable":true,"href":"https:\/\/www.vorspeisenplatte.de\/speisen\/wp-json\/wp\/v2\/users\/2"}],"replies":[{"embeddable":true,"href":"https:\/\/www.vorspeisenplatte.de\/speisen\/wp-json\/wp\/v2\/comments?post=48283"}],"version-history":[{"count":3,"href":"https:\/\/www.vorspeisenplatte.de\/speisen\/wp-json\/wp\/v2\/posts\/48283\/revisions"}],"predecessor-version":[{"id":48417,"href":"https:\/\/www.vorspeisenplatte.de\/speisen\/wp-json\/wp\/v2\/posts\/48283\/revisions\/48417"}],"wp:attachment":[{"href":"https:\/\/www.vorspeisenplatte.de\/speisen\/wp-json\/wp\/v2\/media?parent=48283"}],"wp:term":[{"taxonomy":"category","embeddable":true,"href":"https:\/\/www.vorspeisenplatte.de\/speisen\/wp-json\/wp\/v2\/categories?post=48283"},{"taxonomy":"post_tag","embeddable":true,"href":"https:\/\/www.vorspeisenplatte.de\/speisen\/wp-json\/wp\/v2\/tags?post=48283"}],"curies":[{"name":"wp","href":"https:\/\/api.w.org\/{rel}","templated":true}]}}