{"id":497,"date":"2004-08-05T14:51:13","date_gmt":"2004-08-05T12:51:13","guid":{"rendered":"https:\/\/www.vorspeisenplatte.de\/speisen\/2004\/08\/fotos.htm"},"modified":"-0001-11-30T00:00:00","modified_gmt":"-0001-11-29T22:00:00","slug":"fotos","status":"publish","type":"post","link":"https:\/\/www.vorspeisenplatte.de\/speisen\/2004\/08\/fotos.htm","title":{"rendered":"Fotos"},"content":{"rendered":"<p>Ausf\u00fchrlich bei <a href=\"http:\/\/www.magnumphotos.com\/\">MAGNUM<\/a> durch die Bilder von Henri Cartier-Bresson geklickt. Atemberaubend. <a href=\"http:\/\/www.granta.com\/back-issues\/\">Granta<\/a> ver\u00f6ffentlicht immer wieder Strecken von MAGNUM-Fotografen, und jede ruft in mir die schmerzhafte Sehnsucht hervor, so fotographieren zu k\u00f6nnen. Ging mir bei Fotografen wie Helmut Newton nie so, obwohl ich seine Arbeit sehr mag. <br \/>\nAber ich will <a href=\"http:\/\/www.magnumphotos.com\/c\/htm\/CDocZ_MAG.aspx?Stat=DocThumb_DocZoom&#038;o=&#038;DT=ALB&#038;E=29YL53KGUTK&#038;Pass=&#038;Total=352&#038;Pic=71&#038;SubE=2S5RYD1T5SDH\">sowas<\/a> k\u00f6nnen, und <a href=\"http:\/\/www.magnumphotos.com\/c\/htm\/CDocZ_MAG.aspx?Stat=DocThumb_DocZoom&#038;o=&#038;DT=ALB&#038;E=29YL53KGUTK&#038;Pass=&#038;Total=352&#038;Pic=262&#038;SubE=2S5RYDI4GNRD\">sowas<\/a> und <a href=\"http:\/\/www.magnumphotos.com\/c\/htm\/CDocZ_MAG.aspx?Stat=DocThumb_DocZoom&#038;o=&#038;DT=ALB&#038;E=29YL53KGUTK&#038;Pass=&#038;Total=352&#038;Pic=48&#038;SubE=2S5RYD1305UC\">sowas<\/a> und <a href=\"http:\/\/www.magnumphotos.com\/c\/htm\/CDocZ_MAG.aspx?Stat=DocThumb_DocZoom&#038;o=&#038;DT=ALB&#038;E=29YL53KGUTK&#038;Pass=&#038;Total=352&#038;Pic=251&#038;SubE=2S5RYDYI4CAP\">sowas<\/a> und <a href=\"http:\/\/www.magnumphotos.com\/c\/htm\/CDocZ_MAG.aspx?Stat=DocThumb_DocZoom&#038;o=&#038;DT=ALB&#038;E=29YL53KGUTK&#038;Pass=&#038;Total=352&#038;Pic=108&#038;SubE=2S5RYDI03U5H\">sowas<\/a> und <a href=\"http:\/\/www.magnumphotos.com\/c\/htm\/CDocZ_MAG.aspx?Stat=DocThumb_DocZoom&#038;o=&#038;DT=ALB&#038;E=29YL53KGUTK&#038;Pass=&#038;Total=352&#038;Pic=279&#038;SubE=2S5RYDWNN11L\">sowas<\/a> und <a href=\"http:\/\/www.magnumphotos.com\/c\/htm\/CDocZ_MAG.aspx?Stat=DocThumb_DocZoom&#038;o=&#038;DT=ALB&#038;E=29YL53KGUTK&#038;Pass=&#038;Total=352&#038;Pic=188&#038;SubE=2S5RYDGS7Q6\">sowas<\/a> und <a href=\"http:\/\/www.magnumphotos.com\/c\/htm\/CDocZ_MAG.aspx?Stat=DocThumb_DocZoom&#038;o=&#038;DT=ALB&#038;E=29YL53KGUTK&#038;Pass=&#038;Total=352&#038;Pic=64&#038;SubE=2S5RYDV8V8V\">sowas<\/a> und <a href=\"http:\/\/www.magnumphotos.com\/c\/htm\/CDocZ_MAG.aspx?Stat=DocThumb_DocZoom&#038;o=&#038;DT=ALB&#038;E=29YL53KGUTK&#038;Pass=&#038;Total=352&#038;Pic=88&#038;SubE=2S5RYDWMDTUA\">sowas<\/a> und <a href=\"http:\/\/www.magnumphotos.com\/c\/htm\/CDocZ_MAG.aspx?Stat=DocThumb_DocZoom&#038;o=&#038;DT=ALB&#038;E=29YL53KGUTK&#038;Pass=&#038;Total=352&#038;Pic=177&#038;SubE=2S5RYDPQ8@P\">sowas<\/a> &#8211; Fotos machen, die Dutzende Geschichten erz\u00e4hlen, die so viel Information transportieren, dass ich selbst die Ger\u00fcche der Szenerie zu kennen glaube.<\/p>\n<p>Neben dem mannigfaltigen Handwerk fehlt mir dazu die Selbstvergessenheit. Immer wenn ich eine Szene mit Menschen fotografieren m\u00f6chte, bemerke ich mich selbst. Ich m\u00fcsste mich sichtbar machen und in den Vordergrund schieben. Aus Verlegenheit unterdr\u00fccke ich dann den Wunsch.<\/p>\n<p>Wie machen das Berufsfotografen? Heben sie einfach die l\u00e4chelnd die Kamera: \u201eDarf ich?\u201c Nein, die meisten Menschen auf Henri Cartier-Bressons Bilder sehen aus, als bemerkten sie gar nicht, dass sie fotografiert werden. Schaffen es die Profis, sich selbst so wenig wichtig zu nehmen, dass sie einfach nicht verlegen werden?<\/p>\n<p>\nNachtrag: M\u00f6glicherweise liegt\u2019s an anderen Umst\u00e4nden.<\/p>\n<p><i>Cartier-Bresson was fortunate to make his reputation at what might be called photography&#8217;s decisive moment. The development before the war of the 35mm Leica camera freed photographers from the large-format cameras and tripods that had previously hampered their movement. He was able to take his camera on to the streets where, on the whole, he was welcomed.<\/p>\n<p>This was photography&#8217;s age of innocence. The camera was not yet seen as political. If I did now what he used to do, roving the streets taking pictures, I would be arrested. When he pointed the camera at people, they were willing to be photographed. Now they would want to know what you were taking it for and where it was going to be used. Taking photographs then was seen as positive. <\/i><\/p>\n<p>(Eamonn McCabe im <a href=\"http:\/\/www.guardian.co.uk\/arts\/cartierbresson\/story\/0,14921,1276479,00.html\">gestrigen Guardian<\/a>, via <a href=\"http:\/\/elektrosmog.antville.org\/\">elektrosmog<\/a>)<\/p>\n","protected":false},"excerpt":{"rendered":"<p>Ausf\u00fchrlich bei MAGNUM durch die Bilder von Henri Cartier-Bresson geklickt. Atemberaubend. Granta ver\u00f6ffentlicht immer wieder Strecken von MAGNUM-Fotografen, und jede ruft in mir die schmerzhafte Sehnsucht hervor, so fotographieren zu k\u00f6nnen. Ging mir bei Fotografen wie Helmut Newton nie so, obwohl ich seine Arbeit sehr mag. Aber ich will sowas k\u00f6nnen, und sowas und sowas [&hellip;]<\/p>\n","protected":false},"author":2,"featured_media":0,"comment_status":"open","ping_status":"open","sticky":false,"template":"","format":"standard","meta":{"footnotes":""},"categories":[1],"tags":[],"class_list":["post-497","post","type-post","status-publish","format-standard","hentry","category-general"],"_links":{"self":[{"href":"https:\/\/www.vorspeisenplatte.de\/speisen\/wp-json\/wp\/v2\/posts\/497","targetHints":{"allow":["GET"]}}],"collection":[{"href":"https:\/\/www.vorspeisenplatte.de\/speisen\/wp-json\/wp\/v2\/posts"}],"about":[{"href":"https:\/\/www.vorspeisenplatte.de\/speisen\/wp-json\/wp\/v2\/types\/post"}],"author":[{"embeddable":true,"href":"https:\/\/www.vorspeisenplatte.de\/speisen\/wp-json\/wp\/v2\/users\/2"}],"replies":[{"embeddable":true,"href":"https:\/\/www.vorspeisenplatte.de\/speisen\/wp-json\/wp\/v2\/comments?post=497"}],"version-history":[{"count":0,"href":"https:\/\/www.vorspeisenplatte.de\/speisen\/wp-json\/wp\/v2\/posts\/497\/revisions"}],"wp:attachment":[{"href":"https:\/\/www.vorspeisenplatte.de\/speisen\/wp-json\/wp\/v2\/media?parent=497"}],"wp:term":[{"taxonomy":"category","embeddable":true,"href":"https:\/\/www.vorspeisenplatte.de\/speisen\/wp-json\/wp\/v2\/categories?post=497"},{"taxonomy":"post_tag","embeddable":true,"href":"https:\/\/www.vorspeisenplatte.de\/speisen\/wp-json\/wp\/v2\/tags?post=497"}],"curies":[{"name":"wp","href":"https:\/\/api.w.org\/{rel}","templated":true}]}}