{"id":498,"date":"2004-08-06T13:06:49","date_gmt":"2004-08-06T11:06:49","guid":{"rendered":"https:\/\/www.vorspeisenplatte.de\/speisen\/2004\/08\/kindergarten.htm"},"modified":"-0001-11-30T00:00:00","modified_gmt":"-0001-11-29T22:00:00","slug":"kindergarten","status":"publish","type":"post","link":"https:\/\/www.vorspeisenplatte.de\/speisen\/2004\/08\/kindergarten.htm","title":{"rendered":"Kindergarten"},"content":{"rendered":"<p><a href=\"http:\/\/www.spiegel.de\/kultur\/gesellschaft\/0,1518,311777,00.html\">Spiegel und Axel Springer machen gemeinsame Sache und kehren zur alten Rechtschreibung zur\u00fcck.<\/a> Die neuen Kampfgef\u00e4hrten nennen sie ab sofort &#8220;klassisch&#8221;.<\/p>\n<p>Die Vorspeisenplatte beh\u00e4lt die dpa-Variante der neuen Rechtschreibung bei.<\/p>\n<p><i>Nachtrag: <a href=\"http:\/\/www.titanic-magazin.de\/index.php\">TITANICK kehrt zur\u00fcck zur ganz, ganz alten Rechtschreybung<\/a><\/i><\/p>\n","protected":false},"excerpt":{"rendered":"<p>Spiegel und Axel Springer machen gemeinsame Sache und kehren zur alten Rechtschreibung zur\u00fcck. Die neuen Kampfgef\u00e4hrten nennen sie ab sofort &#8220;klassisch&#8221;. Die Vorspeisenplatte beh\u00e4lt die dpa-Variante der neuen Rechtschreibung bei. Nachtrag: TITANICK kehrt zur\u00fcck zur ganz, ganz alten Rechtschreybung<\/p>\n","protected":false},"author":2,"featured_media":0,"comment_status":"open","ping_status":"open","sticky":false,"template":"","format":"standard","meta":{"footnotes":""},"categories":[1],"tags":[],"class_list":["post-498","post","type-post","status-publish","format-standard","hentry","category-general"],"_links":{"self":[{"href":"https:\/\/www.vorspeisenplatte.de\/speisen\/wp-json\/wp\/v2\/posts\/498","targetHints":{"allow":["GET"]}}],"collection":[{"href":"https:\/\/www.vorspeisenplatte.de\/speisen\/wp-json\/wp\/v2\/posts"}],"about":[{"href":"https:\/\/www.vorspeisenplatte.de\/speisen\/wp-json\/wp\/v2\/types\/post"}],"author":[{"embeddable":true,"href":"https:\/\/www.vorspeisenplatte.de\/speisen\/wp-json\/wp\/v2\/users\/2"}],"replies":[{"embeddable":true,"href":"https:\/\/www.vorspeisenplatte.de\/speisen\/wp-json\/wp\/v2\/comments?post=498"}],"version-history":[{"count":0,"href":"https:\/\/www.vorspeisenplatte.de\/speisen\/wp-json\/wp\/v2\/posts\/498\/revisions"}],"wp:attachment":[{"href":"https:\/\/www.vorspeisenplatte.de\/speisen\/wp-json\/wp\/v2\/media?parent=498"}],"wp:term":[{"taxonomy":"category","embeddable":true,"href":"https:\/\/www.vorspeisenplatte.de\/speisen\/wp-json\/wp\/v2\/categories?post=498"},{"taxonomy":"post_tag","embeddable":true,"href":"https:\/\/www.vorspeisenplatte.de\/speisen\/wp-json\/wp\/v2\/tags?post=498"}],"curies":[{"name":"wp","href":"https:\/\/api.w.org\/{rel}","templated":true}]}}