{"id":50947,"date":"2019-03-29T06:21:57","date_gmt":"2019-03-29T05:21:57","guid":{"rendered":"https:\/\/www.vorspeisenplatte.de\/speisen\/?p=50947"},"modified":"2019-03-29T06:21:57","modified_gmt":"2019-03-29T05:21:57","slug":"journal-donnerstag-28-maerz-2019-tortentag-und-kickstarter-fuer-buch-ueber-olympia-72","status":"publish","type":"post","link":"https:\/\/www.vorspeisenplatte.de\/speisen\/2019\/03\/journal-donnerstag-28-maerz-2019-tortentag-und-kickstarter-fuer-buch-ueber-olympia-72.htm","title":{"rendered":"Journal Donnerstag, 28. M\u00e4rz 2019 &#8211; Tortentag und Kickstarter f\u00fcr Buch \u00fcber Olympia &#8217;72"},"content":{"rendered":"<p>Im B\u00fcro gab es Abschiede mit Butterbrezen, von einem anderen Ereignis waren noch Gro\u00dfteile einer enormen Erdbeerbuttercremetorte da. Und was soll ich sagen: Nach nur zwei Butterbrezen und einem sehr erwachsenen St\u00fcck Torte war mir bereits schlecht. Ist das am Ende auch das Alter? Positive Wirkung: Gestern brauchte ich am Nachmittag keinen Snack.<\/p>\n<p>Der Tag war freundlich, ganz langsam stiegen die Temperaturen. Ich machte fr\u00fch Schluss, weil ich nochmal in der Hochschule f\u00fcr Film und Fernsehen verabredet war, diesmal einschlie\u00dflich Herrn Kaltmamsell.<\/p>\n<p>Von dort spazierten wir nach Hause. Zum Abendessen verarbeitete Herr Kaltmamsell Ernteanteilgem\u00fcse zu einer Suppe (Lauch, Karotten, Kartoffeln), ich machte den Babyspinat als Salat an (mit verd\u00fcnnter Granatapfelmelasse, Tahini und Oliven\u00f6l, sehr gut).<\/p>\n<p>\u00a7<\/p>\n<p>Mein Geschmack in Gestaltung, Design, Einrichtung, Kleidung ist ausgesprochen konventionell: Ich schwamm zeitlebens im Mainstream. Mein Jungm\u00e4dchenzimmer leuchtete 80er-typisch in Signalfarben, ich schw\u00e4rmte f\u00fcr das Rosenthalgeschirr Flash. In den 90ern trug ich englische Haarschnitte, hatten B\u00e4der f\u00fcr mich wei\u00df zu sein, im neuen Jahrtausend gefielen mir Shaker-M\u00f6bel, erfasste mich vor ein paar Jahren die Anziehungskraft der Bauhaus-Schule, und auch sonst sa\u00df ich mit meinen Vorlieben mitten im Zeitgeist des deutschen Bildungsb\u00fcrgertums. Daraus kann ich umgekehrt schlie\u00dfen, dass wir in einer Wiederkehr klassischen 70er-Designs leben, ich bin n\u00e4mlich ganz begeistert von der Aussicht auf dieses Buch &#8211; das allerdings erst per Kickstarter finanziert werden muss:<\/p>\n<p><a href=\"https:\/\/www.kickstarter.com\/projects\/munich72\/munich-72-the-visual-output-of-otl-aichers-dept-xi\" rel=\"noopener noreferrer\" target=\"_blank\">&#8220;Munich &#8217;72. The Visual Output of Otl Aicher&#8217;s Dept. XI&#8221;.<\/a><\/p>\n<blockquote><p>There have been a number of books on designer Otl Aicher but to date none have provided a detailed account of the 1972 Munich Olympics and Aicher\u2019s design team, Dept. XI, or the full and breathtaking scope of their outputs; not just print and the sports and info pictograms, but apparel, signage, stadium decoration, cityscapes, the official mascot Waldi, and the souvenirs.<\/p><\/blockquote>\n<p>In diesem Buch (hinter dem Link oben kann man sich durch einige Seiten bl\u00e4ttern) soll es also um das Team um Otl Aicher gehen und um die gesamte Breite der Entw\u00fcrfe f\u00fcr die Olympischem Spiele 1972 &#8211; die nicht nur Sportdesign bis heute pr\u00e4gen (siehe Piktogramme der Sportarten). Ich bilde mir ein, mich bis heute lebhaft zu erinnern, dass ich als F\u00fcnfj\u00e4hrige den ersehnten Schl\u00fcsselanh\u00e4nger mit Dackel Waldi <i>nicht<\/i> bekam, weil viel zu teuer und &#8220;a Schmarrn&#8221;. (Was nat\u00fcrlich v\u00f6llig richtig ist, und selbst wenn, w\u00e4re er l\u00e4ngst verloren.)<\/p>\n<p>Aber wenn Sie sich auch f\u00fcr das Design dieser so zwiesp\u00e4ltigen Olympischen Spiele interessieren (einerseits: Westdeutschland will unbedingt beweisen, dass es das Dritte Reich hinter sich gelassen hat, andererseits: der Terroranschlag auf die israelische Mannschaft), k\u00f6nnten Sie mir durch Beteiligung an der Finanzierung das Buch erm\u00f6glichen. Wo ich doch als F\u00fcnfj\u00e4hrige keinen Waldi-Anh\u00e4nger bekommen habeeeeeeeee! <img loading=\"lazy\" decoding=\"async\" src=\"https:\/\/ssl-vg03.met.vgwort.de\/na\/ebe435a9eb5a44c2a041128c83630201\" width=\"1\" height=\"1\" alt=\"\"\/><\/p>\n","protected":false},"excerpt":{"rendered":"<p>Im B\u00fcro gab es Abschiede mit Butterbrezen, von einem anderen Ereignis waren noch Gro\u00dfteile einer enormen Erdbeerbuttercremetorte da. Und was soll ich sagen: Nach nur zwei Butterbrezen und einem sehr erwachsenen St\u00fcck Torte war mir bereits schlecht. Ist das am Ende auch das Alter? Positive Wirkung: Gestern brauchte ich am Nachmittag keinen Snack. Der Tag [&hellip;]<\/p>\n","protected":false},"author":2,"featured_media":0,"comment_status":"open","ping_status":"closed","sticky":false,"template":"","format":"standard","meta":{"footnotes":""},"categories":[6,1],"tags":[],"class_list":["post-50947","post","type-post","status-publish","format-standard","hentry","category-essen","category-general"],"_links":{"self":[{"href":"https:\/\/www.vorspeisenplatte.de\/speisen\/wp-json\/wp\/v2\/posts\/50947","targetHints":{"allow":["GET"]}}],"collection":[{"href":"https:\/\/www.vorspeisenplatte.de\/speisen\/wp-json\/wp\/v2\/posts"}],"about":[{"href":"https:\/\/www.vorspeisenplatte.de\/speisen\/wp-json\/wp\/v2\/types\/post"}],"author":[{"embeddable":true,"href":"https:\/\/www.vorspeisenplatte.de\/speisen\/wp-json\/wp\/v2\/users\/2"}],"replies":[{"embeddable":true,"href":"https:\/\/www.vorspeisenplatte.de\/speisen\/wp-json\/wp\/v2\/comments?post=50947"}],"version-history":[{"count":3,"href":"https:\/\/www.vorspeisenplatte.de\/speisen\/wp-json\/wp\/v2\/posts\/50947\/revisions"}],"predecessor-version":[{"id":50957,"href":"https:\/\/www.vorspeisenplatte.de\/speisen\/wp-json\/wp\/v2\/posts\/50947\/revisions\/50957"}],"wp:attachment":[{"href":"https:\/\/www.vorspeisenplatte.de\/speisen\/wp-json\/wp\/v2\/media?parent=50947"}],"wp:term":[{"taxonomy":"category","embeddable":true,"href":"https:\/\/www.vorspeisenplatte.de\/speisen\/wp-json\/wp\/v2\/categories?post=50947"},{"taxonomy":"post_tag","embeddable":true,"href":"https:\/\/www.vorspeisenplatte.de\/speisen\/wp-json\/wp\/v2\/tags?post=50947"}],"curies":[{"name":"wp","href":"https:\/\/api.w.org\/{rel}","templated":true}]}}