{"id":51488,"date":"2019-04-20T08:41:13","date_gmt":"2019-04-20T06:41:13","guid":{"rendered":"https:\/\/www.vorspeisenplatte.de\/speisen\/?p=51488"},"modified":"2021-04-14T11:13:21","modified_gmt":"2021-04-14T09:13:21","slug":"journal-freitag-19-april-2019-karfreitag-mit-sommervorbereitungen","status":"publish","type":"post","link":"https:\/\/www.vorspeisenplatte.de\/speisen\/2019\/04\/journal-freitag-19-april-2019-karfreitag-mit-sommervorbereitungen.htm","title":{"rendered":"Journal Freitag, 19. April 2019 &#8211; Karfreitag mit Sommervorbereitungen"},"content":{"rendered":"<p>Erschlagen aufgewacht, weil mich in der Nacht zuvor die Beinschmerzen lange Stunden nicht einschlafen lie\u00dfen.<\/p>\n<p>Ein strahlender Fr\u00fchlingstag. Beim Radeln zum Schwimmen im Olympiabad war ich noch froh \u00fcber meine Strickjacke, beim Heimradeln h\u00e4tte ich sie nicht mehr gebraucht. Das Becken war \u00fcberraschend voll (ich hatte damit gerechnet, dass bei diesem Prachtwetter Schwimmen in einer fensterlosen Halle v\u00f6llig abwegig erscheinen w\u00fcrde), ich blieb nach der schlechten Nacht und wegen Wanderpl\u00e4nen f\u00fcr Samstag brav bei 3000 Metern.<\/p>\n<p>Fr\u00fchst\u00fcck daheim: Schnittlauchbrot aus aufgetautem Selbstgebackenem und Ernteanteil, Dickmilch mit Blutorangen und Mohn. Internetlesen.<\/p>\n<p>Aus dem Keller holte ich die Umzugskiste mit Sommerkleidung und tauschte den Inhalt gegen Winterkleidung. Ich stellte fest, dass mein Kleidungsbestand gewachsen ist &#8211; dabei soll er doch schrumpfen. Gleich mal die beiden Kataloge (Boden und Poetry) ins Altpapier gelegt, in denen ich bereits Sommerkleidung zur Bestellung markiert hatte: Diese Saison gibt&#8217;s nichts Neues.<\/p>\n<p>W\u00e4hrenddessen reinigte Herr Kaltmamsell den Balkon und die Balkonm\u00f6bel, wir stellten die Pflanzen vom letzten Jahr raus &#8211; hiermit ist der Balkon nutzbar. Auch dieses Jahr in k\u00e4rglicher Form, ohne externe Hilfe wird in diesem Leben nie die geschmackvolle Pracht daraus, wie ich sie bei Nachbarinnen sehe. (Nicht dass mir etwas fehlen w\u00fcrde.)<\/p>\n<p>Die Balkont\u00fcr stand offen bis nach Sonnenuntergang, es war mild genug daf\u00fcr.<\/p>\n<p>Zum Nachtmahl bereitete ich <a href=\"https:\/\/www.vorspeisenplatte.de\/rezepte\/dampfnudeln-nach-fremdarbeiterinnen-art.htm\" rel=\"noopener noreferrer\" target=\"_blank\">Dampfnudeln<\/a> zu.<\/p>\n<p><a href=\"https:\/\/www.vorspeisenplatte.de\/speisen\/archiv\/190419_02_Dampfnudeln.jpg\"><img loading=\"lazy\" decoding=\"async\" src=\"https:\/\/www.vorspeisenplatte.de\/speisen\/archiv\/190419_02_Dampfnudeln.jpg\" alt=\"\" width=\"363\" height=\"484\" class=\"alignnone size-full wp-image-51494\" \/><\/a><\/p>\n<p>Ich servierte mit Zwetschgenr\u00f6ster <i>und<\/i> Vanilleso\u00dfe.<\/p>\n<p>\u00a7<\/p>\n<p>Die 20-Uhr-<i>Tagesschau<\/i> machte gestern auf mit einem Busungl\u00fcck auf Madeira mit zahlreichen Todesopfern, das bereits am Vorabend vermeldet worden war. Erst an dritter Stelle thematisierte die Redaktion, dass es im nordirischen <a href=\"https:\/\/de.wikipedia.org\/wiki\/Derry#Geschichte_und_Verwendung_der_verschiedenen_Stadtnamen\" rel=\"noopener noreferrer\" target=\"_blank\">Derry\/Londonderry<\/a> seit Tagen gewaltt\u00e4tige Ausschreitungen gibt (Karfreitag ist ja <a href=\"http:\/\/education.niassembly.gov.uk\/post_16\/snapshots_of_devolution\/gfa\" rel=\"noopener noreferrer\" target=\"_blank\">ein geschichtstr\u00e4chtiger Anlass<\/a>).<sup><a href=\"#footnote_1_51488\" id=\"identifier_1_51488\" class=\"footnote-link footnote-identifier-link\" title=\"Beim Recherchieren stie&szlig; ich auf den Umstand, dass die Democratic Unionist Party (DUP) dieses Abkommen nicht unterzeichnet hat. Dieselbe DUP, die derzeit Nordirland im britischen Unterhaus vertritt. \/o\\\">1<\/a><\/sup> \u00dcberhaupt in die <i>Tagesschau<\/i> schaffte es der Wiederg\u00e4nger der <i>troubles<\/i>, weil eine junge Journalistin dabei ums Leben gekommen war: Lyra McKee.<\/p>\n<p>Durch das Brexit-Schlamassel wird in letzter Zeit der B\u00fcrgerkrieg in Nordirland wieder Thema. McKee schrieb 2016 \u00fcber ein auf den ersten Blick paradoxes Detail: Nach der Friedensvereinbarungen stieg die Selbstmordrate unter jungen Menschen in Nordirland stark an.<br \/>\n<a href=\"https:\/\/mosaicscience.com\/story\/conflict-suicide-northern-ireland\/\" rel=\"noopener noreferrer\" target=\"_blank\">&#8220;Suicide of the Ceasefire Babies&#8221;.<\/a><\/p>\n<p>via <a href=\"https:\/\/twitter.com\/Christiane\" rel=\"noopener noreferrer\" target=\"_blank\">@Christiane<\/a> <img loading=\"lazy\" decoding=\"async\" src=\"https:\/\/vg06.met.vgwort.de\/na\/06b478c7494947ada0579a7dd321ea5e\" width=\"1\" height=\"1\" alt=\"\"\/><\/p>\n<ol class=\"footnotes\"><li id=\"footnote_1_51488\" class=\"footnote\">Beim Recherchieren stie\u00df ich auf den Umstand, dass die Democratic Unionist Party (DUP) dieses Abkommen nicht unterzeichnet hat. Dieselbe DUP, die derzeit Nordirland im britischen Unterhaus vertritt. \/o\\<span class=\"footnote-back-link-wrapper\"> [<a href=\"#identifier_1_51488\" class=\"footnote-link footnote-back-link\">&#8617;<\/a>]<\/span><\/li><\/ol>","protected":false},"excerpt":{"rendered":"<p>Erschlagen aufgewacht, weil mich in der Nacht zuvor die Beinschmerzen lange Stunden nicht einschlafen lie\u00dfen. Ein strahlender Fr\u00fchlingstag. Beim Radeln zum Schwimmen im Olympiabad war ich noch froh \u00fcber meine Strickjacke, beim Heimradeln h\u00e4tte ich sie nicht mehr gebraucht. Das Becken war \u00fcberraschend voll (ich hatte damit gerechnet, dass bei diesem Prachtwetter Schwimmen in einer [&hellip;]<\/p>\n","protected":false},"author":2,"featured_media":0,"comment_status":"open","ping_status":"closed","sticky":false,"template":"","format":"standard","meta":{"footnotes":""},"categories":[6,1],"tags":[],"class_list":["post-51488","post","type-post","status-publish","format-standard","hentry","category-essen","category-general"],"_links":{"self":[{"href":"https:\/\/www.vorspeisenplatte.de\/speisen\/wp-json\/wp\/v2\/posts\/51488","targetHints":{"allow":["GET"]}}],"collection":[{"href":"https:\/\/www.vorspeisenplatte.de\/speisen\/wp-json\/wp\/v2\/posts"}],"about":[{"href":"https:\/\/www.vorspeisenplatte.de\/speisen\/wp-json\/wp\/v2\/types\/post"}],"author":[{"embeddable":true,"href":"https:\/\/www.vorspeisenplatte.de\/speisen\/wp-json\/wp\/v2\/users\/2"}],"replies":[{"embeddable":true,"href":"https:\/\/www.vorspeisenplatte.de\/speisen\/wp-json\/wp\/v2\/comments?post=51488"}],"version-history":[{"count":3,"href":"https:\/\/www.vorspeisenplatte.de\/speisen\/wp-json\/wp\/v2\/posts\/51488\/revisions"}],"predecessor-version":[{"id":66721,"href":"https:\/\/www.vorspeisenplatte.de\/speisen\/wp-json\/wp\/v2\/posts\/51488\/revisions\/66721"}],"wp:attachment":[{"href":"https:\/\/www.vorspeisenplatte.de\/speisen\/wp-json\/wp\/v2\/media?parent=51488"}],"wp:term":[{"taxonomy":"category","embeddable":true,"href":"https:\/\/www.vorspeisenplatte.de\/speisen\/wp-json\/wp\/v2\/categories?post=51488"},{"taxonomy":"post_tag","embeddable":true,"href":"https:\/\/www.vorspeisenplatte.de\/speisen\/wp-json\/wp\/v2\/tags?post=51488"}],"curies":[{"name":"wp","href":"https:\/\/api.w.org\/{rel}","templated":true}]}}