{"id":51618,"date":"2019-04-27T08:02:27","date_gmt":"2019-04-27T06:02:27","guid":{"rendered":"https:\/\/www.vorspeisenplatte.de\/speisen\/?p=51618"},"modified":"2019-04-27T08:05:02","modified_gmt":"2019-04-27T06:05:02","slug":"journal-freitag-26-april-2019-migraene-bitte-nicht-wecken","status":"publish","type":"post","link":"https:\/\/www.vorspeisenplatte.de\/speisen\/2019\/04\/journal-freitag-26-april-2019-migraene-bitte-nicht-wecken.htm","title":{"rendered":"Journal Freitag, 26. April 2019 &#8211; Migr\u00e4ne, bitte nicht wecken"},"content":{"rendered":"<p>Bis f\u00fcnf Uhr morgens konnte ich bei gelegentlichem Aufwachen das Kopfweh ignorieren, doch dann wurde es b\u00f6se, brachte weitere Symptome mit und machte klar: Migr\u00e4ne.<\/p>\n<p>Also klebte ich einen Zettel &#8220;Migr\u00e4ne &#8211; bitte nicht wecken&#8221; an meine Schlafzimmert\u00fcr, um den f\u00fcrsorglichen Herrn Kaltmamsell davon abzuhalten, mich rechtzeitig f\u00fcr die Arbeit aus dem Bett zu holen, und setzte mein Triptan-Nasenspray ein.<\/p>\n<p>Ich stellte den Wecker auf acht Uhr, stand dann kurz auf, um telefonisch einen morgentlichen Orthop\u00e4dentermin abzusagen und mich in der Arbeit krank zu melden. Zur\u00fcck ins Bett, wo ich bis kurz vor zw\u00f6lf schlief. (Und dann so bald wie m\u00f6glich bei meiner Haus\u00e4rztin anrief, um ein neues Rezept f\u00fcr das Migr\u00e4nemittel zu bestellen; ich hatte morgens meine letzte Dosis aufgebraucht.)<\/p>\n<p>Nach zwei Stunden mit bl\u00f6dem Geschau und etwas Kaffee war ich so weit auf der H\u00f6he, dass ich mich duschen und anziehen konnte f\u00fcr einen Einkaufsgang ums Eck. Es war empfindlich k\u00fchl geworden, der Himmel versprach Regen. Als ich zur\u00fcck kam, begann es zu tr\u00f6pfeln, doch \u00fcber ein paar unge\u00fcbte Spritzer kam der Regen bis abends nicht hinaus.<\/p>\n<p>Gegen Abend hatte mich die Migr\u00e4ne genug von der Leine gelassen, dass ich mich an den B\u00fcgelberg machen konnte und ihn zu gro\u00dfen Teilen abtrug. Zum Nachtmahl servierte Herr Kaltmamsell Freitags-Entrec\u00f4te vom Herrmannsdorfer mit Ernteanteilspinatkichererbsen, zum Nachtisch gab&#8217;s frische Ananas mit Eiscreme.<\/p>\n<p>\u00a7<\/p>\n<p>Genau das hatte ich in der vergangenen Sommerwoche gedacht: Passt bitte gerade jetzt auf die depressiven Menschen in eurer N\u00e4he auf. Till Raether schreibt f\u00fcr die <i>SZ<\/i> auf:<br \/>\n<a href=\"https:\/\/sz-magazin.sueddeutsche.de\/gesundheit\/depression-fruehling-gesundheit-87201\" rel=\"noopener noreferrer\" target=\"_blank\">&#8220;Fr\u00fchling ist die grausamste Jahreszeit&#8221;.<\/a><\/p>\n<p>Was Raether ausl\u00e4sst: Die meisten Suizide passieren eben nicht im November, auch nicht an einsamen Weihnachtstagen, sondern im Fr\u00fchling. Die dunkle Jahreszeit und ein Weihnachen ohne Familie enthalten n\u00e4mlich immer noch die Hoffnung, dass es besser werden k\u00f6nnte. Dann kommen Sonne, kommen W\u00e4rme, l\u00e4ngere Tage &#8211; doch die Seele bleibt d\u00fcster. Jetzt verlieren Depressive oft die letzte Hoffnung, es k\u00f6nnte jemals anders werden. <img loading=\"lazy\" decoding=\"async\" src=\"https:\/\/vg06.met.vgwort.de\/na\/31c0755316444872bd617073a6803c37\" width=\"1\" height=\"1\" alt=\"\"\/><\/p>\n","protected":false},"excerpt":{"rendered":"<p>Bis f\u00fcnf Uhr morgens konnte ich bei gelegentlichem Aufwachen das Kopfweh ignorieren, doch dann wurde es b\u00f6se, brachte weitere Symptome mit und machte klar: Migr\u00e4ne. Also klebte ich einen Zettel &#8220;Migr\u00e4ne &#8211; bitte nicht wecken&#8221; an meine Schlafzimmert\u00fcr, um den f\u00fcrsorglichen Herrn Kaltmamsell davon abzuhalten, mich rechtzeitig f\u00fcr die Arbeit aus dem Bett zu holen, [&hellip;]<\/p>\n","protected":false},"author":2,"featured_media":0,"comment_status":"open","ping_status":"closed","sticky":false,"template":"","format":"standard","meta":{"footnotes":""},"categories":[1],"tags":[],"class_list":["post-51618","post","type-post","status-publish","format-standard","hentry","category-general"],"_links":{"self":[{"href":"https:\/\/www.vorspeisenplatte.de\/speisen\/wp-json\/wp\/v2\/posts\/51618","targetHints":{"allow":["GET"]}}],"collection":[{"href":"https:\/\/www.vorspeisenplatte.de\/speisen\/wp-json\/wp\/v2\/posts"}],"about":[{"href":"https:\/\/www.vorspeisenplatte.de\/speisen\/wp-json\/wp\/v2\/types\/post"}],"author":[{"embeddable":true,"href":"https:\/\/www.vorspeisenplatte.de\/speisen\/wp-json\/wp\/v2\/users\/2"}],"replies":[{"embeddable":true,"href":"https:\/\/www.vorspeisenplatte.de\/speisen\/wp-json\/wp\/v2\/comments?post=51618"}],"version-history":[{"count":3,"href":"https:\/\/www.vorspeisenplatte.de\/speisen\/wp-json\/wp\/v2\/posts\/51618\/revisions"}],"predecessor-version":[{"id":51631,"href":"https:\/\/www.vorspeisenplatte.de\/speisen\/wp-json\/wp\/v2\/posts\/51618\/revisions\/51631"}],"wp:attachment":[{"href":"https:\/\/www.vorspeisenplatte.de\/speisen\/wp-json\/wp\/v2\/media?parent=51618"}],"wp:term":[{"taxonomy":"category","embeddable":true,"href":"https:\/\/www.vorspeisenplatte.de\/speisen\/wp-json\/wp\/v2\/categories?post=51618"},{"taxonomy":"post_tag","embeddable":true,"href":"https:\/\/www.vorspeisenplatte.de\/speisen\/wp-json\/wp\/v2\/tags?post=51618"}],"curies":[{"name":"wp","href":"https:\/\/api.w.org\/{rel}","templated":true}]}}