{"id":51635,"date":"2019-04-28T08:54:31","date_gmt":"2019-04-28T06:54:31","guid":{"rendered":"https:\/\/www.vorspeisenplatte.de\/speisen\/?p=51635"},"modified":"2019-04-28T08:54:31","modified_gmt":"2019-04-28T06:54:31","slug":"journal-samstag-27-april-2019-schwimmen-radeln-nach-haar","status":"publish","type":"post","link":"https:\/\/www.vorspeisenplatte.de\/speisen\/2019\/04\/journal-samstag-27-april-2019-schwimmen-radeln-nach-haar.htm","title":{"rendered":"Journal Samstag, 27. April 2019 &#8211; Schwimmen, Radeln nach Haar"},"content":{"rendered":"<p>Gestern war eigentlich Theresienwiesenflohmarkt &#8211; aber dieses Jahr hatte ich \u00fcberhaupt kein Interesse. Das lag nicht mal daran, dass es morgens regnete (endlich! aber viel zu wenig), ich mochte einfach nicht.<\/p>\n<p>Statt dessen radelte ich ins Olympiabad (um 10 Uhr war der Regen bereits vorbei), denn am schwimmfreundlicheren Sonntag w\u00fcrde ich keine Zeit haben. Diesmal war ich darauf vorbereitet, dass nur zwei der f\u00fcnf Bahnen im Trainingsbecken beschwimmbar sein w\u00fcrden, weil die anderen drei bis 12 Uhr von Sportturmspringern gebraucht wurden. Doch diese beiden Bahnen waren wirklich elend voll.<\/p>\n<p>Ich schwamm 3300 Meter &#8211; vielleicht, denn ich wechselte so oft die Schwimmrichtung in der Bahn, um Pulken von Langsamschwimmenden auszuweichen, dass das Bahnenz\u00e4hlen sehr vage wurde. Erst am Ende meiner Strecke lichtete sich die Bahn, weil nun alle f\u00fcnf ge\u00f6ffnet waren; jetzt legte ich noch einige Runden drauf.<\/p>\n<p>Auf dem Heimweg ein paar Eink\u00e4ufe, zu Hause gab&#8217;s zum Fr\u00fchst\u00fcck Reste vom Vorabend (Kichererbsen und Spinat), Toast sowie Blutorangen mit H\u00fcttenk\u00e4se. Ich bereitete als Nachtisch f\u00fcr Sonntagsg\u00e4ste <i>Flan de queso<\/i> (habe die Variante einfach <a href=\"https:\/\/www.vorspeisenplatte.de\/rezepte\/flan-orangenflan.htm\" rel=\"noopener noreferrer\" target=\"_blank\">in meinem Flan-Rezept<\/a> erg\u00e4nzt) und b\u00fcgelte den restlichen W\u00e4scheberg nieder.<\/p>\n<p>Auf Twitter der Hinweis, dass auch die <i>S\u00fcddeutsche<\/i> die Aktion und das Buch <i>Kunstgeschichte als Brotbelag<\/i> aufgriff. (Titus Arnu sieht das Blog <a href=\"http:\/\/readonmydear.com\/\" rel=\"noopener noreferrer\" target=\"_blank\"><i>Read on my Dear, read on.<\/i><\/a> als &#8220;kuriose Kurzgeschichen&#8221;? Dass Bloggen in seiner urspr\u00fcnglichen Form v\u00f6llig an ihm vorbeigegangen ist, hatte ich nicht erwartet.)<\/p>\n<p><a href=\"https:\/\/www.vorspeisenplatte.de\/speisen\/archiv\/190427_01_Sueddeutsche.jpg\"><img loading=\"lazy\" decoding=\"async\" src=\"https:\/\/www.vorspeisenplatte.de\/speisen\/archiv\/190427_01_Sueddeutsche.jpg\" alt=\"\" width=\"363\" height=\"484\" class=\"alignnone size-full wp-image-51639\" \/><\/a><\/p>\n<p>Abends war ich bei einer Freundin in Haar eingeladen. Diese Gegend des M\u00fcnchner Ostens kenne ich gar nicht, au\u00dferdem hatte ich Lust auf mehr frische Luft, also beschloss ich, die 14 Kilometer dort hinaus zu radeln (f\u00fcr den R\u00fcckweg konnte ich mein Rad ja bei M\u00fcdigkeit in die S-Bahn packen). Die lange Wasserburger Landstra\u00dfe ist jetzt nicht gerade Sightseeing-tauglich, ich genoss die Fahrt dennoch &#8211; und lie\u00df mir von meiner Gastgeberin den Tipp geben, das n\u00e4chste Mal zwischen Ostbahnhof und Haar ein St\u00fcck <a href=\"https:\/\/www.bay-rad.de\/radler\/rw\/rw_105.htm\" rel=\"noopener noreferrer\" target=\"_blank\">des Isar-Inn-Panoramawegs<\/a> zu radeln.<\/p>\n<p>Ich bekam k\u00f6stliche Empanada mit Thunfisch und sch\u00f6ne Gespr\u00e4che bis in die Nacht. Dazwischen regnete es wieder ein bisschen, doch als ich den Heimweg antrat, war es schon wieder trocken, ich sah sogar Sterne am Himmel. Die Wasserburger Landstra\u00dfe\/Kreillerstra\u00dfe war nicht aufregender geworden, doch wieder genoss ich die Bewegung.<\/p>\n<p>\u00a7<\/p>\n<p>Was Abschiebung mit Menschen macht:<br \/>\n&#8220;Die Kinder des Bosnienkriegs &#8211; 23 Jahre sp\u00e4ter&#8221;.<\/p>\n<div class=\"video-wrapped\" style=\"width: 500px; height: 281px; background-image: url('https:\/\/www.vorspeisenplatte.de\/speisen\/wp-content\/plugins\/video-embed-privacy\/preview\/s53nwHYA3O0.jpg')\" data-embed-frame=\"&lt;iframe title=&quot;Die Kinder des Bosnienkriegs - 23 Jahre sp\u00e4ter&quot; width=&quot;500&quot; height=&quot;281&quot; src=&quot;https:\/\/www.youtube.com\/embed\/s53nwHYA3O0?feature=oembed&quot; frameborder=&quot;0&quot; allow=&quot;accelerometer; autoplay; clipboard-write; encrypted-media; gyroscope; picture-in-picture; web-share&quot; referrerpolicy=&quot;strict-origin-when-cross-origin&quot; allowfullscreen&gt;&lt;\/iframe&gt;\" data-embed-play=\"Abspielen&lt;div class=&quot;small&quot;&gt;Das Video wird von Youtube eingebettet abespielt. Es gilt die &lt;a href=&quot;https:\/\/www.google.com\/intl\/de\/policies\/privacy\/&quot; target=&quot;_blank&quot;&gt;Datenschutzerkl\u00e4rung von Google&lt;\/a&gt;&lt;\/div&gt;\">\n<div class=\"video-wrapped-nojs\">Aktivieren Sie JavaScript um das Video zu sehen.<br \/><a href=\"https:\/\/youtu.be\/s53nwHYA3O0\">https:\/\/youtu.be\/s53nwHYA3O0<\/a><\/div>\n<\/div>\n<p><img loading=\"lazy\" decoding=\"async\" src=\"https:\/\/vg06.met.vgwort.de\/na\/6f250f7d33dc4f3aaf1db733e4006fb0\" width=\"1\" height=\"1\" alt=\"\"\/><\/p>\n","protected":false},"excerpt":{"rendered":"<p>Gestern war eigentlich Theresienwiesenflohmarkt &#8211; aber dieses Jahr hatte ich \u00fcberhaupt kein Interesse. Das lag nicht mal daran, dass es morgens regnete (endlich! aber viel zu wenig), ich mochte einfach nicht. Statt dessen radelte ich ins Olympiabad (um 10 Uhr war der Regen bereits vorbei), denn am schwimmfreundlicheren Sonntag w\u00fcrde ich keine Zeit haben. Diesmal [&hellip;]<\/p>\n","protected":false},"author":2,"featured_media":0,"comment_status":"open","ping_status":"closed","sticky":false,"template":"","format":"standard","meta":{"footnotes":""},"categories":[6,1],"tags":[],"class_list":["post-51635","post","type-post","status-publish","format-standard","hentry","category-essen","category-general"],"_links":{"self":[{"href":"https:\/\/www.vorspeisenplatte.de\/speisen\/wp-json\/wp\/v2\/posts\/51635","targetHints":{"allow":["GET"]}}],"collection":[{"href":"https:\/\/www.vorspeisenplatte.de\/speisen\/wp-json\/wp\/v2\/posts"}],"about":[{"href":"https:\/\/www.vorspeisenplatte.de\/speisen\/wp-json\/wp\/v2\/types\/post"}],"author":[{"embeddable":true,"href":"https:\/\/www.vorspeisenplatte.de\/speisen\/wp-json\/wp\/v2\/users\/2"}],"replies":[{"embeddable":true,"href":"https:\/\/www.vorspeisenplatte.de\/speisen\/wp-json\/wp\/v2\/comments?post=51635"}],"version-history":[{"count":3,"href":"https:\/\/www.vorspeisenplatte.de\/speisen\/wp-json\/wp\/v2\/posts\/51635\/revisions"}],"predecessor-version":[{"id":51645,"href":"https:\/\/www.vorspeisenplatte.de\/speisen\/wp-json\/wp\/v2\/posts\/51635\/revisions\/51645"}],"wp:attachment":[{"href":"https:\/\/www.vorspeisenplatte.de\/speisen\/wp-json\/wp\/v2\/media?parent=51635"}],"wp:term":[{"taxonomy":"category","embeddable":true,"href":"https:\/\/www.vorspeisenplatte.de\/speisen\/wp-json\/wp\/v2\/categories?post=51635"},{"taxonomy":"post_tag","embeddable":true,"href":"https:\/\/www.vorspeisenplatte.de\/speisen\/wp-json\/wp\/v2\/tags?post=51635"}],"curies":[{"name":"wp","href":"https:\/\/api.w.org\/{rel}","templated":true}]}}