{"id":51646,"date":"2019-04-29T06:27:12","date_gmt":"2019-04-29T04:27:12","guid":{"rendered":"https:\/\/www.vorspeisenplatte.de\/speisen\/?p=51646"},"modified":"2019-04-29T06:27:12","modified_gmt":"2019-04-29T04:27:12","slug":"journal-sonntag-28-april-2019-gaestezicklein-und-videokonferenz","status":"publish","type":"post","link":"https:\/\/www.vorspeisenplatte.de\/speisen\/2019\/04\/journal-sonntag-28-april-2019-gaestezicklein-und-videokonferenz.htm","title":{"rendered":"Journal Sonntag, 28. April 2019 &#8211; G\u00e4stezicklein und Videokonferenz"},"content":{"rendered":"<p>Ausgeschlafen, gebloggt und Milchkaffee getrunken, Wohnung f\u00fcr lieben Besuch fein gemacht.<\/p>\n<p>Die G\u00e4ste kamen zu Mittag, Herr Kaltmamsell hatte Zicklein am Viktualienmarkt besorgt, garte es schlicht mit Salz und Pfeffer gew\u00fcrzt im Ofen und servierte es mit Graupen-Tomate-Feta-Beilage. Als Vorspeise hatte er <a href=\"https:\/\/www.vorspeisenplatte.de\/rezepte\/gegrillte-auberginen-mit-safranjoghurt.htm\" rel=\"noopener noreferrer\" target=\"_blank\">Auberginen mit Safranjoghurt<\/a> zubereitet, zum Nachtisch gab es Flan aus meiner Hand. Und ich habe jetzt eine sich \u00f6ffnende Pfingstrose im Wohnzimmer, gew\u00fcrzte Butter zum Kochen sowie edlen Pfirsichschaumwein im K\u00fchlschrank.<\/p>\n<p>Nach dem Essen gingen wir noch eine Runde spazieren \u00fcber den Alten S\u00fcdfriedhof (Wetter: trocken, wolkig und kalt), sahen viele Eichh\u00f6rnchen.<\/p>\n<p>Zur\u00fcck daheim Vorbereitungen <a href=\"https:\/\/19.re-publica.com\/de\/session\/twitterlesung-2\" rel=\"noopener noreferrer\" target=\"_blank\">f\u00fcr meinen re:publica-Einsatz<\/a> und Lekt\u00fcre der Wochendendzeitung. Nach der Tagesschau Videokonferenz bis Mitternacht zur Vorbereitung der re:publica-Show.<\/p>\n<p>\u00a7<\/p>\n<p>W\u00e4re das also auch endlich gekl\u00e4rt:<\/p>\n<p><a href=\"https:\/\/www.vorspeisenplatte.de\/speisen\/archiv\/Twitter_Healty_Life.jpeg\"><img loading=\"lazy\" decoding=\"async\" src=\"https:\/\/www.vorspeisenplatte.de\/speisen\/archiv\/Twitter_Healty_Life.jpeg\" alt=\"\" width=\"525\" height=\"569\" class=\"alignnone size-full wp-image-51647\" \/><\/a><\/p>\n","protected":false},"excerpt":{"rendered":"<p>Ausgeschlafen, gebloggt und Milchkaffee getrunken, Wohnung f\u00fcr lieben Besuch fein gemacht. Die G\u00e4ste kamen zu Mittag, Herr Kaltmamsell hatte Zicklein am Viktualienmarkt besorgt, garte es schlicht mit Salz und Pfeffer gew\u00fcrzt im Ofen und servierte es mit Graupen-Tomate-Feta-Beilage. Als Vorspeise hatte er Auberginen mit Safranjoghurt zubereitet, zum Nachtisch gab es Flan aus meiner Hand. Und [&hellip;]<\/p>\n","protected":false},"author":2,"featured_media":0,"comment_status":"open","ping_status":"closed","sticky":false,"template":"","format":"standard","meta":{"footnotes":""},"categories":[1],"tags":[],"class_list":["post-51646","post","type-post","status-publish","format-standard","hentry","category-general"],"_links":{"self":[{"href":"https:\/\/www.vorspeisenplatte.de\/speisen\/wp-json\/wp\/v2\/posts\/51646","targetHints":{"allow":["GET"]}}],"collection":[{"href":"https:\/\/www.vorspeisenplatte.de\/speisen\/wp-json\/wp\/v2\/posts"}],"about":[{"href":"https:\/\/www.vorspeisenplatte.de\/speisen\/wp-json\/wp\/v2\/types\/post"}],"author":[{"embeddable":true,"href":"https:\/\/www.vorspeisenplatte.de\/speisen\/wp-json\/wp\/v2\/users\/2"}],"replies":[{"embeddable":true,"href":"https:\/\/www.vorspeisenplatte.de\/speisen\/wp-json\/wp\/v2\/comments?post=51646"}],"version-history":[{"count":3,"href":"https:\/\/www.vorspeisenplatte.de\/speisen\/wp-json\/wp\/v2\/posts\/51646\/revisions"}],"predecessor-version":[{"id":51651,"href":"https:\/\/www.vorspeisenplatte.de\/speisen\/wp-json\/wp\/v2\/posts\/51646\/revisions\/51651"}],"wp:attachment":[{"href":"https:\/\/www.vorspeisenplatte.de\/speisen\/wp-json\/wp\/v2\/media?parent=51646"}],"wp:term":[{"taxonomy":"category","embeddable":true,"href":"https:\/\/www.vorspeisenplatte.de\/speisen\/wp-json\/wp\/v2\/categories?post=51646"},{"taxonomy":"post_tag","embeddable":true,"href":"https:\/\/www.vorspeisenplatte.de\/speisen\/wp-json\/wp\/v2\/tags?post=51646"}],"curies":[{"name":"wp","href":"https:\/\/api.w.org\/{rel}","templated":true}]}}