{"id":52,"date":"2003-10-17T21:04:49","date_gmt":"2003-10-17T19:04:49","guid":{"rendered":"https:\/\/www.vorspeisenplatte.de\/speisen\/2003\/10\/paschen.htm"},"modified":"2005-11-07T10:18:12","modified_gmt":"2005-11-07T09:18:12","slug":"paschen","status":"publish","type":"post","link":"https:\/\/www.vorspeisenplatte.de\/speisen\/2003\/10\/paschen.htm","title":{"rendered":"Paschen"},"content":{"rendered":"<p>Das Erwachsensein hat positive Seite. Dazu geh\u00f6rt, dass man so fr\u00fch ins Bett gehen kann wie man will. Auch muss man seine B\u00fccher nicht mehr leer lesen.<\/p>\n<p>Mein Erwachsensein hat sich heute ein weiteres Mal positivst manifestiert: Der erste Teil meiner <a href=\"http:\/\/www.paschen.de\/\" target=_new>Paschen<\/a>-Bibliothek wurde angeliefert.<\/p>\n<p>Wir erinnern uns: Da, wo ich wohne, hat\u2019s enorm viele B\u00fccher. Hier ein kleiner Ausschnitt:<\/p>\n<p>\n<img BORDER=0 SRC=\"https:\/\/www.vorspeisenplatte.de\/archives_speisen\/Wandschmuck2.jpg\" ALT=\"Wandschmuck2 (20k image)\" HEIGHT=306 WIDTH=389\/><\/p>\n<p>\nDiese B\u00fccher haben die Tendenz, sich heimlich zu vermehren. Das ist auch durch das regelm\u00e4\u00dfige Unkrautj\u00e4ten, das ich unter ihnen betreibe, nicht auszugleichen. Gl\u00fccklicherweise ist dies eine gro\u00dfe Wohnung, und so fand ich eine Wand, die noch Platz f\u00fcr ein Regal bietet.<\/p>\n<p>Nochmal <a href=\"http:\/\/www.lundia-wohnen.de\/Contents\/producten\/index.php?lang=d\" target=_new>Lundia<\/a> kam nicht in Frage, ich habe keine Lust mehr auf Selbstbasteln. Warum also nicht gleich zur K\u00f6nigsklasse der privaten Bibliothekssysteme greifen? Dass Paschen wirklich Regale f\u00fcr B\u00fccher macht, ist allein schon daran zu sehen, dass die Brett-Tiefe bei 16,9 cm beginnt. Das durchschnittliche M\u00f6belhaus hat kein Regal unter 25 cm Tiefe. Kann ja wohl nur von Menschen entworfen sein, die nur Kunstb\u00e4nde haben. Oder am Ende Taschenb\u00fccher doppelreihig aufbewahren?!<\/p>\n<p>So klingelten heute Vormittag zwei Herren im Blaumann an der T\u00fcr und bauten das Regal auf. Bei sowas verkr\u00fcmle ich mich ja gerne diskret, aber einer der Herren dr\u00e4ngte mir angesichts der Flaschen in der K\u00fcche ein Gespr\u00e4ch \u00fcber spanische Weine auf. Er schien sich wirklich auszukennen &#8211; heutzutage kann man sich nicht mal mehr bei den einfachsten Handwerkern auf Bildungsmangel verlassen. Allerdings hat niemand behauptet, Snobismus sei einfach.<br \/>\nMorgen wird meine Bibliothek umstrukturiert und umger\u00e4umt. Dann gibt\u2019s ein Foto vom neuen Regal.<\/p>\n","protected":false},"excerpt":{"rendered":"<p>Das Erwachsensein hat positive Seite. Dazu geh\u00f6rt, dass man so fr\u00fch ins Bett gehen kann wie man will. Auch muss man seine B\u00fccher nicht mehr leer lesen. Mein Erwachsensein hat sich heute ein weiteres Mal positivst manifestiert: Der erste Teil meiner Paschen-Bibliothek wurde angeliefert. Wir erinnern uns: Da, wo ich wohne, hat\u2019s enorm viele B\u00fccher. [&hellip;]<\/p>\n","protected":false},"author":2,"featured_media":0,"comment_status":"open","ping_status":"open","sticky":false,"template":"","format":"standard","meta":{"footnotes":""},"categories":[2,1],"tags":[],"class_list":["post-52","post","type-post","status-publish","format-standard","hentry","category-fotos","category-general"],"_links":{"self":[{"href":"https:\/\/www.vorspeisenplatte.de\/speisen\/wp-json\/wp\/v2\/posts\/52","targetHints":{"allow":["GET"]}}],"collection":[{"href":"https:\/\/www.vorspeisenplatte.de\/speisen\/wp-json\/wp\/v2\/posts"}],"about":[{"href":"https:\/\/www.vorspeisenplatte.de\/speisen\/wp-json\/wp\/v2\/types\/post"}],"author":[{"embeddable":true,"href":"https:\/\/www.vorspeisenplatte.de\/speisen\/wp-json\/wp\/v2\/users\/2"}],"replies":[{"embeddable":true,"href":"https:\/\/www.vorspeisenplatte.de\/speisen\/wp-json\/wp\/v2\/comments?post=52"}],"version-history":[{"count":0,"href":"https:\/\/www.vorspeisenplatte.de\/speisen\/wp-json\/wp\/v2\/posts\/52\/revisions"}],"wp:attachment":[{"href":"https:\/\/www.vorspeisenplatte.de\/speisen\/wp-json\/wp\/v2\/media?parent=52"}],"wp:term":[{"taxonomy":"category","embeddable":true,"href":"https:\/\/www.vorspeisenplatte.de\/speisen\/wp-json\/wp\/v2\/categories?post=52"},{"taxonomy":"post_tag","embeddable":true,"href":"https:\/\/www.vorspeisenplatte.de\/speisen\/wp-json\/wp\/v2\/tags?post=52"}],"curies":[{"name":"wp","href":"https:\/\/api.w.org\/{rel}","templated":true}]}}