{"id":52187,"date":"2019-05-27T08:29:24","date_gmt":"2019-05-27T06:29:24","guid":{"rendered":"https:\/\/www.vorspeisenplatte.de\/speisen\/?p=52187"},"modified":"2026-03-17T14:50:32","modified_gmt":"2026-03-17T13:50:32","slug":"journal-samstag-sonntag-25-26-mai-2019-das-rosenfest-und-open-house","status":"publish","type":"post","link":"https:\/\/www.vorspeisenplatte.de\/speisen\/2019\/05\/journal-samstag-sonntag-25-26-mai-2019-das-rosenfest-und-open-house.htm","title":{"rendered":"Journal Samstag\/Sonntag, 25.\/26. Mai 2019 &#8211; Das Rosenfest und Open House"},"content":{"rendered":"<p>Die gro\u00dfen Gef\u00fchle ums gro\u00dfe Fest warfen mich weiter umher: Nun musste ich Absagen in letzter Minute und deshalb aus traurigen Gr\u00fcnden verarbeiten.<\/p>\n<p>Samstagvormittag holte ich das Outfit f\u00fcrs Fest ab, spazierte damit durch einen sonnigen Tag. W\u00e4hrend dessen hatten unsere formidablen Festorganisatorinnen unser Sofa abgeholt, es spielte auf dem Fest eine Rolle.<\/p>\n<p>Treffen mit <a href=\"https:\/\/anders-anziehen.blogspot.com\/\" rel=\"noopener noreferrer\" target=\"_blank\">der Fotografin<\/a> des gro\u00dfen Fests. Wie ich es bei ersten physischen Treffen mit Bloggerinnen gewohnt bin, waren wir innerhalb von drei S\u00e4tzen beim Eingemachten. Und ich erfuhr, dass Smilla bald unter neuer Adresse weiterbloggen wird, hurra!<\/p>\n<p>Daheim Fr\u00fchst\u00fcck und Zeitunglesen in verh\u00e4ltnism\u00e4\u00dfiger innerer Ruhe.<\/p>\n<p>Ab 16 Uhr machte ich mich fertig.<\/p>\n<p><a href=\"https:\/\/www.vorspeisenplatte.de\/speisen\/archiv\/190525_01_Frack.jpg\"><img loading=\"lazy\" decoding=\"async\" src=\"https:\/\/www.vorspeisenplatte.de\/speisen\/archiv\/190525_01_Frack.jpg\" alt=\"\" width=\"364\" height=\"464\" class=\"alignnone size-full wp-image-52205\" \/><\/a><\/p>\n<p><a href=\"https:\/\/www.vorspeisenplatte.de\/speisen\/archiv\/190525_08_Frack.jpg\"><img loading=\"lazy\" decoding=\"async\" src=\"https:\/\/www.vorspeisenplatte.de\/speisen\/archiv\/190525_08_Frack.jpg\" alt=\"\" width=\"340\" height=\"488\" class=\"alignnone size-full wp-image-52206\" \/><\/a><\/p>\n<p>Das Outfit meiner Tr\u00e4ume seit vielen Jahren: Ich wusste, dass mir ein Frack ausgezeichnet stehen w\u00fcrde (nein, das ist nicht hochn\u00e4sig, sondern n\u00fcchtern) &#8211; doch zu welcher Gelegenheit kann man bitte Frack tragen? Nicht mal bei den Oscars tr\u00e4gt man White Tie, und meine Aussichten auf einen Nobelpreis sind, seien wir realistisch, verschwindend gering. DAS war die Gelegenheit. Jacke, Hose, Weste hatte ich geliehen; ein Damenmodell fand ich nicht, doch hatte ich bereits mehrfach gute Erfahrungen mit Herrenkleidung gemacht. Man verma\u00df mich und orderte die am n\u00e4chsten kommenden Herrengr\u00f6\u00dfen (jeden Bestandteil einzeln), Jacken\u00e4rmel und Hosenbeine wurden auf die passende L\u00e4nge hochgesteckt. Das Frackhemd lie\u00df ich mir ma\u00dfschneidern: Das gedenke ich durchaus im Alltag zu tragen.<\/p>\n<p>Wie ich es mir seit Jahren vorgestellt hatte, feierten wir im Foyer der Alten Kongresshalle und lie\u00dfen uns jetzt mit einem Taxi hinbringen. Die Zeit bis zum Eintreffen der ersten G\u00e4ste (eingeladen hatten wir f\u00fcr 18 Uhr, die ersten waren schon eine halbe Stunde vorher da) nutzten wir, um uns umzusehen, uns mit den hilfreichen Menschen hinter den Kulissen bekannt zu machen, uns von den Organisatorinnen beruhigen zu lassen &#8211; und Smilla erste Fotos machen zu lassen:<\/p>\n<p><a href=\"https:\/\/www.vorspeisenplatte.de\/speisen\/archiv\/Rosentag_vorauswahl_web-1001.jpg\"><img loading=\"lazy\" decoding=\"async\" src=\"https:\/\/www.vorspeisenplatte.de\/speisen\/archiv\/Rosentag_vorauswahl_web-1001.jpg\" alt=\"\" width=\"350\" height=\"525\" class=\"size-full wp-image-52208\" \/><\/a><\/p>\n<p><a href=\"https:\/\/www.vorspeisenplatte.de\/speisen\/archiv\/Rosentag_vorauswahl_web-1002.jpg\"><img loading=\"lazy\" decoding=\"async\" src=\"https:\/\/www.vorspeisenplatte.de\/speisen\/archiv\/Rosentag_vorauswahl_web-1002.jpg\" alt=\"\" width=\"350\" height=\"525\" class=\"size-full wp-image-52209\" \/><\/a><\/p>\n<p>Fotos oben (zwei): Smilla Dankert.<\/p>\n<p><a href=\"https:\/\/www.vorspeisenplatte.de\/speisen\/archiv\/190525_16_Kongresshalle.jpg\"><img loading=\"lazy\" decoding=\"async\" src=\"https:\/\/www.vorspeisenplatte.de\/speisen\/archiv\/190525_16_Kongresshalle.jpg\" alt=\"\" width=\"393\" height=\"524\" class=\"alignnone size-full wp-image-52212\" \/><\/a><\/p>\n<p>Ab 18 Uhr kamen sie dann: All die wundervollen Menschen aus den vergangenen 25 Jahren, die wir zusammenbringen wollten und die die folgenden Stunden zum Ereignis machten &#8211; ein Saal voller Ehreng\u00e4ste, die mit uns feierten, dass wir seit \u00fcber 25 Jahren ein Paar sind.<\/p>\n<p>(Und jetzt die gro\u00dfe Enth\u00fcllung: In Wirklichkeit war das der 26. Rosentag. Vergangenes Jahr, zum 25. Jahrestag, hatte es einfach nicht gepasst: Es wurde viele andere gro\u00dfe Familienfeste gefeiert, die Alte Kongresshalle war zu keinem der Wunschtermine frei &#8211; da beschlossen wir, dass man das 25. auch ein Jahr sp\u00e4ter feiern kann.)<\/p>\n<p>Erst wurde gegessen. Wir hatten unsere G\u00e4ste nach Themen gruppiert, manche davon waren als Gespr\u00e4chsanl\u00e4sse gedacht. <a href=\"https:\/\/twitter.com\/ankegroener\/status\/1132347757526691845\" rel=\"noopener noreferrer\" target=\"_blank\">Auf Twitter wurde verglichen.<\/a><\/p>\n<p>Ich sprach mit Menschen, die ich viel zu lang nicht mehr gesehen hatte, nahm vertraute Menschen in die Arme, sah, wie Menschen einander kennenlernten, sorgte daf\u00fcr, dass Menschen sich trafen, deren Treffen ich mir lange gew\u00fcnscht hatte.<\/p>\n<p>Ich lie\u00df mir versichern, dass Speisen und Getr\u00e4nke schmeckten (die Pasta aus dem Parmesanleib war die erhoffte Sensation, ebenso der live aufgeschnittene Serranoschinken) &#8211; selbst hatte ich an sich gar keinen Appetit, a\u00df aber vern\u00fcnftigerweise: ein paar sehr gute Vorspeisen, einen Teller Spargel mit Butter (die mit Zitronenschale aromatisiert war &#8211; sehr gute Idee), freute mich dar\u00fcber, dass die ausgesuchten Speisen auch in der gr\u00f6\u00dferen Dimension so gut schmeckten, wie wir es beim Probeessen erlebt hatten. Mit Alkohol hielt ich mich bis auf Begr\u00fc\u00dfungssekt und einem Gin Tonic weit nach Mitternacht zur\u00fcck.<\/p>\n<p>Nach dem Essen gab es im Erdgescho\u00df Cocktails und Tanz. Dass ich im Frack ziemlich schwitzen w\u00fcrde, hatte ich eingerechnet &#8211; ein Frack hat keine ablegbaren Teile.<\/p>\n<p>Bilder, wie das Fest von drau\u00dfen aussah:<br \/>\nvon <a href=\"https:\/\/www.instagram.com\/p\/Bx5a_fiI6bX\/\" rel=\"noopener noreferrer\" target=\"_blank\">@tommdidomm<\/a><br \/>\nvon <a href=\"https:\/\/www.instagram.com\/p\/Bx5fkKjA9C_\/\" rel=\"noopener noreferrer\" target=\"_blank\">@joel_lux<\/a><br \/>\n<a href=\"https:\/\/twitter.com\/dentaku\/status\/1132584497353035777\" rel=\"noopener noreferrer\" target=\"_blank\">von @dentaku<\/a><\/p>\n<p>\u00dcber die Stunden erwies sich, dass meine Idee aufgegangen war, mein Wunsch sich erf\u00fcllte: All diese Menschen zusammenzubringen, an einem Ort, ihnen einen Rahmen und einen Raum daf\u00fcr zu bieten, einander zu finden.<\/p>\n<p>Es war schon drei Uhr durch, und hinter uns wurde bereits seit einer Weile zusammenger\u00e4umt, als sich die letzten G\u00e4ste verabschiedeten (manche hatten das in den Stunden davor mehrfach erfolglos versucht und wurden von der geschickten Musikauswahl des DJs immer wieder zur\u00fcck auf die Tanzfl\u00e4che gezogen oder von einem anderen Gast in ein doch noch zu interessantes Gespr\u00e4ch verwickelt).<\/p>\n<p>Organisatorin Franziska fuhr uns nach Hause, mit dem ersten Korb Geschenke &#8211; denn zwar hatten wir in der Einladung beteuert, dass das Kommen der G\u00e4ste Geschenk genug war, aber untersch\u00e4tzt, welch gro\u00dfartige Geschenkideen und -w\u00fcnsche gro\u00dfartige G\u00e4ste nunmal haben. Was uns dann halt doch unerwartet sehr freute. Um einen <a href=\"https:\/\/www.instagram.com\/p\/BwHMxH2hC6W\/\" rel=\"noopener noreferrer\" target=\"_blank\">guten Wunsch von @hakansurat<\/a> abzuwandeln: M\u00f6ge jeder so wunderbare G\u00e4ste haben, wie sie uns beschert wurden.<\/p>\n<p>Kurz vor vier im Bett. Nicht viel geschlafen, weil aufgekratzt mit Adrenalin bis zum Anschlag, zudem Schmerzen von hohen Schuhen und Tanz.<\/p>\n<p>Am Sonntag hatten wir eh den Wecker gestellt: Zum einen wurden uns morgens Sofa und die restlichen Geschenke sowie von uns gestellte Deko gebracht (\u00fcberlegen Sie sich gut, ob Sie ins Eventmanagement gehen wollen: geschlafen wird da offensichtlich eher nicht). Zum anderen hatten wir beim Abschied die G\u00e4ste zu uns eingeladen: Open House.<\/p>\n<p>Und wieder kamen sie, angereiste Familie und sonstige G\u00e4ste, bis zum sp\u00e4ten Nachmittag. Wir hatten restlichen K\u00e4se vom Fest eingepackt, au\u00dferdem war unter den Geschenken eine entz\u00fcckende personalisierte Buttercremetorte gewesen, die wir servieren konnten.<\/p>\n<p><a href=\"https:\/\/www.vorspeisenplatte.de\/speisen\/archiv\/190526_02_Rosentorte.jpg\"><img loading=\"lazy\" decoding=\"async\" src=\"https:\/\/www.vorspeisenplatte.de\/speisen\/archiv\/190526_02_Rosentorte.jpg\" alt=\"\" width=\"333\" height=\"417\" class=\"alignnone size-full wp-image-52213\" \/><\/a><\/p>\n<p>Das kannte ich von Familienfeiern des Herrn Kaltmamsell: Das Fest am n\u00e4chsten Tag ausschleichen lassen. Eine hervorragend Sache, so konnte ich langsam herunterkommen, sah Leute wieder, konnte das eine oder andere Gespr\u00e4ch nachholen, f\u00fcr das auf dem Fest keine Gelegenheit war.<\/p>\n<p>Gegen vier wurde das letzte Gastkind aus dem Mittagsschlaf geholt, es leerte sich die Wohnung. <\/p>\n<p>Europagew\u00e4hlt hatte ich schon per Brief, also r\u00e4umte ich ein wenig, las das gro\u00dfe Fest und seine Folgen im Internet nach. (Ein weiteres sch\u00f6nes Detail: Internetmenschen hatten Internet-ferneren erkl\u00e4rt, was es mit diesem Bloggen auf sich hatte.)<\/p>\n<p>Unter anderem entdeckte ich, <a href=\"https:\/\/twitter.com\/aniella\/status\/1132706529440874498\" rel=\"noopener noreferrer\" target=\"_blank\">dass eine der Gastgeschenkrosen auf gro\u00dfe Fahrt gegangen war<\/a>.<\/p>\n<p>Wattig benebelt im Kopf, wuschig im Herzen von all der Liebe gingen Herr Kaltmamsell und ich noch ein wenig raus in die frische Luft, von der man so viel Gutes h\u00f6rt, vor allem im gestrigen sch\u00f6nen Wetter.<\/p>\n<p><a href=\"https:\/\/www.vorspeisenplatte.de\/speisen\/archiv\/190526_03_Robinie.jpg\"><img loading=\"lazy\" decoding=\"async\" src=\"https:\/\/www.vorspeisenplatte.de\/speisen\/archiv\/190526_03_Robinie.jpg\" alt=\"\" width=\"389\" height=\"469\" class=\"alignnone size-full wp-image-52214\" \/><\/a><\/p>\n<p>Ach guck, die Robinienbl\u00fcte ist kurz vorm Duften.<br \/>\nAuf dem S\u00fcdfriedhof sahen wir sch\u00f6nes Licht, Eichk\u00e4tzchen, dazu Amseln und Buchfinken beim Baden, eine M\u00f6nchsgrasm\u00fccke beim Singen (die sind LAUT).<\/p>\n<p>Daheim noch ein Snack, Mauersegler und Flederm\u00e4use beobachten, Ergebnisse der Europawahl gucken &#8211; dann doch recht fr\u00fch ins Bett. <\/p>\n<p><a href=\"https:\/\/www.vorspeisenplatte.de\/speisen\/2020\/05\/rosenfest-die-ganze-geschichte-bis-zum-grossen-fest.htm\" target=\"_blank\"><i>Ein Jahr sp\u00e4ter schrieb ich auf, wie es \u00fcberhaupt zu diesem Fest gekommen war.<\/i><\/a> <img loading=\"lazy\" decoding=\"async\" src=\"https:\/\/vg06.met.vgwort.de\/na\/fa0e8a67cc844bc789e773425b423e84\" width=\"1\" height=\"1\" alt=\"\"\/><\/p>\n","protected":false},"excerpt":{"rendered":"<p>Die gro\u00dfen Gef\u00fchle ums gro\u00dfe Fest warfen mich weiter umher: Nun musste ich Absagen in letzter Minute und deshalb aus traurigen Gr\u00fcnden verarbeiten. Samstagvormittag holte ich das Outfit f\u00fcrs Fest ab, spazierte damit durch einen sonnigen Tag. W\u00e4hrend dessen hatten unsere formidablen Festorganisatorinnen unser Sofa abgeholt, es spielte auf dem Fest eine Rolle. Treffen mit [&hellip;]<\/p>\n","protected":false},"author":2,"featured_media":0,"comment_status":"open","ping_status":"closed","sticky":false,"template":"","format":"standard","meta":{"footnotes":""},"categories":[2,1],"tags":[],"class_list":["post-52187","post","type-post","status-publish","format-standard","hentry","category-fotos","category-general"],"_links":{"self":[{"href":"https:\/\/www.vorspeisenplatte.de\/speisen\/wp-json\/wp\/v2\/posts\/52187","targetHints":{"allow":["GET"]}}],"collection":[{"href":"https:\/\/www.vorspeisenplatte.de\/speisen\/wp-json\/wp\/v2\/posts"}],"about":[{"href":"https:\/\/www.vorspeisenplatte.de\/speisen\/wp-json\/wp\/v2\/types\/post"}],"author":[{"embeddable":true,"href":"https:\/\/www.vorspeisenplatte.de\/speisen\/wp-json\/wp\/v2\/users\/2"}],"replies":[{"embeddable":true,"href":"https:\/\/www.vorspeisenplatte.de\/speisen\/wp-json\/wp\/v2\/comments?post=52187"}],"version-history":[{"count":3,"href":"https:\/\/www.vorspeisenplatte.de\/speisen\/wp-json\/wp\/v2\/posts\/52187\/revisions"}],"predecessor-version":[{"id":117682,"href":"https:\/\/www.vorspeisenplatte.de\/speisen\/wp-json\/wp\/v2\/posts\/52187\/revisions\/117682"}],"wp:attachment":[{"href":"https:\/\/www.vorspeisenplatte.de\/speisen\/wp-json\/wp\/v2\/media?parent=52187"}],"wp:term":[{"taxonomy":"category","embeddable":true,"href":"https:\/\/www.vorspeisenplatte.de\/speisen\/wp-json\/wp\/v2\/categories?post=52187"},{"taxonomy":"post_tag","embeddable":true,"href":"https:\/\/www.vorspeisenplatte.de\/speisen\/wp-json\/wp\/v2\/tags?post=52187"}],"curies":[{"name":"wp","href":"https:\/\/api.w.org\/{rel}","templated":true}]}}