{"id":52939,"date":"2019-06-28T07:48:06","date_gmt":"2019-06-28T05:48:06","guid":{"rendered":"https:\/\/www.vorspeisenplatte.de\/speisen\/?p=52939"},"modified":"2019-06-28T09:37:35","modified_gmt":"2019-06-28T07:37:35","slug":"journal-donnerstag-27-juni-2019-verschiedene-seiten-von-utrecht","status":"publish","type":"post","link":"https:\/\/www.vorspeisenplatte.de\/speisen\/2019\/06\/journal-donnerstag-27-juni-2019-verschiedene-seiten-von-utrecht.htm","title":{"rendered":"Journal Donnerstag, 27. Juni 2019 &#8211; Verschiedene Seiten von Utrecht"},"content":{"rendered":"<p>Das mit den Wettervorhersagen m\u00fcssen wir hier aber erst noch \u00fcben: Die angek\u00fcndigten 26 Grad f\u00fcr Mittwoch wurden niemals erreicht, daf\u00fcr war der gestrige als dauerbew\u00f6lkt und h\u00f6chstens 21 Grad frisch angek\u00fcndigte Donnerstag von morgens an sonnig und wurde immer w\u00e4rmer bis hei\u00df.<\/p>\n<p>Resultat: Am Mittwoch fr\u00f6stelte ich im Sommerkleidchen, gestern waren die langen \u00c4rmel zu warm, au\u00dferdem verbrannte mich die Sonne ein wenig (ausgerechnet der welke Ausschnitt).<\/p>\n<p>Fr\u00fch ausgeschlafen aufgewacht. Bloggen dauerte ein Weilchen wegen all der Bilder.<br \/>\nVerabredung auf Morgenkaffee, existenzielle Gespr\u00e4chsthemen. Ach, ich w\u00fcnschte, manche h\u00e4tten es einfacher.<\/p>\n<p>Diesmal hatte ich fr\u00fcher Fr\u00fchst\u00fcckshunger: Schon um halb zw\u00f6lf holte ich mir bei Stach ein St\u00fcck Carrot Cake und einen Haferkeks mit Cranberrys, nach ein paar Mitbringseleink\u00e4ufen a\u00df ich beides im Hotelzimmer &#8211; eher entt\u00e4uscht, weil die Geb\u00e4cke abgestanden schmeckten (und noch ein paar Stunden aufstie\u00dfen).<\/p>\n<p>Mein Plan war, das <a href=\"https:\/\/www.rietveldschroderhuis.nl\/de\" rel=\"noopener noreferrer\" target=\"_blank\">Rietveld Schr\u00f6derhuis<\/a> zu besichtigen, das mir die Gastgeber als Klapphaus mit vielen \u00dcberraschungen beschrieben hatten. Man kann nur mit einer F\u00fchrung hinein, die Karten daf\u00fcr holt man sich im Centraal Museum.<\/p>\n<p>Wieder genoss ich den Spaziergang entlang der Oudegracht.<\/p>\n<p><a href=\"https:\/\/www.vorspeisenplatte.de\/speisen\/archiv\/190627_02_Oudegracht.jpg\"><img loading=\"lazy\" decoding=\"async\" src=\"https:\/\/www.vorspeisenplatte.de\/speisen\/archiv\/190627_02_Oudegracht.jpg\" alt=\"\" width=\"420\" height=\"549\" class=\"alignnone size-full wp-image-52956\" \/><\/a><\/p>\n<p><a href=\"https:\/\/www.vorspeisenplatte.de\/speisen\/archiv\/190627_03_Oudegracht.jpg\"><img loading=\"lazy\" decoding=\"async\" src=\"https:\/\/www.vorspeisenplatte.de\/speisen\/archiv\/190627_03_Oudegracht.jpg\" alt=\"\" width=\"487\" height=\"398\" class=\"alignnone size-full wp-image-52957\" \/><\/a><\/p>\n<p><a href=\"https:\/\/www.vorspeisenplatte.de\/speisen\/archiv\/190627_08_Oudegracht.jpg\"><img loading=\"lazy\" decoding=\"async\" src=\"https:\/\/www.vorspeisenplatte.de\/speisen\/archiv\/190627_08_Oudegracht.jpg\" alt=\"\" width=\"366\" height=\"583\" class=\"alignnone size-full wp-image-52958\" \/><\/a><\/p>\n<p><a href=\"https:\/\/www.vorspeisenplatte.de\/speisen\/archiv\/190627_11_Oudegracht.jpg\"><img loading=\"lazy\" decoding=\"async\" src=\"https:\/\/www.vorspeisenplatte.de\/speisen\/archiv\/190627_11_Oudegracht.jpg\" alt=\"\" width=\"493\" height=\"468\" class=\"alignnone size-full wp-image-52959\" \/><\/a><\/p>\n<p><a href=\"https:\/\/www.vorspeisenplatte.de\/speisen\/archiv\/190627_12_Oudegracht.jpg\"><img loading=\"lazy\" decoding=\"async\" src=\"https:\/\/www.vorspeisenplatte.de\/speisen\/archiv\/190627_12_Oudegracht.jpg\" alt=\"\" width=\"359\" height=\"441\" class=\"alignnone size-full wp-image-52960\" \/><\/a><\/p>\n<p>Im Centraal Museum allerdings die Entt\u00e4uschung: Die gestrigen F\u00fchrungen waren bereits alle ausgebucht. Man bot mir eine f\u00fcr Freitag an, aber da bin ich ja schon wieder weg.<\/p>\n<p>Ich beschloss, trotzdem zum Haus zu wandern, damit ich es wenigstens von au\u00dfen sehen konnte.<\/p>\n<p>So sind weite Teile des Utrechter Altstadtrings angelegt: Zwei Spuren f\u00fcr Fahrr\u00e4der, ein Auto breit Autostra\u00dfe.<\/p>\n<p><a href=\"https:\/\/www.vorspeisenplatte.de\/speisen\/archiv\/190627_14_Stadtgraben.jpg\"><img loading=\"lazy\" decoding=\"async\" src=\"https:\/\/www.vorspeisenplatte.de\/speisen\/archiv\/190627_14_Stadtgraben.jpg\" alt=\"\" width=\"451\" height=\"383\" class=\"alignnone size-full wp-image-52961\" \/><\/a><\/p>\n<p>Das Rietveld Schr\u00f6derhuis von 1924, gebaut im Geist von De Stijl (<a href=\"https:\/\/artsandculture.google.com\/asset\/red-blue-chair-rood-blauwe-stoel\/hgHsRdkhFINrkg?hl=de&#038;ms=%7B%22x%22%3A0.5%2C%22y%22%3A0.5%2C%22z%22%3A8.506948391591953%2C%22size%22%3A%7B%22width%22%3A2.633766027453725%2C%22height%22%3A1.237499999999999%7D%7D\" rel=\"noopener noreferrer\" target=\"_blank\">von Rietveld kennt man diesen Stuhl<\/a>):<\/p>\n<p><a href=\"https:\/\/www.vorspeisenplatte.de\/speisen\/archiv\/190627_16_Rietveld-Schroederhuis.jpg\"><img loading=\"lazy\" decoding=\"async\" src=\"https:\/\/www.vorspeisenplatte.de\/speisen\/archiv\/190627_16_Rietveld-Schroederhuis.jpg\" alt=\"\" width=\"437\" height=\"422\" class=\"alignnone size-full wp-image-52962\" \/><\/a><\/p>\n<p>Die Klappfunktionen und anderes kann man sich sch\u00f6n <a href=\"https:\/\/www.rietveldschroderhuis.nl\/de\" rel=\"noopener noreferrer\" target=\"_blank\">auf der Website zum Haus<\/a> zeigen lassen.<\/p>\n<p>Auf dem R\u00fcckweg sah ich noch mehr interessante Architektur:<\/p>\n<p><a href=\"https:\/\/www.vorspeisenplatte.de\/speisen\/archiv\/190627_18_Haus.jpg\"><img loading=\"lazy\" decoding=\"async\" src=\"https:\/\/www.vorspeisenplatte.de\/speisen\/archiv\/190627_18_Haus.jpg\" alt=\"\" width=\"410\" height=\"558\" class=\"alignnone size-full wp-image-52963\" \/><\/a><\/p>\n<p>Kurze Pause am Stadtwall, ich las mein <i>Granta<\/i> aus. Ich hatte die Jubil\u00e4umszusammenstellung aus Geschichten von 40 Jahren interessiert und angeregt gelesen, vermisste aber den einen oder anderen Favoriten. Eine Geschichte, an die ich bis heute immer wieder denke, ist <a href=\"https:\/\/granta.com\/alive-alive-oh\/\" rel=\"noopener noreferrer\" target=\"_blank\">&#8220;Alive, Alive-Oh!&#8221; von Diana Athill<\/a> aus <i>Granta 85<\/i> aus dem Jahr 2010. Netterweise steht sie online zur Verf\u00fcgung, beim Wiederlesen bemerkte ich, wie viel ich ganz anders im Ged\u00e4chtnis hatte. (Vielleicht denke ich nur so oft an die Geschichte, <a href=\"https:\/\/youtu.be\/ruNdU6bGE5E\" rel=\"noopener noreferrer\" target=\"_blank\">weil ich das Lied dazu sofort im Ohr habe<\/a>.)<\/p>\n<p>Spaziergang entlang der Nieuwegracht (schmaler, fast keine L\u00e4den oder Caf\u00e9s, aber auch hier werden die Kellergew\u00f6lbe genutzt).<\/p>\n<p><a href=\"https:\/\/www.vorspeisenplatte.de\/speisen\/archiv\/190627_21_Nieuwegracht.jpg\"><img loading=\"lazy\" decoding=\"async\" src=\"https:\/\/www.vorspeisenplatte.de\/speisen\/archiv\/190627_21_Nieuwegracht.jpg\" alt=\"\" width=\"568\" height=\"447\" class=\"alignnone size-full wp-image-52964\" \/><\/a><\/p>\n<p><a href=\"https:\/\/www.vorspeisenplatte.de\/speisen\/archiv\/190627_25_Nieuwegracht.jpg\"><img loading=\"lazy\" decoding=\"async\" src=\"https:\/\/www.vorspeisenplatte.de\/speisen\/archiv\/190627_25_Nieuwegracht.jpg\" alt=\"\" width=\"408\" height=\"482\" class=\"alignnone size-full wp-image-52965\" \/><\/a><\/p>\n<p>An einer Stelle wurde die Nieuwegracht gerade renoviert: Hier sah man die Struktur des Untergrunds.<\/p>\n<p><a href=\"https:\/\/www.vorspeisenplatte.de\/speisen\/archiv\/190627_26_Stadtgraben.jpg\"><img loading=\"lazy\" decoding=\"async\" src=\"https:\/\/www.vorspeisenplatte.de\/speisen\/archiv\/190627_26_Stadtgraben.jpg\" alt=\"\" width=\"534\" height=\"410\" class=\"alignnone size-full wp-image-52966\" \/><\/a>Der Stadtgraben wurde rege bepaddelt.<\/p>\n<p>Zur\u00fcck ging ich wieder an der Oudegracht. Mittlerweile hatte ich Hunger, im Supermarkt holte ich mir Joghurt, Nektarinen, Salzn\u00fcsse und machte im Zimmer Brotzeit.<\/p>\n<p>Im Lauf des Tages hatte ich festgestellt, dass ich nachts f\u00fcr ein paar M\u00fccken ein Festmahl war &#8211; dabei hatte ich sogar Autan dabei gehabt, allerdings nicht angewendet.<\/p>\n<p>Den ganzen Tag hatte ich schon Visionen von Salat gehabt, genauer: von griechischem Salat. Zum Abendessen ging ich dann auch zum n\u00e4chstgelegenen.<\/p>\n<p><a href=\"https:\/\/www.vorspeisenplatte.de\/speisen\/archiv\/190627_33_GreekSalad.jpg\"><img loading=\"lazy\" decoding=\"async\" src=\"https:\/\/www.vorspeisenplatte.de\/speisen\/archiv\/190627_33_GreekSalad.jpg\" alt=\"\" width=\"361\" height=\"442\" class=\"alignnone size-full wp-image-52967\" \/><\/a><\/p>\n<p>Der Wirt k\u00fcmmerte sich r\u00fchrend darum, mir einen sch\u00f6nen Platz zu verschaffen. Die studentische Bedienung war nicht so ganz fit und hatte meine Bestellung &#8220;with pita bread&#8221; wohl nicht verstanden. War trotzdem ok. Wahrscheinlich Zufall: Die Lokale, in denen ich w\u00e4hrend meiner drei Tage hier a\u00df, boten keine Salate an (selbst die fleischlastigste bayerische Boaz f\u00fchrt inzwischen mindestens &#8220;Salat mit Putenbruststreifen&#8221; auf der Speisenkarte). Allerdings stelle ich immer wieder fest, dass es mir auf Reisen schwer f\u00e4llt, meinen Gem\u00fcsebedarf zu decken, wenn ich keine Ferienwohnung mit K\u00fcche habe.<\/p>\n<p>Zum Nachtisch noch ein Steckerleis aus dem Supermarkt (an der automatischen Kasse musste mir ein junger Mann helfen, die Maestrokarte richtig einzustecken, ich f\u00fchlte mich hundertausend Jahre alt).<\/p>\n<p><a href=\"https:\/\/www.vorspeisenplatte.de\/speisen\/archiv\/190627_36_Domtoren.jpg\"><img loading=\"lazy\" decoding=\"async\" src=\"https:\/\/www.vorspeisenplatte.de\/speisen\/archiv\/190627_36_Domtoren.jpg\" alt=\"\" width=\"378\" height=\"515\" class=\"alignnone size-full wp-image-52968\" \/><\/a><\/p>\n<p>Domtoren auch mal in Postkartenformat und von au\u00dfen.<\/p>\n<p><a href=\"https:\/\/www.vorspeisenplatte.de\/speisen\/archiv\/190627_37_Oudegracht.jpg\"><img loading=\"lazy\" decoding=\"async\" src=\"https:\/\/www.vorspeisenplatte.de\/speisen\/archiv\/190627_37_Oudegracht.jpg\" alt=\"\" width=\"387\" height=\"535\" class=\"alignnone size-full wp-image-52969\" \/><\/a><\/p>\n<p>Grachthund.<\/p>\n<p>\u00a7<\/p>\n<p><a href=\"https:\/\/www.vice.com\/de\/article\/qv7ax3\/mordfall-luebcke-diese-menschen-machen-die-arbeit-die-der-verfassungsschutz-nicht-macht\" rel=\"noopener noreferrer\" target=\"_blank\">&#8220;Mordfall L\u00fcbcke: Diese Menschen machen die Arbeit, die der Verfassungsschutz nicht macht&#8221;.<\/a><\/p>\n<blockquote><p>Sie hei\u00dfen &#8220;Exif&#8221;, &#8220;Recherche Nord&#8221;, &#8220;der rechte rand&#8221; oder &#8220;NSU-Watch&#8221;. Zusammen bilden diese Plattformen so etwas wie das Ged\u00e4chtnis der Antifa. Und dieses Ged\u00e4chtnis ist ziemlich gut: Mittlerweile haben sie so viel Wissen \u00fcber die rechtsextreme Szene in Deutschland gesammelt, dass sogar der Verfassungsschutz bei ihnen abschreibt. Und das, obwohl praktisch alle, die diese Informationen zusammentragen, das auf freiwilliger Basis tun.<\/p><\/blockquote>\n<p>\u00a7<\/p>\n<p>Mit dem Theodor-Wolff-Preis des Bundesverbands Deutscher Zeitungsverleger (BDZV) ausgezeichnet, in der Kategorie \u201eReportage lokal\u201c:<br \/>\n<a href=\"https:\/\/www.tagesspiegel.de\/berlin\/beste-lokalreportage-die-trinker-vom-kreuzberger-herrenwohnheim\/21220492.html\" rel=\"noopener noreferrer\" target=\"_blank\">Maris Hubschmid, &#8220;Die Trinker vom Kreuzberger Herrenwohnheim&#8221;.<\/a><\/p>\n<p>Weil Alkoholismus nunmal eine Krankheit ist. Manchmal unheilbar.<br \/>\nDer Haken: Alkohol wird in unserer Gesellschaft mit Genuss, Geselligkeit und Freizeit verbunden. Ich kann gut nachvollziehen, wenn Menschen auf ein Projekt wie das beschriebene mit Bitterkeit reagieren &#8211; weil es sich f\u00fcr sie wie bezahltes Feiern anf\u00fchlt.<\/p>\n<p>\u00a7<\/p>\n<p><a href=\"https:\/\/www.bbc.com\/news\/av\/uk-england-sussex-48757020\/the-brighton-tailor-whose-identity-became-his-business\" rel=\"noopener noreferrer\" target=\"_blank\">&#8220;Meet the young tailor who dresses like a Regency gentleman, every day&#8221;.<\/a><\/p>\n<p>Ich habe den Herrn gleich mal auf instagram gesucht; <a href=\"https:\/\/www.instagram.com\/p\/BzOIccRAzxk\/\" rel=\"noopener noreferrer\" target=\"_blank\">hier beantwortet er ein paar h\u00e4ufige Fragen<\/a> (&#8220;No, I\u2019m not hot in this&#8221;). <img loading=\"lazy\" decoding=\"async\" src=\"https:\/\/vg06.met.vgwort.de\/na\/24818985c1824890a1ecb58e289d4f71\" width=\"1\" height=\"1\" alt=\"\"\/><\/p>\n","protected":false},"excerpt":{"rendered":"<p>Das mit den Wettervorhersagen m\u00fcssen wir hier aber erst noch \u00fcben: Die angek\u00fcndigten 26 Grad f\u00fcr Mittwoch wurden niemals erreicht, daf\u00fcr war der gestrige als dauerbew\u00f6lkt und h\u00f6chstens 21 Grad frisch angek\u00fcndigte Donnerstag von morgens an sonnig und wurde immer w\u00e4rmer bis hei\u00df. Resultat: Am Mittwoch fr\u00f6stelte ich im Sommerkleidchen, gestern waren die langen \u00c4rmel [&hellip;]<\/p>\n","protected":false},"author":2,"featured_media":0,"comment_status":"open","ping_status":"closed","sticky":false,"template":"","format":"standard","meta":{"footnotes":""},"categories":[6,2,1],"tags":[],"class_list":["post-52939","post","type-post","status-publish","format-standard","hentry","category-essen","category-fotos","category-general"],"_links":{"self":[{"href":"https:\/\/www.vorspeisenplatte.de\/speisen\/wp-json\/wp\/v2\/posts\/52939","targetHints":{"allow":["GET"]}}],"collection":[{"href":"https:\/\/www.vorspeisenplatte.de\/speisen\/wp-json\/wp\/v2\/posts"}],"about":[{"href":"https:\/\/www.vorspeisenplatte.de\/speisen\/wp-json\/wp\/v2\/types\/post"}],"author":[{"embeddable":true,"href":"https:\/\/www.vorspeisenplatte.de\/speisen\/wp-json\/wp\/v2\/users\/2"}],"replies":[{"embeddable":true,"href":"https:\/\/www.vorspeisenplatte.de\/speisen\/wp-json\/wp\/v2\/comments?post=52939"}],"version-history":[{"count":4,"href":"https:\/\/www.vorspeisenplatte.de\/speisen\/wp-json\/wp\/v2\/posts\/52939\/revisions"}],"predecessor-version":[{"id":107305,"href":"https:\/\/www.vorspeisenplatte.de\/speisen\/wp-json\/wp\/v2\/posts\/52939\/revisions\/107305"}],"wp:attachment":[{"href":"https:\/\/www.vorspeisenplatte.de\/speisen\/wp-json\/wp\/v2\/media?parent=52939"}],"wp:term":[{"taxonomy":"category","embeddable":true,"href":"https:\/\/www.vorspeisenplatte.de\/speisen\/wp-json\/wp\/v2\/categories?post=52939"},{"taxonomy":"post_tag","embeddable":true,"href":"https:\/\/www.vorspeisenplatte.de\/speisen\/wp-json\/wp\/v2\/tags?post=52939"}],"curies":[{"name":"wp","href":"https:\/\/api.w.org\/{rel}","templated":true}]}}