{"id":53001,"date":"2019-06-30T08:07:25","date_gmt":"2019-06-30T06:07:25","guid":{"rendered":"https:\/\/www.vorspeisenplatte.de\/speisen\/?p=53001"},"modified":"2019-06-30T08:07:25","modified_gmt":"2019-06-30T06:07:25","slug":"journal-samstag-29-juni-2019-der-erste-18-familiengeburtstag-der-naechsten-generation","status":"publish","type":"post","link":"https:\/\/www.vorspeisenplatte.de\/speisen\/2019\/06\/journal-samstag-29-juni-2019-der-erste-18-familiengeburtstag-der-naechsten-generation.htm","title":{"rendered":"Journal Samstag, 29. Juni 2019 &#8211; Der erste 18. Familiengeburtstag der n\u00e4chsten Generation"},"content":{"rendered":"<p>Unruhige Nacht, unter anderem wegen mehrerer dringender Tamponwechseln und eines Hochschreckens um vier durch heftiges H\u00e4mmern an eine Nachbarhaust\u00fcre (?) gefolgt von AUFMACHEN! POLIZEI!<\/p>\n<p>Reha-Koffer 1 fertig gepackt (mich gezwungen, auch etwas Nichthochsommer-Kleidung dazu zu legen &#8211; auch wenn ich es mir derzeit nicht vorstellen kann, ist ein K\u00e4lteeinbruch oder auch nur Ende der Hitze m\u00f6glich), Adressschilder daf\u00fcr gebastelt und befestigt. Zwischen 8 und 18 Uhr sollte er abgeholt werden, ich hatte also nicht f\u00fcr die nachmitt\u00e4gliche Familiengeburtstagsfeier von Neffe 1 zusagen k\u00f6nnen.<\/p>\n<p>Dazwischen Balkonkaffee mit Bloggen. Endlich f\u00fchlte ich mich wieder gesund genug f\u00fcr eine Runde Kraftttraining und stellte fest, dass meine Schw\u00e4che bei den vorherigen beiden Versuchen sehr wahrscheinlich dem Atemwegsinfekt geschuldet war: Ich hielt alle \u00dcbungen gut durch und f\u00fchlte mich stark. Schwitzte allerdings auch ganz sch\u00f6n.<\/p>\n<p>Noch vor eins klingelte es: Der Koffertransport. Das war sehr gro\u00dfartig, denn so blieb Zeit f\u00fcr die Geburtstagsfeier. Ich f\u00fcllte noch eine Waschmaschine (letzte dunkle W\u00e4sche vor der Reha), holte Fr\u00fchst\u00fcckssemmeln, und nach dem Fr\u00fchst\u00fcck nahmen wir einen wohlklimatisierten Regionalzug durch Sommerlandschaft nach Ingolstadt.<\/p>\n<p>Bei Bruderfamilie gab es KaffeeundKuchen, Neffe 1 war am Vortag 18 geworden <i>und<\/i> hatte sein Abiturzeugnis entgegen genommen.<\/p>\n<p><a href=\"https:\/\/www.vorspeisenplatte.de\/speisen\/archiv\/190629_02_Abizeitung.jpg\"><img loading=\"lazy\" decoding=\"async\" src=\"https:\/\/www.vorspeisenplatte.de\/speisen\/archiv\/190629_02_Abizeitung.jpg\" alt=\"\" width=\"393\" height=\"469\" class=\"alignnone size-full wp-image-53006\" \/><\/a><\/p>\n<p>Die Abizeitung hatte er layoutet, ich lie\u00df mir anhand der Eintr\u00e4ge erz\u00e4hlen.<\/p>\n<p>Zur\u00fcck in M\u00fcnchen war es immer noch sehr warm, aber ertr\u00e4glich. Ich kochte Kartoffeln, h\u00e4ngte W\u00e4sche auf, bevor wir Abendessen im Freien suchten. Da das angesteuerte griechische Lokal bis elf Uhr nachts ausgebucht war, spazierten wir weiter zum Paulaner Br\u00e4uhaus.<\/p>\n<p>Ich bin weiterhin unentspannt, weil bis zur Reha-Abfahrt Dienstagmorgen noch so viel ansteht.<\/p>\n<p>\u00a7<\/p>\n<p>Auf der Zugfahrt Wochenend-<i>SZ<\/i> gelesen. Heribert Prantl brachte mir den <a href=\"https:\/\/www.gesetze-im-internet.de\/gg\/art_18.html\" rel=\"noopener noreferrer\" target=\"_blank\">Paragraph 18 des Grundgesetzes<\/a> nahe:<\/p>\n<blockquote><p>Wer die Freiheit der Meinungs\u00e4u\u00dferung, insbesondere die Pressefreiheit (Artikel 5 Abs. 1), die Lehrfreiheit (Artikel 5 Abs. 3), die Versammlungsfreiheit (Artikel 8), die Vereinigungsfreiheit (Artikel 9), das Brief-, Post- und Fernmeldegeheimnis (Artikel 10), das Eigentum (Artikel 14) oder das Asylrecht (Artikel 16a) zum Kampfe gegen die freiheitliche demokratische Grundordnung mi\u00dfbraucht, verwirkt diese Grundrechte. Die Verwirkung und ihr Ausma\u00df werden durch das Bundesverfassungsgericht ausgesprochen.<\/p><\/blockquote>\n<p><a href=\"https:\/\/www.sueddeutsche.de\/politik\/kolumne-heribert-prantl-grundgesetz-artikel-18-rechtsextremismus-1.4503782\" rel=\"noopener noreferrer\" target=\"_blank\">&#8220;Die Ultima Ratio der wehrhaften Demokratie&#8221;.<\/a><\/p>\n<p>Prantl erl\u00e4utert gut nachvollziehbar, warum die V\u00e4ter und M\u00fctter der bundesdeutschen Verfassung diesen Selbstschutzmechanismus einbauten &#8211; und warum er noch nie angewendet wurde.<\/p>\n<p>\u00a7<\/p>\n<p>Ich m\u00f6chte daran erinnern, dass ich eine gro\u00dfe Freundin des Bahnfahrens und der Deutschen Bahn bin. Wenn auch ich zugestehen muss, dass sich das Bahnfahren in Deutschland immer weiter verschlechtert, ist das tendenziell nicht Vorurteilen geschuldet.<\/p>\n<p>Karl-Markus Gau\u00df beschreibt die marode Infrastruktur:<br \/>\n<a href=\"https:\/\/www.sueddeutsche.de\/politik\/karl-markus-gauss-bahn-verspaetung-marode-infrastruktur-1.4501812\" rel=\"noopener noreferrer\" target=\"_blank\">&#8220;Deutschland, Du armes Land der Reichen&#8221;.<\/a><\/p>\n<blockquote><p>Nach und nach begriff ich, dass die meisten Reisenden das, was sie an Unbill erlebten, nicht f\u00fcr den skandal\u00f6sen Einzelfall hielten, sondern f\u00fcr etwas, mit dem man als Zugreisender in der \u00c4ra des digitalen Fortschritts eben zu rechnen habe. Sie schienen keine Erinnerung mehr daran zu besitzen, dass diese Form der Fortbewegung einmal auch etwas anderes bedeutet hatte. Zum Beispiel, dass man seine Uhr sprichw\u00f6rtlich nach der Eisenbahn stellen konnte!<\/p><\/blockquote>\n<p>Letzteres ging bei der Wiedervereinigung verloren &#8211; woran aber wirklich nicht die Wiedervereinigung schuld ist, sondern der Prozess des Zusammenschlie\u00dfens zweier Deutschen Bahnen (in einer Zeit, als die Bahn schick f\u00fcr einen B\u00f6rsengang gemacht werden sollte).<\/p>\n<p>\u00a7<\/p>\n<p>Ein sch\u00f6nes Fotoprojekt:<br \/>\n<a href=\"https:\/\/editionf.com\/sunghee-seewald-fotografieprojekt-female-diversity\" rel=\"noopener noreferrer\" target=\"_blank\">\u201eWarum gelten Merkmale, die 90 Prozent aller Frauen aufweisen, als ,Sch\u00f6nheitsfehler\u2018?\u201c<\/a><\/p>\n<p>\u00a7<\/p>\n<p>Wie sch\u00f6n! Nach Langem mal wieder ein Blogpost von Christiane Link:<br \/>\n<a href=\"http:\/\/www.behindertenparkplatz.de\/woran-man-verbuendete-behinderter-menschen-erkennt-und-wie-man-eine-r-wird\/\" rel=\"noopener noreferrer\" target=\"_blank\">&#8220;Woran man Verb\u00fcndete behinderter Menschen erkennt (und wie man eine\/r wird)&#8221;.<\/a><\/p>\n","protected":false},"excerpt":{"rendered":"<p>Unruhige Nacht, unter anderem wegen mehrerer dringender Tamponwechseln und eines Hochschreckens um vier durch heftiges H\u00e4mmern an eine Nachbarhaust\u00fcre (?) gefolgt von AUFMACHEN! POLIZEI! Reha-Koffer 1 fertig gepackt (mich gezwungen, auch etwas Nichthochsommer-Kleidung dazu zu legen &#8211; auch wenn ich es mir derzeit nicht vorstellen kann, ist ein K\u00e4lteeinbruch oder auch nur Ende der Hitze [&hellip;]<\/p>\n","protected":false},"author":2,"featured_media":0,"comment_status":"open","ping_status":"closed","sticky":false,"template":"","format":"standard","meta":{"footnotes":""},"categories":[1],"tags":[],"class_list":["post-53001","post","type-post","status-publish","format-standard","hentry","category-general"],"_links":{"self":[{"href":"https:\/\/www.vorspeisenplatte.de\/speisen\/wp-json\/wp\/v2\/posts\/53001","targetHints":{"allow":["GET"]}}],"collection":[{"href":"https:\/\/www.vorspeisenplatte.de\/speisen\/wp-json\/wp\/v2\/posts"}],"about":[{"href":"https:\/\/www.vorspeisenplatte.de\/speisen\/wp-json\/wp\/v2\/types\/post"}],"author":[{"embeddable":true,"href":"https:\/\/www.vorspeisenplatte.de\/speisen\/wp-json\/wp\/v2\/users\/2"}],"replies":[{"embeddable":true,"href":"https:\/\/www.vorspeisenplatte.de\/speisen\/wp-json\/wp\/v2\/comments?post=53001"}],"version-history":[{"count":3,"href":"https:\/\/www.vorspeisenplatte.de\/speisen\/wp-json\/wp\/v2\/posts\/53001\/revisions"}],"predecessor-version":[{"id":53011,"href":"https:\/\/www.vorspeisenplatte.de\/speisen\/wp-json\/wp\/v2\/posts\/53001\/revisions\/53011"}],"wp:attachment":[{"href":"https:\/\/www.vorspeisenplatte.de\/speisen\/wp-json\/wp\/v2\/media?parent=53001"}],"wp:term":[{"taxonomy":"category","embeddable":true,"href":"https:\/\/www.vorspeisenplatte.de\/speisen\/wp-json\/wp\/v2\/categories?post=53001"},{"taxonomy":"post_tag","embeddable":true,"href":"https:\/\/www.vorspeisenplatte.de\/speisen\/wp-json\/wp\/v2\/tags?post=53001"}],"curies":[{"name":"wp","href":"https:\/\/api.w.org\/{rel}","templated":true}]}}