{"id":5364,"date":"2009-07-20T09:42:40","date_gmt":"2009-07-20T07:42:40","guid":{"rendered":"https:\/\/www.vorspeisenplatte.de\/speisen\/?p=5364"},"modified":"2009-07-20T09:42:40","modified_gmt":"2009-07-20T07:42:40","slug":"innen-eingerichtet","status":"publish","type":"post","link":"https:\/\/www.vorspeisenplatte.de\/speisen\/2009\/07\/innen-eingerichtet.htm","title":{"rendered":"Innen eingerichtet"},"content":{"rendered":"<p><strong>F\u00fcr diese Wohnung habe ich mich entschieden,<\/strong> weil zum einen meine erste Arbeitsstelle in M\u00fcnchen in Haidhausen lag. Ich wollte auf keinen Fall in derselben Ecke der Stadt wohnen und arbeiten \u2013 bei der Zeit, die ein Agenturjob verschlingt, war mir klar, dass ich dann gar nichts von M\u00fcnchen mitbekommen w\u00fcrde. Entscheidend waren dann zum anderen zentrale Lage, Gr\u00f6\u00dfe und sch\u00f6ne Aussicht. Mir ist bis heute erheblich wichtiger, was ich aus den Fenstern meiner Wohnung sehe, als das \u00c4u\u00dfere meiner Wohnung.<\/p>\n<p><strong>Beim Einrichten der Wohnung wurde ich inspiriert<\/strong> von der Architektur der Wohnung: astreines 50er-Jahr Gro\u00dfb\u00fcrgertum. Unsere spie\u00dfigen Erbm\u00f6bel passten genau dazu.<\/p>\n<p><strong>Mein pers\u00f6nlicher Stil<\/strong> ist immer atmosph\u00e4risch. Ebenso wie bei Kleidung habe ich eine Epoche oder Filme vor Augen. Gerne vergangene Epochen und alte Filme. Ich finde moderne Einrichtung oder Landhausstil (s\u00fcdfranz\u00f6sisch, toskanisch, skandinavisch) schon auch sch\u00f6n \u2013 aber dazu fallen mir nur Einrichtungskataloge, Wohnzeitschriften und Architekturfotografie ein.<\/p>\n<p><strong>Mein Lieblingsplatz in der Wohnung<\/strong> ist ein Lesesessel auf dem Balkon. Entsprechend existiert dieser Lieblingsplatz nur im Sommer und bei sch\u00f6nem Wetter. Aber dann stelle ich mir dort Getr\u00e4nke bereit, lese im Internet, in der Zeitung oder in B\u00fcchern, blicke bei Ger\u00e4uschen immer wieder auf, um V\u00f6gel, Passanten oder Eichk\u00e4tzchen zu beobachten.<\/p>\n<p><strong>Der emotional wertvollste Gegenstand in der Wohnung<\/strong> \u2013 f\u00e4llt mir nicht ein. Die einzelnen Dinge sch\u00e4tze ich, aber ich w\u00fcsste keinen, dessen Verlust mich zutiefst treffen w\u00fcrde. Am ehesten noch die Collage aus dem Filmplakat von <i>Funny Bones<\/i> und einem Bild, auf dem der Mitbewohner und ich uns umarmen, die wir von einem gemeinsamen Freund geschenkt bekamen.<\/p>\n<p><strong>Die Farben.<\/strong> Z\u00e4hlen das Wei\u00df der W\u00e4nde und das vorwiegende Dunkelbraun der M\u00f6bel und Regale? Eine Dekofarbe gibt es in meiner Wohnung praktisch nicht.<\/p>\n<p><strong>Das aufw\u00e4ndigste Projekt <del datetime=\"2009-07-20T07:40:35+00:00\">war<\/del><\/strong> ist das j\u00e4hrliche Reinigen des Balkons und Waschen der sechs bodenlangen Stors.<\/p>\n<p><strong>Ich bin besonders stolz darauf,<\/strong> praktisch keine Gegenst\u00e4nde in der Wohnung zu haben, die landl\u00e4ufig mit dem Epiteton \u201eDesign-\u201c versehen werden. Sicher wurde jedes M\u00f6bel von jemandem entworfen, doch an \u201eDesign\u201c hat er oder sie dabei nicht gedacht.<\/p>\n<p>von <a href=\"http:\/\/loreley.twoday.net\/stories\/5818294\/\" target=_new>loreley<\/a><\/p>\n","protected":false},"excerpt":{"rendered":"<p>F\u00fcr diese Wohnung habe ich mich entschieden, weil zum einen meine erste Arbeitsstelle in M\u00fcnchen in Haidhausen lag. Ich wollte auf keinen Fall in derselben Ecke der Stadt wohnen und arbeiten \u2013 bei der Zeit, die ein Agenturjob verschlingt, war mir klar, dass ich dann gar nichts von M\u00fcnchen mitbekommen w\u00fcrde. Entscheidend waren dann zum [&hellip;]<\/p>\n","protected":false},"author":2,"featured_media":0,"comment_status":"open","ping_status":"closed","sticky":false,"template":"","format":"standard","meta":{"footnotes":""},"categories":[1],"tags":[],"class_list":["post-5364","post","type-post","status-publish","format-standard","hentry","category-general"],"_links":{"self":[{"href":"https:\/\/www.vorspeisenplatte.de\/speisen\/wp-json\/wp\/v2\/posts\/5364","targetHints":{"allow":["GET"]}}],"collection":[{"href":"https:\/\/www.vorspeisenplatte.de\/speisen\/wp-json\/wp\/v2\/posts"}],"about":[{"href":"https:\/\/www.vorspeisenplatte.de\/speisen\/wp-json\/wp\/v2\/types\/post"}],"author":[{"embeddable":true,"href":"https:\/\/www.vorspeisenplatte.de\/speisen\/wp-json\/wp\/v2\/users\/2"}],"replies":[{"embeddable":true,"href":"https:\/\/www.vorspeisenplatte.de\/speisen\/wp-json\/wp\/v2\/comments?post=5364"}],"version-history":[{"count":0,"href":"https:\/\/www.vorspeisenplatte.de\/speisen\/wp-json\/wp\/v2\/posts\/5364\/revisions"}],"wp:attachment":[{"href":"https:\/\/www.vorspeisenplatte.de\/speisen\/wp-json\/wp\/v2\/media?parent=5364"}],"wp:term":[{"taxonomy":"category","embeddable":true,"href":"https:\/\/www.vorspeisenplatte.de\/speisen\/wp-json\/wp\/v2\/categories?post=5364"},{"taxonomy":"post_tag","embeddable":true,"href":"https:\/\/www.vorspeisenplatte.de\/speisen\/wp-json\/wp\/v2\/tags?post=5364"}],"curies":[{"name":"wp","href":"https:\/\/api.w.org\/{rel}","templated":true}]}}