{"id":5430,"date":"2009-08-01T14:34:38","date_gmt":"2009-08-01T12:34:38","guid":{"rendered":"https:\/\/www.vorspeisenplatte.de\/speisen\/?p=5430"},"modified":"2009-08-01T14:34:38","modified_gmt":"2009-08-01T12:34:38","slug":"gwuisl","status":"publish","type":"post","link":"https:\/\/www.vorspeisenplatte.de\/speisen\/2009\/08\/gwuisl.htm","title":{"rendered":"G\u2018wuisl"},"content":{"rendered":"<p>Sie steckte sehr wahrscheinlich wieder im dritten Glas Wein, die Drecksmigr\u00e4ne. Und obwohl ich das doch wei\u00df, musste ich es unbedingt trinken, wollte die eine st\u00e4rkere Stufe der Alkoholisierung sp\u00fcren.<\/p>\n<p>Ins Bett schon um zehn &#8211; diese Woche hat mich wirklich fertiggemacht. Aufgewacht um vier von einem Schmerz, als stecke mir ein Hackebeil quer in der Stirn. Zwei Paracetamol eingenommen in der l\u00e4cherlichen Hoffnung, ich k\u00e4me diesmal mit einem schlichten Kater davon. Doch dann rollte die \u00fcberw\u00e4ltigende \u00dcbelkeit an: Nix Kater, hier ist Meisterin Migr\u00e4ne. Ab f\u00fcnf mehrfach Rekordzeiten auf der Strecke Schlafzimmer &#8211; Klo ertrabt: Alles muss raus, egal in welche Richtung. Wahrgenommen, dass meine Haare fast schon so lang sind, dass ich sie mir aus dem Gesicht halten muss. Im Bett Schwimmen in den verschieden hohen Wellen der \u00dcbelkeit, mal wacher, mal weniger wach. Warten auf den Moment, in dem sich der W\u00fcrgegriff endlich lockert, und ich in komat\u00f6sen Schlaf falle. Kr\u00e4mpfe in Wade und Zehen. Wenigstens hin und wieder einen Schluck Wasser zum Drinbleiben einladen.<\/p>\n<p>W\u00e4hrenddessen bereits die Trauer, dass ich den angek\u00fcndigten Hochsommertag also nicht f\u00fcr eine Schwimmrunde im Schyrenbad werde nutzen k\u00f6nnen, die Fr\u00fchst\u00fccksverabredung werde absagen m\u00fcssen. Gleichzeitig aber auch das beruhigende Wissen, dass die Attacke ein Ende haben wird, dass meine Qual auf Stunden begrenzt ist.<\/p>\n<p>Abwechselnd Blutleere mit Schwei\u00dfausbr\u00fcchen, hochrote Hitze, frostiges Sch\u00fctteln &#8211; alle Sorten von Bettdecken werden genutzt, vom Sommertuch bis zum Federbett inklusive Bademantel.<\/p>\n<p>Diesmal ist es schon zehn, als der Aufruhr sich endlich legt, ich entspanne und in den Schlaf falle.<\/p>\n<p>Die Kirchturmuhr schl\u00e4gt zwei Uhr, als ich daraus erwache und mich wieder zu den Gesunden z\u00e4hle. Nie wieder ein drittes Glas Wein.<\/p>\n","protected":false},"excerpt":{"rendered":"<p>Sie steckte sehr wahrscheinlich wieder im dritten Glas Wein, die Drecksmigr\u00e4ne. Und obwohl ich das doch wei\u00df, musste ich es unbedingt trinken, wollte die eine st\u00e4rkere Stufe der Alkoholisierung sp\u00fcren. Ins Bett schon um zehn &#8211; diese Woche hat mich wirklich fertiggemacht. Aufgewacht um vier von einem Schmerz, als stecke mir ein Hackebeil quer in [&hellip;]<\/p>\n","protected":false},"author":2,"featured_media":0,"comment_status":"open","ping_status":"closed","sticky":false,"template":"","format":"standard","meta":{"footnotes":""},"categories":[1],"tags":[],"class_list":["post-5430","post","type-post","status-publish","format-standard","hentry","category-general"],"_links":{"self":[{"href":"https:\/\/www.vorspeisenplatte.de\/speisen\/wp-json\/wp\/v2\/posts\/5430","targetHints":{"allow":["GET"]}}],"collection":[{"href":"https:\/\/www.vorspeisenplatte.de\/speisen\/wp-json\/wp\/v2\/posts"}],"about":[{"href":"https:\/\/www.vorspeisenplatte.de\/speisen\/wp-json\/wp\/v2\/types\/post"}],"author":[{"embeddable":true,"href":"https:\/\/www.vorspeisenplatte.de\/speisen\/wp-json\/wp\/v2\/users\/2"}],"replies":[{"embeddable":true,"href":"https:\/\/www.vorspeisenplatte.de\/speisen\/wp-json\/wp\/v2\/comments?post=5430"}],"version-history":[{"count":0,"href":"https:\/\/www.vorspeisenplatte.de\/speisen\/wp-json\/wp\/v2\/posts\/5430\/revisions"}],"wp:attachment":[{"href":"https:\/\/www.vorspeisenplatte.de\/speisen\/wp-json\/wp\/v2\/media?parent=5430"}],"wp:term":[{"taxonomy":"category","embeddable":true,"href":"https:\/\/www.vorspeisenplatte.de\/speisen\/wp-json\/wp\/v2\/categories?post=5430"},{"taxonomy":"post_tag","embeddable":true,"href":"https:\/\/www.vorspeisenplatte.de\/speisen\/wp-json\/wp\/v2\/tags?post=5430"}],"curies":[{"name":"wp","href":"https:\/\/api.w.org\/{rel}","templated":true}]}}