{"id":54705,"date":"2019-09-23T06:47:45","date_gmt":"2019-09-23T04:47:45","guid":{"rendered":"https:\/\/www.vorspeisenplatte.de\/speisen\/?p=54705"},"modified":"2019-09-23T06:47:45","modified_gmt":"2019-09-23T04:47:45","slug":"journal-sonntag-22-september-2019-elterngrillen-mit-spanienurlaubsbildern","status":"publish","type":"post","link":"https:\/\/www.vorspeisenplatte.de\/speisen\/2019\/09\/journal-sonntag-22-september-2019-elterngrillen-mit-spanienurlaubsbildern.htm","title":{"rendered":"Journal Sonntag, 22. September 2019 &#8211; Elterngrillen mit Spanienurlaubsbildern"},"content":{"rendered":"<p>Ausschlafen dauerte bis fast acht Uhr. Nach dem Bloggen war gerade noch Zeit f\u00fcr Duschen und Ankleiden, dann bereits Aufbruch zum Bahnhof: Wir waren bei meinen Eltern eingeladen. Ein Fu\u00dfweg zum Zug war auch gestern unm\u00f6glich: Trachtenumzug (Super-Cosplay!) anl\u00e4sslich Oktoberfest. Wir mussten die U-Bahn nehmen.<\/p>\n<p><a href=\"https:\/\/www.vorspeisenplatte.de\/speisen\/archiv\/190922_03_Zugfahrt.jpg\"><img loading=\"lazy\" decoding=\"async\" class=\"alignnone size-full wp-image-54707\" src=\"https:\/\/www.vorspeisenplatte.de\/speisen\/archiv\/190922_03_Zugfahrt.jpg\" alt=\"\" width=\"484\" height=\"363\" \/><\/a><\/p>\n<p><a href=\"https:\/\/www.vorspeisenplatte.de\/speisen\/archiv\/190922_06_Zugfahrt.jpg\"><img loading=\"lazy\" decoding=\"async\" class=\"alignnone size-full wp-image-54708\" src=\"https:\/\/www.vorspeisenplatte.de\/speisen\/archiv\/190922_06_Zugfahrt.jpg\" alt=\"\" width=\"531\" height=\"372\" \/><\/a><\/p>\n<p>Unterwegs zeigte sich das Drau\u00dfen in 70er Kodachrome &#8211; praktisch nat\u00fcrlicher instagram-Filter.<\/p>\n<p>In Ingolstadt trafen wir uns bei meinen Eltern mit der Bruderfamilie. Meine Eltern grillten heftig auf; wir a\u00dfen auf der Terrasse in milden Temperaturen unter meist bew\u00f6lktem Himmel: Zucchini, Auberginen, Maiskolben, Tomaten, Calamari, Garnelen, Lammkoteletts, Schweinebauch, Salsicce. Dazu Gespr\u00e4che \u00fcber Fridays for Future &#8211; kann es sein, dass Greta Thunberg unter den Gegnern des Klima-Aktivismus&#8217; deutlich wichtiger genommen wird als unter Klima-Aktivistinnen und -Aktivisten?<\/p>\n<p>Danach bekamen wir die Bilder des k\u00fcrzlichen Spanienurlaubs der Bruderfamilie (von Laptop auf riesigen Elternfernseher): Paris, Feriensiedlung bei Madrid, Madrid, Sevilla, andalusischer Strand, Granada, noch ein Strandtag in Frankreich. Sie sahen nach viel Spa\u00df aus, ich freute mich, einen Teil der spanischen Vaterfamilie zumindest auf Fotos zu sehen.<\/p>\n<p>Kaffeeundkuchen mit der Linzertorte, die ich mitgebracht hatte, Aufbruch zur\u00fcck zum Bahnhof. In M\u00fcnchen ging es durch nicht zu schlimme Oktoberfest-Cosplayer heim. Arbeitstag vorbereiten, Wohnung putzbar aufr\u00e4umen, im Bett fing ich Isa Bogdans neuen Roman <i>Laufen<\/i> an.<\/p>\n","protected":false},"excerpt":{"rendered":"<p>Ausschlafen dauerte bis fast acht Uhr. Nach dem Bloggen war gerade noch Zeit f\u00fcr Duschen und Ankleiden, dann bereits Aufbruch zum Bahnhof: Wir waren bei meinen Eltern eingeladen. Ein Fu\u00dfweg zum Zug war auch gestern unm\u00f6glich: Trachtenumzug (Super-Cosplay!) anl\u00e4sslich Oktoberfest. Wir mussten die U-Bahn nehmen. Unterwegs zeigte sich das Drau\u00dfen in 70er Kodachrome &#8211; praktisch [&hellip;]<\/p>\n","protected":false},"author":2,"featured_media":0,"comment_status":"open","ping_status":"closed","sticky":false,"template":"","format":"standard","meta":{"footnotes":""},"categories":[6,2,1],"tags":[],"class_list":["post-54705","post","type-post","status-publish","format-standard","hentry","category-essen","category-fotos","category-general"],"_links":{"self":[{"href":"https:\/\/www.vorspeisenplatte.de\/speisen\/wp-json\/wp\/v2\/posts\/54705","targetHints":{"allow":["GET"]}}],"collection":[{"href":"https:\/\/www.vorspeisenplatte.de\/speisen\/wp-json\/wp\/v2\/posts"}],"about":[{"href":"https:\/\/www.vorspeisenplatte.de\/speisen\/wp-json\/wp\/v2\/types\/post"}],"author":[{"embeddable":true,"href":"https:\/\/www.vorspeisenplatte.de\/speisen\/wp-json\/wp\/v2\/users\/2"}],"replies":[{"embeddable":true,"href":"https:\/\/www.vorspeisenplatte.de\/speisen\/wp-json\/wp\/v2\/comments?post=54705"}],"version-history":[{"count":3,"href":"https:\/\/www.vorspeisenplatte.de\/speisen\/wp-json\/wp\/v2\/posts\/54705\/revisions"}],"predecessor-version":[{"id":54718,"href":"https:\/\/www.vorspeisenplatte.de\/speisen\/wp-json\/wp\/v2\/posts\/54705\/revisions\/54718"}],"wp:attachment":[{"href":"https:\/\/www.vorspeisenplatte.de\/speisen\/wp-json\/wp\/v2\/media?parent=54705"}],"wp:term":[{"taxonomy":"category","embeddable":true,"href":"https:\/\/www.vorspeisenplatte.de\/speisen\/wp-json\/wp\/v2\/categories?post=54705"},{"taxonomy":"post_tag","embeddable":true,"href":"https:\/\/www.vorspeisenplatte.de\/speisen\/wp-json\/wp\/v2\/tags?post=54705"}],"curies":[{"name":"wp","href":"https:\/\/api.w.org\/{rel}","templated":true}]}}