{"id":548,"date":"2004-09-10T14:25:20","date_gmt":"2004-09-10T12:25:20","guid":{"rendered":"https:\/\/www.vorspeisenplatte.de\/speisen\/2004\/09\/schlaues-wetter.htm"},"modified":"2004-09-10T14:25:20","modified_gmt":"2004-09-10T12:25:20","slug":"schlaues-wetter","status":"publish","type":"post","link":"https:\/\/www.vorspeisenplatte.de\/speisen\/2004\/09\/schlaues-wetter.htm","title":{"rendered":"Schlaues Wetter"},"content":{"rendered":"<p>Das Wetter macht das eigentlich ganz sch\u00f6n schlau: Strahlende Sonne mit W\u00e4rme im Juli oder im August ruft nie so viel Freude und Lob hervor wie als \u00dcberraschung jetzt im September.<\/p>\n","protected":false},"excerpt":{"rendered":"<p>Das Wetter macht das eigentlich ganz sch\u00f6n schlau: Strahlende Sonne mit W\u00e4rme im Juli oder im August ruft nie so viel Freude und Lob hervor wie als \u00dcberraschung jetzt im September.<\/p>\n","protected":false},"author":2,"featured_media":0,"comment_status":"open","ping_status":"","sticky":false,"template":"","format":"standard","meta":{"footnotes":""},"categories":[1],"tags":[],"class_list":["post-548","post","type-post","status-publish","format-standard","hentry","category-general"],"_links":{"self":[{"href":"https:\/\/www.vorspeisenplatte.de\/speisen\/wp-json\/wp\/v2\/posts\/548","targetHints":{"allow":["GET"]}}],"collection":[{"href":"https:\/\/www.vorspeisenplatte.de\/speisen\/wp-json\/wp\/v2\/posts"}],"about":[{"href":"https:\/\/www.vorspeisenplatte.de\/speisen\/wp-json\/wp\/v2\/types\/post"}],"author":[{"embeddable":true,"href":"https:\/\/www.vorspeisenplatte.de\/speisen\/wp-json\/wp\/v2\/users\/2"}],"replies":[{"embeddable":true,"href":"https:\/\/www.vorspeisenplatte.de\/speisen\/wp-json\/wp\/v2\/comments?post=548"}],"version-history":[{"count":0,"href":"https:\/\/www.vorspeisenplatte.de\/speisen\/wp-json\/wp\/v2\/posts\/548\/revisions"}],"wp:attachment":[{"href":"https:\/\/www.vorspeisenplatte.de\/speisen\/wp-json\/wp\/v2\/media?parent=548"}],"wp:term":[{"taxonomy":"category","embeddable":true,"href":"https:\/\/www.vorspeisenplatte.de\/speisen\/wp-json\/wp\/v2\/categories?post=548"},{"taxonomy":"post_tag","embeddable":true,"href":"https:\/\/www.vorspeisenplatte.de\/speisen\/wp-json\/wp\/v2\/tags?post=548"}],"curies":[{"name":"wp","href":"https:\/\/api.w.org\/{rel}","templated":true}]}}