{"id":54935,"date":"2019-10-02T07:04:53","date_gmt":"2019-10-02T05:04:53","guid":{"rendered":"https:\/\/www.vorspeisenplatte.de\/speisen\/?p=54935"},"modified":"2019-10-02T07:04:53","modified_gmt":"2019-10-02T05:04:53","slug":"journal-dienstag-1-oktober-2019-verschiedene-waerme-und-anfassen","status":"publish","type":"post","link":"https:\/\/www.vorspeisenplatte.de\/speisen\/2019\/10\/journal-dienstag-1-oktober-2019-verschiedene-waerme-und-anfassen.htm","title":{"rendered":"Journal Dienstag, 1. Oktober 2019 &#8211; Verschiedene W\u00e4rme und Anfassen"},"content":{"rendered":"<p>Nochmal ein strahlender Tag, der fast bis zu Sommerw\u00e4rme aufheizte.<\/p>\n<p>Vor der Arbeit radelte ich bei der Praxis der Haus\u00e4rztin vorbei, um ein Rezept f\u00fcr mein Migr\u00e4nemittel abzuholen.<\/p>\n<p><a href=\"https:\/\/www.vorspeisenplatte.de\/speisen\/archiv\/190930_01_NoEScooters.jpg\"><img loading=\"lazy\" decoding=\"async\" src=\"https:\/\/www.vorspeisenplatte.de\/speisen\/archiv\/190930_01_NoEScooters.jpg\" alt=\"\" width=\"520\" height=\"385\" class=\"alignnone size-full wp-image-54942\" \/><\/a><\/p>\n<p>Die Beschilderung ums Oktoberfest hat sich der Zeit angepasst (Foto vom Montagmorgen).<\/p>\n<p>Emsiges bis gehetztes Arbeiten, denn ich hatte einen aush\u00e4usigen Nachmittagstermin. Mittags Pastareste vom Vorabend und eine weitere rote S<b>P<\/b>itzpaprika.<\/p>\n<p>Der Nachmittagstermin war wieder bei Frau Physio in S-Bahn-Entfernung, beim Warten am Bahnhof Hirschgarten schwitzte ich in der Sonne auch ohne Jacke.<\/p>\n<p><a href=\"https:\/\/www.vorspeisenplatte.de\/speisen\/archiv\/191001_08_Hirschgarten.jpg\"><img loading=\"lazy\" decoding=\"async\" src=\"https:\/\/www.vorspeisenplatte.de\/speisen\/archiv\/191001_08_Hirschgarten.jpg\" alt=\"\" width=\"557\" height=\"413\" class=\"alignnone size-full wp-image-54943\" \/><\/a><\/p>\n<p>Eine Stunde Kneten, Dr\u00fccken, Saugen, Lockern; ich bekam als Hausaufgabe abendliche Wannenb\u00e4der mit anschlie\u00dfendem gezielten Dehnen und Entspannung im Bett, weiterhin regelm\u00e4\u00dfges Beinaush\u00e4ngen an einer Stufe. Auch diese Anfasserin musste Geduld einfordern: Ein Zustand, der sich gem\u00e4\u00df meiner Schilderung \u00fcber Jahre entwickelt hatte, werde sich nicht innerhalb weniger Wochen umkehren lassen.<\/p>\n<p>Im B\u00fcro nochmal Wegarbeiten von Zeitkritischem. Heimradeln in gro\u00dfem Bogen um die rechte belebte Theresienwiese.<\/p>\n<p>Zum Abendessen ging ich mit Herrn Kaltmamsell Pizzaessen zum Italian Shot, wir konnten drau\u00dfen sitzen.<\/p>\n<p><a href=\"https:\/\/www.vorspeisenplatte.de\/speisen\/archiv\/191001_11_ItalianShot.jpg\"><img loading=\"lazy\" decoding=\"async\" src=\"https:\/\/www.vorspeisenplatte.de\/speisen\/archiv\/191001_11_ItalianShot.jpg\" alt=\"\" width=\"363\" height=\"379\" class=\"alignnone size-full wp-image-54944\" \/><\/a><\/p>\n<p>Abendprogramm dann weisungsgem\u00e4\u00df ein hei\u00dfes Bad &#8211; das tats\u00e4chlich so schmerzbefreiend und entspannend war, dass ich mir w\u00fcnschte, ich k\u00f6nnte so schlafen. Das Dehnen ging dann nicht so gut, ich werde mich wirklich sehr langsam vorarbeiten m\u00fcssen.<\/p>\n<p>Kent Haruf, <i>Eventide<\/i> ausgelesen, vorab schon mal gro\u00dfe Empfehlung. Und ich freue mich auf ein Gespr\u00e4ch \u00fcber die Erz\u00e4hlperspektive.<\/p>\n<p>\u00a7<\/p>\n<p><a href=\"https:\/\/filmschoolrejects.com\/arsenic-and-old-lace\/\" rel=\"noopener noreferrer\" target=\"_blank\">&#8220;\u2018Arsenic and Old Lace\u2019 and the Incomparable Comedic Talents of Cary Grant&#8221;.<\/a><\/p>\n<p>via <a href=\"https:\/\/twitter.com\/Cynx\" rel=\"noopener noreferrer\" target=\"_blank\">@Cynx<\/a><\/p>\n<blockquote><p>While Grant was often cast as someone who keeps cool no matter the situation, <em>Arsenic and Old Lace<\/em> takes the inverse position and reveals the chaos that can so quickly become unleashed in the right circumstances. This serves dual purposes by both showcasing Grant\u2019s talent for absolutely bonkers comedic roles and utilizing a common conception of the Cary Grant brand to help us form an understanding of Mortimer as a character and his fears of his constructed persona failing.<\/p><\/blockquote>\n<p>Ich muss den Film unbedingt mal wieder sehen &#8211; nicht nur wegen Cary Grant, dem John Cleese hier offensichtlich seine besten Monty Python Moves abgeguckt hat, sondern auch wegen der hinrei\u00dfenden Josephine Hull und Jean Adair, die die beiden t\u00f6dlichen Tanten spielen.<\/p>\n","protected":false},"excerpt":{"rendered":"<p>Nochmal ein strahlender Tag, der fast bis zu Sommerw\u00e4rme aufheizte. Vor der Arbeit radelte ich bei der Praxis der Haus\u00e4rztin vorbei, um ein Rezept f\u00fcr mein Migr\u00e4nemittel abzuholen. Die Beschilderung ums Oktoberfest hat sich der Zeit angepasst (Foto vom Montagmorgen). Emsiges bis gehetztes Arbeiten, denn ich hatte einen aush\u00e4usigen Nachmittagstermin. Mittags Pastareste vom Vorabend und [&hellip;]<\/p>\n","protected":false},"author":2,"featured_media":0,"comment_status":"open","ping_status":"closed","sticky":false,"template":"","format":"standard","meta":{"footnotes":""},"categories":[2,1],"tags":[],"class_list":["post-54935","post","type-post","status-publish","format-standard","hentry","category-fotos","category-general"],"_links":{"self":[{"href":"https:\/\/www.vorspeisenplatte.de\/speisen\/wp-json\/wp\/v2\/posts\/54935","targetHints":{"allow":["GET"]}}],"collection":[{"href":"https:\/\/www.vorspeisenplatte.de\/speisen\/wp-json\/wp\/v2\/posts"}],"about":[{"href":"https:\/\/www.vorspeisenplatte.de\/speisen\/wp-json\/wp\/v2\/types\/post"}],"author":[{"embeddable":true,"href":"https:\/\/www.vorspeisenplatte.de\/speisen\/wp-json\/wp\/v2\/users\/2"}],"replies":[{"embeddable":true,"href":"https:\/\/www.vorspeisenplatte.de\/speisen\/wp-json\/wp\/v2\/comments?post=54935"}],"version-history":[{"count":3,"href":"https:\/\/www.vorspeisenplatte.de\/speisen\/wp-json\/wp\/v2\/posts\/54935\/revisions"}],"predecessor-version":[{"id":54947,"href":"https:\/\/www.vorspeisenplatte.de\/speisen\/wp-json\/wp\/v2\/posts\/54935\/revisions\/54947"}],"wp:attachment":[{"href":"https:\/\/www.vorspeisenplatte.de\/speisen\/wp-json\/wp\/v2\/media?parent=54935"}],"wp:term":[{"taxonomy":"category","embeddable":true,"href":"https:\/\/www.vorspeisenplatte.de\/speisen\/wp-json\/wp\/v2\/categories?post=54935"},{"taxonomy":"post_tag","embeddable":true,"href":"https:\/\/www.vorspeisenplatte.de\/speisen\/wp-json\/wp\/v2\/tags?post=54935"}],"curies":[{"name":"wp","href":"https:\/\/api.w.org\/{rel}","templated":true}]}}