{"id":55298,"date":"2019-10-20T09:28:22","date_gmt":"2019-10-20T07:28:22","guid":{"rendered":"https:\/\/www.vorspeisenplatte.de\/speisen\/?p=55298"},"modified":"2019-10-20T10:41:26","modified_gmt":"2019-10-20T08:41:26","slug":"journal-samstag-19-oktober-2019-80-taufpatinnengeburtstag","status":"publish","type":"post","link":"https:\/\/www.vorspeisenplatte.de\/speisen\/2019\/10\/journal-samstag-19-oktober-2019-80-taufpatinnengeburtstag.htm","title":{"rendered":"Journal Samstag, 19. Oktober 2019 &#8211; 80. Taufpatinnengeburtstag"},"content":{"rendered":"<p>Mittelgute Nacht. Aufgewacht mit br\u00fcllenden Nebenh\u00f6hlenschmerzen, die erst nach dem zweiten Paracetamol nachlie\u00dfen. (Aspirin meide ich wegen ihrer blutverd\u00fcnnenden Wirkung: Am Montag habe ich einen Termin f\u00fcr einen kleinen, ganz kleinen operativen Eingriff, und ich will nicht im eigenen Blute davonschwimmen.)<\/p>\n<p>Nach dem Bloggen und Milchkaffeetrinken Waschmaschine gef\u00fcllt und angeschaltet, dann nochmal f\u00fcr ein paar Stunden ins Bett &#8211; das sonnige und milde Drau\u00dfen musste ohne mich auskommen.<\/p>\n<p>Duschen und Anziehen, dann gab es Mittagsfr\u00fchst\u00fcck f\u00fcr Herrn Kaltmamsell und mich: Ernteanteilsalat und Bagels, meinen belegte ich mit Frischk\u00e4se, eingelegten getrockneten Tomaten und Ernteanteilkresse.<\/p>\n<p>Internetlesen, dann war die Wochenendzeitung dran. Abends waren wir in Ingolstadt zu einer Geburtstagsfeier eingeladen, am Nachmittag machte ich mich daf\u00fcr fein. Und stellte massives Phantomzunehmen fest: Ich war \u00fcberzeugt, dass ich steil an Umfang gewinne &#8211; ist ja klar, weil ich seit Wochen wegen der H\u00fcftprobleme keinen Sport treibe. Umso gr\u00f6\u00dfer war die \u00dcberraschung, als das geplante Kleid passte wie beim letzten Tragen vor sicher mehr als einem Jahr. Wie ich auch sonst kein Kleidungskneifen registriere. Jetzt verlege ich mich darauf, dass das Kneifen \u00fcberfallartig passieren wird.<\/p>\n<p>Zug nach Ingolstadt, vom Hauptbahnhof aus Taxi in die <a href=\"http:\/\/antonius-schwaige.de\/\" rel=\"noopener noreferrer\" target=\"_blank\">Antoniusschwaige<\/a> (die ich als Kind immer am weithin sichtbaren Windrad erkannte, das inzwischen aber um 300 Meter versetzt wurde). Gefeiert wurde der 80. Geburtstag meiner Taufpatin Irmi &#8211; da wir keinen regelm\u00e4\u00dfigen Kontakt haben, hatte ich mich sehr \u00fcber die Einladung gefreut.<\/p>\n<p><a href=\"https:\/\/www.vorspeisenplatte.de\/speisen\/archiv\/1967_Irmi_Ines_Oma.jpg\"><img loading=\"lazy\" decoding=\"async\" src=\"https:\/\/www.vorspeisenplatte.de\/speisen\/archiv\/1967_Irmi_Ines_Oma.jpg\" alt=\"\" width=\"516\" height=\"366\" class=\"alignnone size-full wp-image-55302\" \/><\/a><\/p>\n<p>Hier tr\u00e4gt mich Irmi 1967 zum Taufbecken. Rechts meine polnische Oma.<\/p>\n<p><a href=\"https:\/\/www.vorspeisenplatte.de\/speisen\/archiv\/1968_Ines_Irmi.jpg\"><img loading=\"lazy\" decoding=\"async\" src=\"https:\/\/www.vorspeisenplatte.de\/speisen\/archiv\/1968_Ines_Irmi.jpg\" alt=\"\" width=\"353\" height=\"532\" class=\"alignnone size-full wp-image-55303\" \/><\/a><\/p>\n<p>Irmi war ein sehr positiver Bestandteil meines Aufwachsens. Wenn ich bei ihr war, galten nicht so strenge Regeln. Sie war gleichzeitig emsig, l\u00e4ssig und gem\u00fctlich. Bei Irmi gab es wundervolle Kuchen, und ich genoss das explosive Lachen, zu dem sie jederzeit bereit war (und das auch 80-j\u00e4hrig noch so klingt). Vor allem aber schenkte sie mir zu meinen Geburtstagen Buchgutscheine: Die ersten B\u00fccher, die ich nicht auslieh, sondern nach dem Aussuchen auch besa\u00df.<\/p>\n<p>Lauter sch\u00f6ne Begegnungen anl\u00e4sslich des Fests. Gestern sah ich nach sehr langer Zeit ein Paar wieder, das in meiner Kindheit zum Freundeskreis meiner Eltern geh\u00f6rt hatte und mit dem es viele gemeinsame Unternehmungen gab: die Taufpaten meines Bruders, er wie mein Vater Anfang der 60er als Gastarbeiter nach Deutschland gekommen, sie eine Einheimische mit Fl\u00fcchtlingshintergrund (zur Erinnerung: das waren damals noch die Fl\u00fcchtlinge des Zweiten Weltkriegs).<\/p>\n<p><a href=\"https:\/\/www.vorspeisenplatte.de\/speisen\/archiv\/1976_Randeck.jpg\"><img loading=\"lazy\" decoding=\"async\" src=\"https:\/\/www.vorspeisenplatte.de\/speisen\/archiv\/1976_Randeck.jpg\" alt=\"\" width=\"502\" height=\"360\" class=\"alignnone size-full wp-image-55304\" \/><\/a><\/p>\n<p>Hier sieht man die beiden 1976 bei einem Ausflug der Freundesgruppe nach Burg Randeck; er hat meinen kleinen Bruder auf dem Arm. Links im Hintergrund meine Mutter, rechts die Tochter der beiden.<\/p>\n<p>Und Irmis drei Kinder sah ich nach zehn Jahren mal wieder. Wir verglichen Erinnerungen und wunderten uns unter anderem dar\u00fcber, was wir uns als Kinder alles gefallen und einreden hatten lassen.<\/p>\n<p>Nachts wieder Taxi und Zug zur\u00fcck nach M\u00fcnchen &#8211; alles problemlos, alles p\u00fcnktlich. <img loading=\"lazy\" decoding=\"async\" src=\"https:\/\/vg08.met.vgwort.de\/na\/0aec3f2801a4473ab0f1003b32fb32d0\" width=\"1\" height=\"1\" alt=\"\"\/><\/p>\n","protected":false},"excerpt":{"rendered":"<p>Mittelgute Nacht. Aufgewacht mit br\u00fcllenden Nebenh\u00f6hlenschmerzen, die erst nach dem zweiten Paracetamol nachlie\u00dfen. (Aspirin meide ich wegen ihrer blutverd\u00fcnnenden Wirkung: Am Montag habe ich einen Termin f\u00fcr einen kleinen, ganz kleinen operativen Eingriff, und ich will nicht im eigenen Blute davonschwimmen.) Nach dem Bloggen und Milchkaffeetrinken Waschmaschine gef\u00fcllt und angeschaltet, dann nochmal f\u00fcr ein paar [&hellip;]<\/p>\n","protected":false},"author":2,"featured_media":0,"comment_status":"open","ping_status":"closed","sticky":false,"template":"","format":"standard","meta":{"footnotes":""},"categories":[2,1],"tags":[],"class_list":["post-55298","post","type-post","status-publish","format-standard","hentry","category-fotos","category-general"],"_links":{"self":[{"href":"https:\/\/www.vorspeisenplatte.de\/speisen\/wp-json\/wp\/v2\/posts\/55298","targetHints":{"allow":["GET"]}}],"collection":[{"href":"https:\/\/www.vorspeisenplatte.de\/speisen\/wp-json\/wp\/v2\/posts"}],"about":[{"href":"https:\/\/www.vorspeisenplatte.de\/speisen\/wp-json\/wp\/v2\/types\/post"}],"author":[{"embeddable":true,"href":"https:\/\/www.vorspeisenplatte.de\/speisen\/wp-json\/wp\/v2\/users\/2"}],"replies":[{"embeddable":true,"href":"https:\/\/www.vorspeisenplatte.de\/speisen\/wp-json\/wp\/v2\/comments?post=55298"}],"version-history":[{"count":3,"href":"https:\/\/www.vorspeisenplatte.de\/speisen\/wp-json\/wp\/v2\/posts\/55298\/revisions"}],"predecessor-version":[{"id":55318,"href":"https:\/\/www.vorspeisenplatte.de\/speisen\/wp-json\/wp\/v2\/posts\/55298\/revisions\/55318"}],"wp:attachment":[{"href":"https:\/\/www.vorspeisenplatte.de\/speisen\/wp-json\/wp\/v2\/media?parent=55298"}],"wp:term":[{"taxonomy":"category","embeddable":true,"href":"https:\/\/www.vorspeisenplatte.de\/speisen\/wp-json\/wp\/v2\/categories?post=55298"},{"taxonomy":"post_tag","embeddable":true,"href":"https:\/\/www.vorspeisenplatte.de\/speisen\/wp-json\/wp\/v2\/tags?post=55298"}],"curies":[{"name":"wp","href":"https:\/\/api.w.org\/{rel}","templated":true}]}}