{"id":55459,"date":"2019-10-28T07:03:56","date_gmt":"2019-10-28T06:03:56","guid":{"rendered":"https:\/\/www.vorspeisenplatte.de\/speisen\/?p=55459"},"modified":"2019-11-19T13:33:11","modified_gmt":"2019-11-19T12:33:11","slug":"journal-sonntag-27-oktober-2019-abschied-vom-oktobersommer","status":"publish","type":"post","link":"https:\/\/www.vorspeisenplatte.de\/speisen\/2019\/10\/journal-sonntag-27-oktober-2019-abschied-vom-oktobersommer.htm","title":{"rendered":"Journal Sonntag, 27. Oktober 2019 &#8211; Abschied vom Oktobersommer"},"content":{"rendered":"<p>Schlaf wieder eher zerst\u00fcckelt, aber bei zehn Stunden brutto blieb genug netto.<\/p>\n<p>Morgens erst mal die Uhren alle auf Winterzeit zur\u00fcckgestellt, also Backofenuhr, Baduhr, Wecker (dabei Herrn Kaltmamsell ferngehalten mit der Ansage: &#8220;Zerbrich dir nicht dein h\u00fcbsches K\u00f6pfchen mit solchen Problemen.&#8221;).<\/p>\n<p>Der Sonntag brachte nochmal Sp\u00e4tsommer. Ich bloggte und las gem\u00fctlich, bevor ich mich duschte und anzog. Das Semmelnholen verband ich mit einem Spaziergang durch die wundervollen Farben \u00fcber den S\u00fcdfriedhof (sechs! Eichh\u00f6rnchen gesehen!). Allerdings f\u00fchlte ich mich irgendwie gar nicht gesund, es wollte doch wohl nicht der Infekt zur\u00fcckkommen?<\/p>\n<p><a href=\"https:\/\/www.vorspeisenplatte.de\/speisen\/archiv\/191027_06_Suedfriedhof.jpg\"><img loading=\"lazy\" decoding=\"async\" src=\"https:\/\/www.vorspeisenplatte.de\/speisen\/archiv\/191027_06_Suedfriedhof.jpg\" alt=\"\" width=\"412\" height=\"574\" class=\"alignnone size-full wp-image-55475\" \/><\/a><\/p>\n<p><a href=\"https:\/\/www.vorspeisenplatte.de\/speisen\/archiv\/191027_04_Suedfriedhof.jpg\"><img loading=\"lazy\" decoding=\"async\" src=\"https:\/\/www.vorspeisenplatte.de\/speisen\/archiv\/191027_04_Suedfriedhof.jpg\" alt=\"\" width=\"363\" height=\"484\" class=\"alignnone size-full wp-image-55476\" \/><\/a><\/p>\n<p>Locken hei\u00dfen auf Bayrisch ja auch &#8220;Schneckerlhaar&#8221;, ein lockenhaariger Mensch ist &#8220;g&#8217;schneckerlt&#8221;. Drum.<\/p>\n<p><a href=\"https:\/\/www.vorspeisenplatte.de\/speisen\/archiv\/191027_08_Suedfriedhof.jpg\"><img loading=\"lazy\" decoding=\"async\" src=\"https:\/\/www.vorspeisenplatte.de\/speisen\/archiv\/191027_08_Suedfriedhof.jpg\" alt=\"\" width=\"468\" height=\"672\" class=\"alignnone size-full wp-image-55477\" srcset=\"https:\/\/www.vorspeisenplatte.de\/speisen\/archiv\/191027_08_Suedfriedhof.jpg 468w, https:\/\/www.vorspeisenplatte.de\/speisen\/archiv\/191027_08_Suedfriedhof-418x600.jpg 418w\" sizes=\"auto, (max-width: 468px) 100vw, 468px\" \/><\/a><\/p>\n<p><a href=\"https:\/\/www.vorspeisenplatte.de\/speisen\/archiv\/191027_10_Suedfriedhof.jpg\"><img loading=\"lazy\" decoding=\"async\" src=\"https:\/\/www.vorspeisenplatte.de\/speisen\/archiv\/191027_10_Suedfriedhof.jpg\" alt=\"\" width=\"333\" height=\"444\" class=\"alignnone size-full wp-image-55478\" \/><\/a><\/p>\n<p><a href=\"https:\/\/www.vorspeisenplatte.de\/speisen\/archiv\/191027_13_StMatthaeus.jpg\"><img loading=\"lazy\" decoding=\"async\" src=\"https:\/\/www.vorspeisenplatte.de\/speisen\/archiv\/191027_13_StMatthaeus.jpg\" alt=\"\" width=\"480\" height=\"570\" class=\"alignnone size-full wp-image-55479\" \/><\/a><\/p>\n<p>Nach dem Fr\u00fchst\u00fcck setzte ich mich in einem Sessel auf den sonnigen Balkon und las die Wochenend-<i>SZ<\/i>. Dann half alles nichts, ich machte ich mich nochmal ans B\u00fcgeln: Zum einen b\u00fcgelte ich Winterkleidung auf, zum anderen aktuelle T-Shirts etc. Das waren nochmal zwei Stunden Lebenszeit, ich hoffe, bis zum n\u00e4chsten Wechsel Sommer- gegen Winterkleidung wird&#8217;s nie mehr so viel auf einmal. Dabei h\u00f6rte ich einen lange offenen Tab weg: Eine SWR2-Sendung von 2018, Vertonung eines sehr klugen und geschickt argumentierten Essays von Margarete Stochowski:<br \/>\n<a href=\"https:\/\/www.swr.de\/swr2\/leben-und-gesellschaft\/Margarete-Stochowski-das-groesste-rudel-der-welt,broadcastcontrib-swr-11238.html\" target=\"_blank\" rel=\"noopener noreferrer\">&#8220;Das gr\u00f6\u00dfte Rudel der Welt: Einige Gedanken \u00fcber sexuelle Bel\u00e4stigung&#8221;.<\/a><\/p>\n<p><a href=\"https:\/\/www.swr.de\/swr2\/programm\/download-swr-3278.pdf\" target=\"_blank\" rel=\"noopener noreferrer\">Hier der Text des Features zum Nachlesen.<\/a><\/p>\n<p>Allerdings bin ich hochgradig verdutzt von dem Stephen-Fry-Zitat, das hier verwendet wird: In welchem Zusammenhang mag er sich nur bem\u00fc\u00dfigt gef\u00fchlt haben, Aussagen \u00fcber weibliche Sexualit\u00e4t zu machen, noch dazu so dumme?<\/p>\n<p>Nachmittagssnack: Engadiner Nusstorte, die mir sehr gut schmeckte.<\/p>\n<p><a href=\"https:\/\/www.vorspeisenplatte.de\/speisen\/archiv\/191027_15_Nusstorte.jpg\"><img loading=\"lazy\" decoding=\"async\" src=\"https:\/\/www.vorspeisenplatte.de\/speisen\/archiv\/191027_15_Nusstorte.jpg\" alt=\"\" width=\"333\" height=\"300\" class=\"alignnone size-full wp-image-55481\" \/><\/a><\/p>\n<p>N\u00e4chstes Buch angefangen: Juan Moreno, <i>Tausend Zeilen L\u00fcge: Das System Relotius und der deutsche Journalismus<\/i>. Und wieder ging es mir wie mit bislang allen Texten von ihm, die ich seit mindestens 15 Jahren lese: Ich lachte an einigen Stellen besonders laut, weil ich ein Zwinkern von Kind eines spanischen Gastarbeiters zu Kind eines spanischen Gastarbeiters sp\u00fcrte &#8211; auch wenn wahrscheinlich sowohl sein andalusischer als auch mein madrilenischer Vater sich dagegen verwahren w\u00fcrden, als selbe Sorte Spanier wahrgenommen zu werden.<\/p>\n<p>Es wurde schon arg fr\u00fch dunkel, aber wir werden uns gew\u00f6hnen.<br \/>\nAbendessen kam diesmal wieder von Herrn Kaltmamsell: Er hatte Wirsing aus Ernteanteil verarbeitet, dazu fr\u00e4nkische Bratw\u00fcrst, Direktimport, aus der Gefriere geholt. Und Kartoffelp\u00fc. Also nochmal richtig gut essen, bevor uns die Wahlergebnisse aus Th\u00fcringen auf den Magen schlugen.<\/p>\n<p>\u00a7<\/p>\n<p><a href=\"https:\/\/www.buddenbohm-und-soehne.de\/2019\/10\/27\/die-naechste-muehle-ist-meine\/\" rel=\"noopener noreferrer\" target=\"_blank\">Maximilian Buddenbohm schreibt Wahres<\/a>:<\/p>\n<blockquote><p>Das Pflichtgef\u00fchl erreicht Stellen im Hirn, da kommt Entspannung gar nicht hin.<\/p><\/blockquote>\n<p> <img loading=\"lazy\" decoding=\"async\" src=\"https:\/\/vg08.met.vgwort.de\/na\/b2f11b5e619b48e0950bfac2b3793c65\" width=\"1\" height=\"1\" alt=\"\"\/><\/p>\n","protected":false},"excerpt":{"rendered":"<p>Schlaf wieder eher zerst\u00fcckelt, aber bei zehn Stunden brutto blieb genug netto. Morgens erst mal die Uhren alle auf Winterzeit zur\u00fcckgestellt, also Backofenuhr, Baduhr, Wecker (dabei Herrn Kaltmamsell ferngehalten mit der Ansage: &#8220;Zerbrich dir nicht dein h\u00fcbsches K\u00f6pfchen mit solchen Problemen.&#8221;). Der Sonntag brachte nochmal Sp\u00e4tsommer. Ich bloggte und las gem\u00fctlich, bevor ich mich duschte [&hellip;]<\/p>\n","protected":false},"author":2,"featured_media":0,"comment_status":"open","ping_status":"closed","sticky":false,"template":"","format":"standard","meta":{"footnotes":""},"categories":[3,6,2,1],"tags":[],"class_list":["post-55459","post","type-post","status-publish","format-standard","hentry","category-bucher","category-essen","category-fotos","category-general"],"_links":{"self":[{"href":"https:\/\/www.vorspeisenplatte.de\/speisen\/wp-json\/wp\/v2\/posts\/55459","targetHints":{"allow":["GET"]}}],"collection":[{"href":"https:\/\/www.vorspeisenplatte.de\/speisen\/wp-json\/wp\/v2\/posts"}],"about":[{"href":"https:\/\/www.vorspeisenplatte.de\/speisen\/wp-json\/wp\/v2\/types\/post"}],"author":[{"embeddable":true,"href":"https:\/\/www.vorspeisenplatte.de\/speisen\/wp-json\/wp\/v2\/users\/2"}],"replies":[{"embeddable":true,"href":"https:\/\/www.vorspeisenplatte.de\/speisen\/wp-json\/wp\/v2\/comments?post=55459"}],"version-history":[{"count":3,"href":"https:\/\/www.vorspeisenplatte.de\/speisen\/wp-json\/wp\/v2\/posts\/55459\/revisions"}],"predecessor-version":[{"id":55950,"href":"https:\/\/www.vorspeisenplatte.de\/speisen\/wp-json\/wp\/v2\/posts\/55459\/revisions\/55950"}],"wp:attachment":[{"href":"https:\/\/www.vorspeisenplatte.de\/speisen\/wp-json\/wp\/v2\/media?parent=55459"}],"wp:term":[{"taxonomy":"category","embeddable":true,"href":"https:\/\/www.vorspeisenplatte.de\/speisen\/wp-json\/wp\/v2\/categories?post=55459"},{"taxonomy":"post_tag","embeddable":true,"href":"https:\/\/www.vorspeisenplatte.de\/speisen\/wp-json\/wp\/v2\/tags?post=55459"}],"curies":[{"name":"wp","href":"https:\/\/api.w.org\/{rel}","templated":true}]}}