{"id":55954,"date":"2019-11-20T06:20:14","date_gmt":"2019-11-20T05:20:14","guid":{"rendered":"https:\/\/www.vorspeisenplatte.de\/speisen\/?p=55954"},"modified":"2019-11-20T06:20:14","modified_gmt":"2019-11-20T05:20:14","slug":"journal-dienstag-19-november-2019-halt-auch","status":"publish","type":"post","link":"https:\/\/www.vorspeisenplatte.de\/speisen\/2019\/11\/journal-dienstag-19-november-2019-halt-auch.htm","title":{"rendered":"Journal Dienstag, 19. November 2019 &#8211; Halt auch"},"content":{"rendered":"<p>Ereignisloser Tag. Trockenes Radeln in die Arbeit, Wetter meist sonnig, Temperatur immer noch \u00fcber Null.<\/p>\n<p>Mittags Birnen und Mandarinen mit einem St\u00fcckchen Manchego, Nachmittagssnack ein halber Eiwei\u00dfriegel.<\/p>\n<p>Arbeit \u00fcberschaubar und ohne Querschl\u00e4ger.<\/p>\n<p>Heimradeln \u00fcber Biosupermarkt, dort vor allem Obst und Gem\u00fcse f\u00fcr Brotzeit gekauft, au\u00dferdem Apfelmus und Eier f\u00fcr das Mittwochabendbrot.<\/p>\n<p>Zum gestrigen Nachtmahl verarbeitete Herr Kaltmamsell den Rosenkohl aus Ernteanteil zu einem Pastagericht mit Orecchiette und etwas frische roter Chilli.<\/p>\n<p>W\u00e4hrend er Abendbrot kochte, schnippelte ich mir schon mal die Brotzeit f\u00fcr Mittwoch: ein Restl Buchweizen mit roter Paprika, Gurke und Petersilie.<\/p>\n<p>Abendunterhaltung war <a href=\"https:\/\/www.zdf.de\/comedy\/die-anstalt\/die-anstalt-vom-5-november-2019-100.html\" rel=\"noopener noreferrer\" target=\"_blank\">die j\u00fcngste Folge <i>Anstalt<\/i> aus der Mediathek zu 30 Jahren Mauerfall<\/a>. F\u00fcr mich enthielt sie wenig Neues, doch ich war sehr angetan \u00fcber die beiden G\u00e4ste von &#8220;Z\u00e4rtlichkeiten mit Freunden&#8221;. Hier die <i>extended version<\/i> ihrer Nummer aus der <i>Anstalt<\/i>:<\/p>\n<div class=\"video-wrapped\" style=\"width: 500px; height: 281px; background-image: url('https:\/\/www.vorspeisenplatte.de\/speisen\/wp-content\/plugins\/video-embed-privacy\/preview\/6Bk88pJf2q4.jpg')\" data-embed-frame=\"&lt;iframe title=&quot;Z\u00e4rtlichkeiten mit Freunden: &amp;quot;Es ist Zweidrittel 5&amp;quot;&quot; width=&quot;500&quot; height=&quot;281&quot; src=&quot;https:\/\/www.youtube.com\/embed\/6Bk88pJf2q4?feature=oembed&quot; frameborder=&quot;0&quot; allow=&quot;accelerometer; autoplay; clipboard-write; encrypted-media; gyroscope; picture-in-picture; web-share&quot; referrerpolicy=&quot;strict-origin-when-cross-origin&quot; allowfullscreen&gt;&lt;\/iframe&gt;\" data-embed-play=\"Abspielen&lt;div class=&quot;small&quot;&gt;Das Video wird von Youtube eingebettet abespielt. Es gilt die &lt;a href=&quot;https:\/\/www.google.com\/intl\/de\/policies\/privacy\/&quot; target=&quot;_blank&quot;&gt;Datenschutzerkl\u00e4rung von Google&lt;\/a&gt;&lt;\/div&gt;\">\n<div class=\"video-wrapped-nojs\">Aktivieren Sie JavaScript um das Video zu sehen.<br \/><a href=\"https:\/\/youtu.be\/6Bk88pJf2q4\">https:\/\/youtu.be\/6Bk88pJf2q4<\/a><\/div>\n<\/div>\n","protected":false},"excerpt":{"rendered":"<p>Ereignisloser Tag. Trockenes Radeln in die Arbeit, Wetter meist sonnig, Temperatur immer noch \u00fcber Null. Mittags Birnen und Mandarinen mit einem St\u00fcckchen Manchego, Nachmittagssnack ein halber Eiwei\u00dfriegel. Arbeit \u00fcberschaubar und ohne Querschl\u00e4ger. Heimradeln \u00fcber Biosupermarkt, dort vor allem Obst und Gem\u00fcse f\u00fcr Brotzeit gekauft, au\u00dferdem Apfelmus und Eier f\u00fcr das Mittwochabendbrot. Zum gestrigen Nachtmahl verarbeitete [&hellip;]<\/p>\n","protected":false},"author":2,"featured_media":0,"comment_status":"open","ping_status":"closed","sticky":false,"template":"","format":"standard","meta":{"footnotes":""},"categories":[1],"tags":[],"class_list":["post-55954","post","type-post","status-publish","format-standard","hentry","category-general"],"_links":{"self":[{"href":"https:\/\/www.vorspeisenplatte.de\/speisen\/wp-json\/wp\/v2\/posts\/55954","targetHints":{"allow":["GET"]}}],"collection":[{"href":"https:\/\/www.vorspeisenplatte.de\/speisen\/wp-json\/wp\/v2\/posts"}],"about":[{"href":"https:\/\/www.vorspeisenplatte.de\/speisen\/wp-json\/wp\/v2\/types\/post"}],"author":[{"embeddable":true,"href":"https:\/\/www.vorspeisenplatte.de\/speisen\/wp-json\/wp\/v2\/users\/2"}],"replies":[{"embeddable":true,"href":"https:\/\/www.vorspeisenplatte.de\/speisen\/wp-json\/wp\/v2\/comments?post=55954"}],"version-history":[{"count":1,"href":"https:\/\/www.vorspeisenplatte.de\/speisen\/wp-json\/wp\/v2\/posts\/55954\/revisions"}],"predecessor-version":[{"id":55955,"href":"https:\/\/www.vorspeisenplatte.de\/speisen\/wp-json\/wp\/v2\/posts\/55954\/revisions\/55955"}],"wp:attachment":[{"href":"https:\/\/www.vorspeisenplatte.de\/speisen\/wp-json\/wp\/v2\/media?parent=55954"}],"wp:term":[{"taxonomy":"category","embeddable":true,"href":"https:\/\/www.vorspeisenplatte.de\/speisen\/wp-json\/wp\/v2\/categories?post=55954"},{"taxonomy":"post_tag","embeddable":true,"href":"https:\/\/www.vorspeisenplatte.de\/speisen\/wp-json\/wp\/v2\/tags?post=55954"}],"curies":[{"name":"wp","href":"https:\/\/api.w.org\/{rel}","templated":true}]}}