{"id":56260,"date":"2019-12-06T06:17:34","date_gmt":"2019-12-06T05:17:34","guid":{"rendered":"https:\/\/www.vorspeisenplatte.de\/speisen\/?p=56260"},"modified":"2019-12-06T06:17:34","modified_gmt":"2019-12-06T05:17:34","slug":"journal-donnerstag-5-dezember-2019-nebelsuppe","status":"publish","type":"post","link":"https:\/\/www.vorspeisenplatte.de\/speisen\/2019\/12\/journal-donnerstag-5-dezember-2019-nebelsuppe.htm","title":{"rendered":"Journal Donnerstag, 5. Dezember 2019 &#8211; Nebelsuppe"},"content":{"rendered":"<p>Gute Nacht dank Ibu, die nur wenig vorzeitig beendet wurde, als der Nachbar um halb sechs sicherstellte, dass alle im Stadtviertel mitbekamen, wie er seine RRRROMMMS! drei RRRROMMMS! Roll\u00e4den RRRROMMMS! hochzog. (Oida!)<\/p>\n<p>Brav vorm Duschen eine Runde Orth\u00f6p\u00e4den-Plank eingeschoben. Drau\u00dfen richtig dicker Nebel, aber durch Temperaturen um die Null nicht zu unangenehm beim Radeln in die Arbeit.<\/p>\n<p>Der Nebel verzog sich \u00fcber den Vormittag und machte Platz f\u00fcr Sonnenschein.<\/p>\n<p>Morgens hatte ich festgestellt, dass ich nichts f\u00fcr die Brotzeit hatte. Kurzerhand Birchermuesli und Haferflocken in einem Schraubglas mit Wasser begossen, kurz vor Abmarsch Joghurt dr\u00fcbergel\u00f6ffelt: Zu Mittag schmeckte mir das ganz ausgezeichnet und war mit einem Apfel aus Ernteanteil genau das Richtige. Nachmittagssnack Eiwei\u00dfriegel.<\/p>\n<p>Mit der Dunkelheit kam auch der Nebel zur\u00fcck.<\/p>\n<p>Abends Reha-Sport, diesmal wieder zum Start Progressive Muskelentspannung. Zumindest klappte stellenweise k\u00f6rperliche Entspannung, aber das mit dem Konzentrieren auf sich selbst, Kopf Freimachen geht wirklich nicht direkt nach einem Arbeitstag. Ger\u00e4te\u00fcbungen, die gute Stunde ist einfach zu lang, um nicht l\u00e4stig zu werden. Ich erinnerte mich daran, wie viel niedriger die Schwelle zum Absolvieren der halben Stunde Kiesertraining war &#8211; die lie\u00df sich locker zweimal die Woche schnell einschieben.<\/p>\n<p>Durch Nebel nach Hause. Herr Kaltmamsell hatte Ernteanteil geholt und die Pastinaken daraus mit einer gelben R\u00fcbe und einem Apfel zu Suppe verarbeitet und leicht gesch\u00e4rft, servierte sie mit ger\u00f6steten Haslen\u00fcssen und Manouri.<\/p>\n<p><a href=\"https:\/\/www.vorspeisenplatte.de\/speisen\/archiv\/191205_02_Nachtmahl.jpg\"><img loading=\"lazy\" decoding=\"async\" src=\"https:\/\/www.vorspeisenplatte.de\/speisen\/archiv\/191205_02_Nachtmahl.jpg\" alt=\"\" width=\"363\" height=\"443\" class=\"alignnone size-full wp-image-56273\" \/><\/a><\/p>\n<p>Noch ein paar H\u00e4uslichkeiten, f\u00fcr die am Wochenende keine Zeit sein wird, weil ich mit Herrn Kaltmamsell zu einer Geburtstagsfeier in die Schweiz reise!<\/p>\n<p>\u00a7<\/p>\n<p>Schwere Kost.<br \/>\n<a href=\"https:\/\/www.zeit.de\/2019\/51\/frauenmorde-gewalt-partnerschaft-bundeskriminalamt\" rel=\"noopener noreferrer\" target=\"_blank\">&#8220;Frauenmorde:<br \/>\nVon ihren M\u00e4nnern get\u00f6tet&#8221;.<\/a><\/p>\n<blockquote><p>Von allen in Deutschland get\u00f6teten Frauen stirbt fast die H\u00e4lfte durch die Hand des Mannes, der vorgibt, sie zu lieben: ihres Ehemanns oder Lebensgef\u00e4hrten.<\/p><\/blockquote>\n<p>Elisabeth Raether und Michael Schlegel sind f\u00fcr die <i>Zeit<\/i> allen 122 solchen T\u00f6tungen in der Bundesrepublik im Jahr 2018 nachgegangen.<\/p>\n<p>Was unter anderem deutlich wird: Eine Antwort auf die Frage, warum die Partnerinnen von gewaltt\u00e4tigen M\u00e4nnern nicht &#8220;einfach gehen&#8221; &#8211; sie br\u00e4chten sich damit in noch gr\u00f6\u00dfere Lebensgefahr. (Deshalb sind Frauenh\u00e4user so wichtig.)<br \/>\nEbenfalls deutlich: Dass das Ph\u00e4nomen durch alle Gesellschafts- und Altersschichten in Deutschland geht.<\/p>\n<p>Unvorsichtigerweise habe ich auf Twitter in die Replies geblinzelt: Ja, es gibt nicht nur einen Mann, der Feministinnen verantwortlich f\u00fcr diese M\u00e4nnergewalt macht &#8211; ihre Provokationen machten die M\u00e4nner eben zornig. Der Vollst\u00e4ndigkeit halber schreibe ich die Widerlegung aus: Sanftheit und Demut hat noch keine Frau vor Gewalt bewahrt.<br \/>\n<a href=\"https:\/\/twitter.com\/ZDFheute\/status\/1200746491167608834\" rel=\"noopener noreferrer\" target=\"_blank\">Darauf der Film einer feministischen Aktion in Chile &#8211; gegen sexualisierte Gewalt gegen Frauen<\/a> (mit deutscher \u00dcbersetzung.) Die Aktion verbreitet sich wohl mittlerweile in der ganzen Welt.<\/p>\n<p>\u00a7<\/p>\n<p>Andere waren 2019 auch Sch\u00f6ffin:<br \/>\n<a href=\"https:\/\/duotonal.de\/schoeffin-in-hamburg-das-erste-jahr\/\" rel=\"noopener noreferrer\" target=\"_blank\">&#8220;Sch\u00f6ffin in Hamburg \u2013 das erste Jahr&#8221;.<\/a><\/p>\n<p>via <a href=\"https:\/\/twitter.com\/claudine\" rel=\"noopener noreferrer\" target=\"_blank\">@claudine<\/a><\/p>\n<p>\u00a7<\/p>\n<p><a href=\"https:\/\/twitter.com\/MrMichaelSpicer\" rel=\"noopener noreferrer\" target=\"_blank\">Michael Spicer<\/a> tut nicht nur so, als souffliere er Politiker aus einem Hinterzimmer, sondern macht auch gro\u00dfartige Werbung &#8211; <a href=\"https:\/\/twitter.com\/MrMichaelSpicer\/status\/1202536497087336449\" rel=\"noopener noreferrer\" target=\"_blank\">hier ein Beispiel<\/a> (das hierzulande wohl nicht funktionieren w\u00fcrde). <img loading=\"lazy\" decoding=\"async\" src=\"https:\/\/vg08.met.vgwort.de\/na\/98788cc5871e4fdaadaf56dcc9bb7642\" width=\"1\" height=\"1\" alt=\"\"\/><\/p>\n","protected":false},"excerpt":{"rendered":"<p>Gute Nacht dank Ibu, die nur wenig vorzeitig beendet wurde, als der Nachbar um halb sechs sicherstellte, dass alle im Stadtviertel mitbekamen, wie er seine RRRROMMMS! drei RRRROMMMS! Roll\u00e4den RRRROMMMS! hochzog. (Oida!) Brav vorm Duschen eine Runde Orth\u00f6p\u00e4den-Plank eingeschoben. Drau\u00dfen richtig dicker Nebel, aber durch Temperaturen um die Null nicht zu unangenehm beim Radeln in [&hellip;]<\/p>\n","protected":false},"author":2,"featured_media":0,"comment_status":"open","ping_status":"closed","sticky":false,"template":"","format":"standard","meta":{"footnotes":""},"categories":[6,1],"tags":[],"class_list":["post-56260","post","type-post","status-publish","format-standard","hentry","category-essen","category-general"],"_links":{"self":[{"href":"https:\/\/www.vorspeisenplatte.de\/speisen\/wp-json\/wp\/v2\/posts\/56260","targetHints":{"allow":["GET"]}}],"collection":[{"href":"https:\/\/www.vorspeisenplatte.de\/speisen\/wp-json\/wp\/v2\/posts"}],"about":[{"href":"https:\/\/www.vorspeisenplatte.de\/speisen\/wp-json\/wp\/v2\/types\/post"}],"author":[{"embeddable":true,"href":"https:\/\/www.vorspeisenplatte.de\/speisen\/wp-json\/wp\/v2\/users\/2"}],"replies":[{"embeddable":true,"href":"https:\/\/www.vorspeisenplatte.de\/speisen\/wp-json\/wp\/v2\/comments?post=56260"}],"version-history":[{"count":3,"href":"https:\/\/www.vorspeisenplatte.de\/speisen\/wp-json\/wp\/v2\/posts\/56260\/revisions"}],"predecessor-version":[{"id":56277,"href":"https:\/\/www.vorspeisenplatte.de\/speisen\/wp-json\/wp\/v2\/posts\/56260\/revisions\/56277"}],"wp:attachment":[{"href":"https:\/\/www.vorspeisenplatte.de\/speisen\/wp-json\/wp\/v2\/media?parent=56260"}],"wp:term":[{"taxonomy":"category","embeddable":true,"href":"https:\/\/www.vorspeisenplatte.de\/speisen\/wp-json\/wp\/v2\/categories?post=56260"},{"taxonomy":"post_tag","embeddable":true,"href":"https:\/\/www.vorspeisenplatte.de\/speisen\/wp-json\/wp\/v2\/tags?post=56260"}],"curies":[{"name":"wp","href":"https:\/\/api.w.org\/{rel}","templated":true}]}}