{"id":56278,"date":"2019-12-07T07:21:41","date_gmt":"2019-12-07T06:21:41","guid":{"rendered":"https:\/\/www.vorspeisenplatte.de\/speisen\/?p=56278"},"modified":"2020-12-07T09:11:22","modified_gmt":"2020-12-07T08:11:22","slug":"journal-freitag-6-dezember-2019-ueberraschender-nikolaus","status":"publish","type":"post","link":"https:\/\/www.vorspeisenplatte.de\/speisen\/2019\/12\/journal-freitag-6-dezember-2019-ueberraschender-nikolaus.htm","title":{"rendered":"Journal Freitag, 6. Dezember 2019 &#8211; \u00dcberraschender Nikolaus"},"content":{"rendered":"<p>Frisch und munter nach einer guten Nacht aufgewacht (dank Ibu?), in der ich viel von der bevorstehenden Geburtstagsfeier am Samstag getr\u00e4umt hatte.<\/p>\n<p>Fr\u00fcher Wecker, um nochmal sporteln zu k\u00f6nnen: 25 Minuten Crosstrainer, Dehnen, Ortho-Bankst\u00fctz, seitliche Bauchmuskeln (den Seitst\u00fctz, den mir Dr. Orth2 auftragen wollte, verweigerte ich noch vor Ort &#8211; zu starke LWS-Schmerzen; aber es gibt ja Alternativen).<\/p>\n<p>UND! Im Wohnzimmer stand neben meinem Laptop ein Schokoladennikolaus, mit dem mich Herr Kaltmamsell wirklich \u00fcberraschte &#8211; ich hatte dieses Jahr v\u00f6llig vergessen, ihm mit Zaunpf\u00e4hlen zu bedeuten (transparente Kommunikation, so wichtig in Beziehungen), dass er besser mal f\u00fcr einen Nikolaus an Nikolaus sorgen m\u00f6ge. Der Zaunpfahl von 2018 war wohl gro\u00df genug f\u00fcr ein paar Jahre.<\/p>\n<p><a href=\"https:\/\/twitter.com\/TexasJim\" rel=\"noopener noreferrer\" target=\"_blank\">Ein Twitterer<\/a> (und gleichzeitig eine Internet-Bekanntschaft, seit er noch in der Schule war &#8211; mittlerweise hat er sogar einen Dr.) formulierte gestern treffend, wie ich durchs Leben gehe, das ich ja als Last empfinde: Die Suppe in den Haaren suchen. <\/p>\n<p>Sonniger Tag, morgens frostig, doch \u00fcber den Tag wurde es ein wenig milder. Mittags eine Breze und Quark mit Apfel, nachmittags ein wenig Schokolade aus dem Adventskalender, den mir ein Dienstleister geschenkt hatte.<\/p>\n<p>Sehr p\u00fcnktlicher Feierabend, ich hatte noch Dinge vor. Erst mal kaufte ich Abendessen ein: Im Vollvorner sah ich mich an der Fleischtheke um und entschied mich f\u00fcr &#8220;Lamm-Steaks&#8221; (sah mir nach Scheiben von der Keule aus), dazu Romanasalatherzen.<\/p>\n<p>Zu Hause &#8220;erst die Pflicht, dann das Vergn\u00fcgen&#8221; (einer der ehernen Spr\u00fcche, mit denen ich erzogen wurde): B\u00fcgeln. Eigentlich hatte ich nur das N\u00f6tigste f\u00fcr die n\u00e4chsten Tage b\u00fcgeln wollen, doch dann b\u00fcgelte ich den ganzen Podcast lang, den ich mir daf\u00fcr ausgesucht hatte:<\/p>\n<p>Katharina Borcherte, einst Lyssa, inzwischen Chief Innovation Officer bei Mozilla, wird eine Stunde f\u00fcr den <i>Zeit<\/i>-Podcast <i>Frisch an die Arbeit<\/i> interviewt.<br \/>\n<a href=\"https:\/\/www.zeit.de\/arbeit\/2019-11\/katharina-borchert-mozilla-firefox-innovation-arbeit\" rel=\"noopener noreferrer\" target=\"_blank\">&#8220;Katharina Borchert: &#8216;Mir ist bewusst, dass das Leben sehr kurz sein kann'&#8221;.<\/a><\/p>\n<p>Ich erfuhr einiges Neues \u00fcber ihre journalistische Karriere und wurde \u00fcberzeugt, dass ihr der superanstrengende Arbeitsstil, den sie seit Antritt bei der <i>WAZ<\/i> 2006 hat, wirklich, wirklich Spa\u00df macht. (Menschen sind verschieden!)<\/p>\n<p>Als Snack vorab hatte Herr Kaltmamsell den Gr\u00fcnkohl aus Ernteanteil zu Chips verarbeitet, dann gab es das Lamm mit dem Salat (Knoblauchjoghurtmajo, dr\u00fcbergestreut den Ruccola aus Ernteanteil), dazu Luxemburger Cremant Alice Hartmann.<\/p>\n<p><a href=\"https:\/\/www.vorspeisenplatte.de\/speisen\/archiv\/191206_02_Nachtmahl.jpg\"><img loading=\"lazy\" decoding=\"async\" src=\"https:\/\/www.vorspeisenplatte.de\/speisen\/archiv\/191206_02_Nachtmahl.jpg\" alt=\"\" width=\"393\" height=\"524\" class=\"alignnone size-full wp-image-56286\" \/><\/a><\/p>\n<p><a href=\"https:\/\/www.vorspeisenplatte.de\/speisen\/archiv\/191206_03_Nachtmahl.jpg\"><img loading=\"lazy\" decoding=\"async\" src=\"https:\/\/www.vorspeisenplatte.de\/speisen\/archiv\/191206_03_Nachtmahl.jpg\" alt=\"\" width=\"423\" height=\"423\" class=\"alignnone size-full wp-image-56287\" srcset=\"https:\/\/www.vorspeisenplatte.de\/speisen\/archiv\/191206_03_Nachtmahl.jpg 423w, https:\/\/www.vorspeisenplatte.de\/speisen\/archiv\/191206_03_Nachtmahl-150x150.jpg 150w, https:\/\/www.vorspeisenplatte.de\/speisen\/archiv\/191206_03_Nachtmahl-144x144.jpg 144w\" sizes=\"auto, (max-width: 423px) 100vw, 423px\" \/><\/a><\/p>\n<p>Absprachen zur samst\u00e4glichen Fahrt nach Basel, wohin die Deutsche Bahn uns diesmal erst mit dem Bus nach Z\u00fcrich schickt. (?)<\/p>\n<p>\u00a7<\/p>\n<p>Auf dem Blog <i>Textile Geschichten<\/i> die sehr interessante Geschichte der &#8220;Gelbsterne&#8221; Anfang des 20. Jahrhunderts, gleichzeitig Historie des Kleidungskaufs:<br \/>\n<a href=\"https:\/\/textilegeschichten.net\/2019\/11\/16\/probierdamen-und-idealmasse-1900\/\" rel=\"noopener noreferrer\" target=\"_blank\">&#8220;Probierdamen und Idealma\u00dfe 1900&#8221;.<\/a><\/p>\n<p>\u00a7<\/p>\n<p>Zum Thema des gestrigen Blogposts Misshandlung hatte ich erst am Abend zuvor einen Text im aktuellen <i>Granta<\/i> gelesen. Der schwedische Psychiater Ulf Karl Olov Nilsson schreibt \u00fcber das, was schweres Trauma mit Menschen anrichtet &#8211; und was das f\u00fcr den Umgang mit Fl\u00fcchtlingen bedeuten kann.<br \/>\n<a href=\"https:\/\/granta.com\/the-poetics-of-trauma\/\" rel=\"noopener noreferrer\" target=\"_blank\">&#8220;The Poetics of Trauma&#8221;.<\/a> <img loading=\"lazy\" decoding=\"async\" src=\"https:\/\/vg08.met.vgwort.de\/na\/2f33ffce423b4b3d83d1474a8098682b\" width=\"1\" height=\"1\" alt=\"\"\/><\/p>\n","protected":false},"excerpt":{"rendered":"<p>Frisch und munter nach einer guten Nacht aufgewacht (dank Ibu?), in der ich viel von der bevorstehenden Geburtstagsfeier am Samstag getr\u00e4umt hatte. Fr\u00fcher Wecker, um nochmal sporteln zu k\u00f6nnen: 25 Minuten Crosstrainer, Dehnen, Ortho-Bankst\u00fctz, seitliche Bauchmuskeln (den Seitst\u00fctz, den mir Dr. Orth2 auftragen wollte, verweigerte ich noch vor Ort &#8211; zu starke LWS-Schmerzen; aber es [&hellip;]<\/p>\n","protected":false},"author":2,"featured_media":0,"comment_status":"open","ping_status":"closed","sticky":false,"template":"","format":"standard","meta":{"footnotes":""},"categories":[6,1],"tags":[],"class_list":["post-56278","post","type-post","status-publish","format-standard","hentry","category-essen","category-general"],"_links":{"self":[{"href":"https:\/\/www.vorspeisenplatte.de\/speisen\/wp-json\/wp\/v2\/posts\/56278","targetHints":{"allow":["GET"]}}],"collection":[{"href":"https:\/\/www.vorspeisenplatte.de\/speisen\/wp-json\/wp\/v2\/posts"}],"about":[{"href":"https:\/\/www.vorspeisenplatte.de\/speisen\/wp-json\/wp\/v2\/types\/post"}],"author":[{"embeddable":true,"href":"https:\/\/www.vorspeisenplatte.de\/speisen\/wp-json\/wp\/v2\/users\/2"}],"replies":[{"embeddable":true,"href":"https:\/\/www.vorspeisenplatte.de\/speisen\/wp-json\/wp\/v2\/comments?post=56278"}],"version-history":[{"count":3,"href":"https:\/\/www.vorspeisenplatte.de\/speisen\/wp-json\/wp\/v2\/posts\/56278\/revisions"}],"predecessor-version":[{"id":63743,"href":"https:\/\/www.vorspeisenplatte.de\/speisen\/wp-json\/wp\/v2\/posts\/56278\/revisions\/63743"}],"wp:attachment":[{"href":"https:\/\/www.vorspeisenplatte.de\/speisen\/wp-json\/wp\/v2\/media?parent=56278"}],"wp:term":[{"taxonomy":"category","embeddable":true,"href":"https:\/\/www.vorspeisenplatte.de\/speisen\/wp-json\/wp\/v2\/categories?post=56278"},{"taxonomy":"post_tag","embeddable":true,"href":"https:\/\/www.vorspeisenplatte.de\/speisen\/wp-json\/wp\/v2\/tags?post=56278"}],"curies":[{"name":"wp","href":"https:\/\/api.w.org\/{rel}","templated":true}]}}