{"id":56293,"date":"2019-12-08T18:04:59","date_gmt":"2019-12-08T17:04:59","guid":{"rendered":"https:\/\/www.vorspeisenplatte.de\/speisen\/?p=56293"},"modified":"2019-12-08T18:04:59","modified_gmt":"2019-12-08T17:04:59","slug":"journal-samstag-7-dezember-2019-geburtstagsfeier-in-bei-basel","status":"publish","type":"post","link":"https:\/\/www.vorspeisenplatte.de\/speisen\/2019\/12\/journal-samstag-7-dezember-2019-geburtstagsfeier-in-bei-basel.htm","title":{"rendered":"Journal Samstag, 7. Dezember 2019 &#8211; Geburtstagsfeier in bei Basel"},"content":{"rendered":"<p>Fr\u00fches Aufstehen, um vor dem Aufbruch noch bloggen und bankst\u00fctzen zu k\u00f6nnen.<\/p>\n<p>Herr Kaltmamsell wollte gerne sehr rechtzeitig am Zentralen Omnibusbahnhof ZOB sein, also hatten wir noch reichlich Zeit zum Brotzeitbesorgen und uns umzusehen. Der IC Bus, den uns die Deutsche Bahn sowohl online als auch am Schalter als Bahn(!)-Verbindung verkauft hatte, stellte sich als <a href=\"https:\/\/www.bahn.de\/p\/view\/angebot\/fernbus\/index.shtml\" rel=\"noopener noreferrer\" target=\"_blank\">eine von neun Direktverbindungen zwischen St\u00e4dten heraus<\/a>, die die Deutsche Bahn jetzt per Bus bedient. Die alternative Verbindung \u00fcber Lindau und Friedrichshafen (Zug, Bus, Zug) h\u00e4tte einmal Umsteigen und anderthalb Stunden Fahrtzeit mehr bedeutet. (Au\u00dferdem ist Reisebus tats\u00e4chlich das CO<sub>2<\/sub>-freundlichste Reisemittel, umso mehr, wenn er voll besetzt ist.) Wir zahlten f\u00fcr zwei Personen hin und zur\u00fcck (beide Bahncard 25), als Supersparpreis 75 Euro.<\/p>\n<p><a href=\"https:\/\/www.vorspeisenplatte.de\/speisen\/archiv\/191207_03_ZOB.jpg\"><img loading=\"lazy\" decoding=\"async\" src=\"https:\/\/www.vorspeisenplatte.de\/speisen\/archiv\/191207_03_ZOB.jpg\" alt=\"\" width=\"525\" height=\"435\" class=\"alignnone size-full wp-image-56301\" \/><\/a><\/p>\n<p><a href=\"https:\/\/www.vorspeisenplatte.de\/speisen\/archiv\/191207_07_ZOB.jpg\"><img loading=\"lazy\" decoding=\"async\" src=\"https:\/\/www.vorspeisenplatte.de\/speisen\/archiv\/191207_07_ZOB.jpg\" alt=\"\" width=\"587\" height=\"341\" class=\"alignnone size-full wp-image-56302\" \/><\/a><\/p>\n<p>Der Reisebus war zweist\u00f6ckig, das Personal trug Bahnuniformen und war l\u00e4ssig freundlich, alle Pl\u00e4tze waren besetzt, es gab WLAN. Ich las die Wochenend-<i>S\u00fcddeutsche<\/i> und das <i>SZ-Magazin<\/i> vom Freitag, guckte aber auch viel aus dem Fenster.<\/p>\n<p><a href=\"https:\/\/www.vorspeisenplatte.de\/speisen\/archiv\/191207_10_Bodensee.jpg\"><img loading=\"lazy\" decoding=\"async\" src=\"https:\/\/www.vorspeisenplatte.de\/speisen\/archiv\/191207_10_Bodensee.jpg\" alt=\"\" width=\"568\" height=\"429\" class=\"alignnone size-full wp-image-56303\" \/><\/a><\/p>\n<p>Bodensee bei Rohrschach, der Tag war grau und regnerisch. Der am deutlichsten sp\u00fcrbar Unterschied zur Zugreise: Man kann nicht ganz aufstehen, sich strecken, dehnen, ein wenig auf und ab gehen. Dreieinhalb Stunden Sitzen fiel mir arg schwer.<\/p>\n<p>Z\u00fcrich erreichten wir p\u00fcnktlich und problemlos, mussten uns allerdings erst ein wenig orientieren: Der Busbahnhof war ein unbedachter, eher kleiner Parkplatz, von dem aus wir zehn Minuten zum Bahnhof spazieren mussten.<\/p>\n<p><a href=\"https:\/\/www.vorspeisenplatte.de\/speisen\/archiv\/191207_13_Zuerich.jpg\"><img loading=\"lazy\" decoding=\"async\" src=\"https:\/\/www.vorspeisenplatte.de\/speisen\/archiv\/191207_13_Zuerich.jpg\" alt=\"\" width=\"532\" height=\"442\" class=\"alignnone size-full wp-image-56304\" \/><\/a><\/p>\n<p>Aber wir bekamen Sonnenschein.<\/p>\n<p>Ich hatte mittlerweile gemerkt, dass ich nur die H\u00e4lfte meines Schminkzeugs in den Kulturbeutel geworfen hatte &#8211; egal, genau Lidstrich und Wimperntusche gingen eh gerade zur Neige und wir hatten noch Zeit beim Umsteigen. Im Bahnhof fand ich einen Laden, in dem ich nachkaufte (zu Schweizer Preisen, Vergesslichkeit muss bestraft werden).<\/p>\n<p>Am Zielort richteten wir uns im Pensionszimmerchen ein, ruhten aus, lasen: <a href=\"https:\/\/joel.lu\/\" rel=\"noopener noreferrer\" target=\"_blank\">Jo\u00ebl<\/a> hatte uns einen Kurzgeschichtenband einer preisgekr\u00f6nten luxemburger Autorin geschenkt, Elise Schmit &#8211; las sich sehr gut weg. Bis wir uns f\u00fcr die abendliche Geburtstagsfeier fertig machten und zu ihr spazierten.<\/p>\n<p>Es gab Wiedersehen mit gro\u00dfem Hallo, K\u00f6stlichkeiten aus K\u00fcrbis, Roter Bete, Blaukraut, Sellerie, ein besonders bemerkenswerter Pilz-Pie mit cremiger Linsen-Champignon-F\u00fcllung, S\u00fc\u00dfigkeiten, Winzersekt, Basilikum-Drinks, zu all den Gespr\u00e4chen durfte ich auch noch zwei Katzen streicheln. Zudem: Zu meiner gro\u00dfen Freude eine Einladung f\u00fcr n\u00e4chsten Mai.<\/p>\n<p>Nach Langem geh\u00f6rte ich (UND Herr Kaltmamsell!) zu den letzten G\u00e4sten. <img loading=\"lazy\" decoding=\"async\" src=\"https:\/\/vg08.met.vgwort.de\/na\/6f8822f93b70402c91602b97bace5fe4\" width=\"1\" height=\"1\" alt=\"\"\/><\/p>\n","protected":false},"excerpt":{"rendered":"<p>Fr\u00fches Aufstehen, um vor dem Aufbruch noch bloggen und bankst\u00fctzen zu k\u00f6nnen. Herr Kaltmamsell wollte gerne sehr rechtzeitig am Zentralen Omnibusbahnhof ZOB sein, also hatten wir noch reichlich Zeit zum Brotzeitbesorgen und uns umzusehen. Der IC Bus, den uns die Deutsche Bahn sowohl online als auch am Schalter als Bahn(!)-Verbindung verkauft hatte, stellte sich als [&hellip;]<\/p>\n","protected":false},"author":2,"featured_media":0,"comment_status":"open","ping_status":"closed","sticky":false,"template":"","format":"standard","meta":{"footnotes":""},"categories":[6,2,1],"tags":[],"class_list":["post-56293","post","type-post","status-publish","format-standard","hentry","category-essen","category-fotos","category-general"],"_links":{"self":[{"href":"https:\/\/www.vorspeisenplatte.de\/speisen\/wp-json\/wp\/v2\/posts\/56293","targetHints":{"allow":["GET"]}}],"collection":[{"href":"https:\/\/www.vorspeisenplatte.de\/speisen\/wp-json\/wp\/v2\/posts"}],"about":[{"href":"https:\/\/www.vorspeisenplatte.de\/speisen\/wp-json\/wp\/v2\/types\/post"}],"author":[{"embeddable":true,"href":"https:\/\/www.vorspeisenplatte.de\/speisen\/wp-json\/wp\/v2\/users\/2"}],"replies":[{"embeddable":true,"href":"https:\/\/www.vorspeisenplatte.de\/speisen\/wp-json\/wp\/v2\/comments?post=56293"}],"version-history":[{"count":3,"href":"https:\/\/www.vorspeisenplatte.de\/speisen\/wp-json\/wp\/v2\/posts\/56293\/revisions"}],"predecessor-version":[{"id":56315,"href":"https:\/\/www.vorspeisenplatte.de\/speisen\/wp-json\/wp\/v2\/posts\/56293\/revisions\/56315"}],"wp:attachment":[{"href":"https:\/\/www.vorspeisenplatte.de\/speisen\/wp-json\/wp\/v2\/media?parent=56293"}],"wp:term":[{"taxonomy":"category","embeddable":true,"href":"https:\/\/www.vorspeisenplatte.de\/speisen\/wp-json\/wp\/v2\/categories?post=56293"},{"taxonomy":"post_tag","embeddable":true,"href":"https:\/\/www.vorspeisenplatte.de\/speisen\/wp-json\/wp\/v2\/tags?post=56293"}],"curies":[{"name":"wp","href":"https:\/\/api.w.org\/{rel}","templated":true}]}}