{"id":56419,"date":"2019-12-16T06:03:52","date_gmt":"2019-12-16T05:03:52","guid":{"rendered":"https:\/\/www.vorspeisenplatte.de\/speisen\/?p=56419"},"modified":"2020-01-15T11:02:38","modified_gmt":"2020-01-15T10:02:38","slug":"journal-sonntag-15-dezember-2019-freundinnenkaffee","status":"publish","type":"post","link":"https:\/\/www.vorspeisenplatte.de\/speisen\/2019\/12\/journal-sonntag-15-dezember-2019-freundinnenkaffee.htm","title":{"rendered":"Journal Sonntag, 15. Dezember 2019 &#8211; Freundinnenkaffee"},"content":{"rendered":"<p>Lang geschlafen, dennoch m\u00fcde aufgestanden.<\/p>\n<p>Drau\u00dfen weiterhin milder Sturm, am Himmel wechselten sich Sonne und Wolken ab.<\/p>\n<p><a href=\"https:\/\/www.vorspeisenplatte.de\/speisen\/archiv\/191215_01_Wohnzimmerblick.jpg\"><img loading=\"lazy\" decoding=\"async\" src=\"https:\/\/www.vorspeisenplatte.de\/speisen\/archiv\/191215_01_Wohnzimmerblick.jpg\" alt=\"\" width=\"431\" height=\"558\" class=\"alignnone size-full wp-image-56422\" \/><\/a><\/p>\n<p>Nochmal eine Runde Crosstrainer mit vorher Faszienrolle und danach Bankst\u00fctz.<\/p>\n<p>Zum Fr\u00fchst\u00fcck kochte ich den ersten Porridge der Saison. Mangels Kompott a\u00df ich ihn mit Kirschmarmelade und Joghurt. Zweiter Gang: Ein Tellerchen Pl\u00e4tzchen, Herr Kaltmamsell hatte am Vortag eine gro\u00dfe Dose voll von seiner Mutter mitgebracht.<\/p>\n<p>Nachmittags war ich mit einer Freundin auf einen Kaffee in Haidhausen verabredet. Ich beschloss, langsam zu Fu\u00df hinzugehen, um mal wieder nach der Isar zu sehen: Da ich sie nicht mehr entlangjoggen kann, wei\u00df ich gar nicht mehr, wie&#8217;s ihr so geht.<\/p>\n<p><a href=\"https:\/\/www.vorspeisenplatte.de\/speisen\/archiv\/191215_02_Museumsinsel.jpg\"><img loading=\"lazy\" decoding=\"async\" src=\"https:\/\/www.vorspeisenplatte.de\/speisen\/archiv\/191215_02_Museumsinsel.jpg\" alt=\"\" width=\"573\" height=\"409\" class=\"alignnone size-full wp-image-56423\" \/><\/a><\/p>\n<p>Niedriger Stand, an der Reichenbachbr\u00fccke wird ein barrierefreier Zugang gebaut. F\u00fcr die 45-Minuten-Strecke zum Pariser Platz in Haidhausen brauchte ich eine Stunde, kam aber zumindest nicht Ganzk\u00f6rper-verspannt an.<\/p>\n<p>Sch\u00f6nes Gespr\u00e4ch mit der Freundin, allerdings mit traurigen Nachrichten.<br \/>\nAls wir das Caf\u00e9 verlie\u00dfen, umwehte uns milder Wind: Ich war mir mit der Freundin einig, dass uns die K\u00e4lte \u00fcberhaupt nicht fehlt. Nach Hause nahm ich S- und U-Bahn.<\/p>\n<p>Zum Nachtmahl bereitete Herr Kaltmamsell die Rinderzunge zu. Sie stellte sich als nicht ganz durchgep\u00f6kelt heraus (macht nichts), schmeckte hervorragend.<\/p>\n<p><a href=\"https:\/\/www.vorspeisenplatte.de\/speisen\/archiv\/191215_05_Nachtmahl.jpg\"><img loading=\"lazy\" decoding=\"async\" src=\"https:\/\/www.vorspeisenplatte.de\/speisen\/archiv\/191215_05_Nachtmahl.jpg\" alt=\"\" width=\"423\" height=\"391\" class=\"alignnone size-full wp-image-56424\" \/><\/a><\/p>\n<p>Serviert wurde die Zunge nach Kaltmamsell&#8217;scher Familienart: Mit Lauchso\u00dfe und Kartoffelp\u00fc.<\/p>\n<p>Wettervorhersage: F\u00f6hn, bis zu 17 Grad. Das ist dann selbst mir f\u00fcr Dezember zu warm, aber immer noch besser als minus 17 Grad.<\/p>\n","protected":false},"excerpt":{"rendered":"<p>Lang geschlafen, dennoch m\u00fcde aufgestanden. Drau\u00dfen weiterhin milder Sturm, am Himmel wechselten sich Sonne und Wolken ab. Nochmal eine Runde Crosstrainer mit vorher Faszienrolle und danach Bankst\u00fctz. Zum Fr\u00fchst\u00fcck kochte ich den ersten Porridge der Saison. Mangels Kompott a\u00df ich ihn mit Kirschmarmelade und Joghurt. Zweiter Gang: Ein Tellerchen Pl\u00e4tzchen, Herr Kaltmamsell hatte am Vortag [&hellip;]<\/p>\n","protected":false},"author":2,"featured_media":0,"comment_status":"open","ping_status":"closed","sticky":false,"template":"","format":"standard","meta":{"footnotes":""},"categories":[6,2,1],"tags":[],"class_list":["post-56419","post","type-post","status-publish","format-standard","hentry","category-essen","category-fotos","category-general"],"_links":{"self":[{"href":"https:\/\/www.vorspeisenplatte.de\/speisen\/wp-json\/wp\/v2\/posts\/56419","targetHints":{"allow":["GET"]}}],"collection":[{"href":"https:\/\/www.vorspeisenplatte.de\/speisen\/wp-json\/wp\/v2\/posts"}],"about":[{"href":"https:\/\/www.vorspeisenplatte.de\/speisen\/wp-json\/wp\/v2\/types\/post"}],"author":[{"embeddable":true,"href":"https:\/\/www.vorspeisenplatte.de\/speisen\/wp-json\/wp\/v2\/users\/2"}],"replies":[{"embeddable":true,"href":"https:\/\/www.vorspeisenplatte.de\/speisen\/wp-json\/wp\/v2\/comments?post=56419"}],"version-history":[{"count":3,"href":"https:\/\/www.vorspeisenplatte.de\/speisen\/wp-json\/wp\/v2\/posts\/56419\/revisions"}],"predecessor-version":[{"id":57054,"href":"https:\/\/www.vorspeisenplatte.de\/speisen\/wp-json\/wp\/v2\/posts\/56419\/revisions\/57054"}],"wp:attachment":[{"href":"https:\/\/www.vorspeisenplatte.de\/speisen\/wp-json\/wp\/v2\/media?parent=56419"}],"wp:term":[{"taxonomy":"category","embeddable":true,"href":"https:\/\/www.vorspeisenplatte.de\/speisen\/wp-json\/wp\/v2\/categories?post=56419"},{"taxonomy":"post_tag","embeddable":true,"href":"https:\/\/www.vorspeisenplatte.de\/speisen\/wp-json\/wp\/v2\/tags?post=56419"}],"curies":[{"name":"wp","href":"https:\/\/api.w.org\/{rel}","templated":true}]}}