{"id":57033,"date":"2020-01-15T06:27:30","date_gmt":"2020-01-15T05:27:30","guid":{"rendered":"https:\/\/www.vorspeisenplatte.de\/speisen\/?p=57033"},"modified":"2020-01-15T06:27:30","modified_gmt":"2020-01-15T05:27:30","slug":"journal-dienstag-14-januar-2020-sonnenwaerme","status":"publish","type":"post","link":"https:\/\/www.vorspeisenplatte.de\/speisen\/2020\/01\/journal-dienstag-14-januar-2020-sonnenwaerme.htm","title":{"rendered":"Journal Dienstag, 14. Januar 2020 &#8211; Sonnenw\u00e4rme"},"content":{"rendered":"<p>Fr\u00fcher Wecker, um eine Runde Sport einlegen zu k\u00f6nnen. Die Nacht bis dahin war \u00fcberdurchschnittlich (f\u00fcr mich) ruhig.<\/p>\n<p>Das Ganzk\u00f6rper-Krafttraining nach Fitnessblender verlief so lala &#8211; gleich im Anschluss und im Lauf des Tages wiesen Schmerzen darauf hin, dass es vielleicht keine gut Idee war. Andererseits sind der Verlauf meiner Schmerzen und meine Tagesform derart erratisch, dass ein urs\u00e4chlicher Zusammenhang mit was auch immer wahrscheinlich nur konstruiert ist.<\/p>\n<p>Dienstag ist in der Arbeit Meeting-Tag, ich erw\u00e4hnte es schon mal, erst ab Mittag sa\u00df ich dauerhaft am Schreibtisch.<\/p>\n<p>Mittags Wirsingeintopf vom Vorabend, in der Mikrowelle aufgew\u00e4rmt.<\/p>\n<p>Drau\u00dfen schien die Sonne, wie schon in den vorhergehenden Wintern lie\u00df ich nur die Innenrollos herunter, damit sie mein B\u00fcro w\u00e4rmen konnte.<\/p>\n<p>Ich f\u00fchlte mich m\u00fcde und fl\u00fcgellahm, war froh, vor mich hin arbeiten zu k\u00f6nnen. Im letzten Abendrosa nahm ich mit dem Rad einen kleinen Umweg \u00fcber Bavariapark und Theresienwiese, um ein wenig Luft und Weite zu bekommen, vermisste sehr meinen fr\u00fcheren Fu\u00dfmarsch nach Hause.<\/p>\n<p>Nach Hause kam ich verh\u00e4ltnism\u00e4\u00dfig fr\u00fch. Ich hatte als Bookmark noch eine arte-Doku offen und sah sie an: \u00dcber den Stand der Forschung 2017 zu Faszien und ihre Rolle f\u00fcr R\u00fcckenschmerzen. Durchaus interessant, wenn man \u00fcber den raunenden Tonfall und das st\u00e4ndige &#8220;R\u00e4tsel&#8221; und &#8220;Geheimnis&#8221; wegh\u00f6ren kann. (Auch mag ich es nicht, wenn Forschungsergebnisse sehr stark mit den forschenden Personen verkn\u00fcpft werden, gebt mir lieber grafische Darstellungen von Versuchsaufbau und Zusammenh\u00e4ngen &#8211; aber das mag Berufskrankheit sein.)<\/p>\n<div class=\"video-wrapped\" style=\"width: 500px; height: 281px; background-image: url('https:\/\/www.vorspeisenplatte.de\/speisen\/wp-content\/plugins\/video-embed-privacy\/preview\/RPzqjy0rCHY.jpg')\" data-embed-frame=\"&lt;iframe title=&quot;2019  01 27 Faszien Geheimnisvolle Welt unter der Haut arte HD Doku&quot; width=&quot;500&quot; height=&quot;281&quot; src=&quot;https:\/\/www.youtube.com\/embed\/RPzqjy0rCHY?feature=oembed&quot; frameborder=&quot;0&quot; allow=&quot;accelerometer; autoplay; clipboard-write; encrypted-media; gyroscope; picture-in-picture; web-share&quot; referrerpolicy=&quot;strict-origin-when-cross-origin&quot; allowfullscreen&gt;&lt;\/iframe&gt;\" data-embed-play=\"Abspielen&lt;div class=&quot;small&quot;&gt;Das Video wird von Youtube eingebettet abespielt. Es gilt die &lt;a href=&quot;https:\/\/www.google.com\/intl\/de\/policies\/privacy\/&quot; target=&quot;_blank&quot;&gt;Datenschutzerkl\u00e4rung von Google&lt;\/a&gt;&lt;\/div&gt;\">\n<div class=\"video-wrapped-nojs\">Aktivieren Sie JavaScript um das Video zu sehen.<br \/><a href=\"https:\/\/youtu.be\/RPzqjy0rCHY\">https:\/\/youtu.be\/RPzqjy0rCHY<\/a><\/div>\n<\/div>\n<p>Zum Nachtmahl hatte Herr Kaltmamsell die Sellerieknolle aus Ernteanteil zu <a href=\"https:\/\/www.vorspeisenplatte.de\/rezepte\/waldorf-salad.htm\" rel=\"noopener noreferrer\" target=\"_blank\">Waldorfsalat<\/a> verarbeitet und servierte ihn an getoasteten Sandwiches aus dem Sandwichtoaster. Sehr gut. Nachtisch war neben Schokolade der selbst gemachte Eierlik\u00f6r, den G\u00e4ste am Samstag mitgebracht hatten.<\/p>\n<p>Sehr fr\u00fch ins Bett weil totm\u00fcde.<\/p>\n","protected":false},"excerpt":{"rendered":"<p>Fr\u00fcher Wecker, um eine Runde Sport einlegen zu k\u00f6nnen. Die Nacht bis dahin war \u00fcberdurchschnittlich (f\u00fcr mich) ruhig. Das Ganzk\u00f6rper-Krafttraining nach Fitnessblender verlief so lala &#8211; gleich im Anschluss und im Lauf des Tages wiesen Schmerzen darauf hin, dass es vielleicht keine gut Idee war. Andererseits sind der Verlauf meiner Schmerzen und meine Tagesform derart [&hellip;]<\/p>\n","protected":false},"author":2,"featured_media":0,"comment_status":"open","ping_status":"closed","sticky":false,"template":"","format":"standard","meta":{"footnotes":""},"categories":[6,1],"tags":[],"class_list":["post-57033","post","type-post","status-publish","format-standard","hentry","category-essen","category-general"],"_links":{"self":[{"href":"https:\/\/www.vorspeisenplatte.de\/speisen\/wp-json\/wp\/v2\/posts\/57033","targetHints":{"allow":["GET"]}}],"collection":[{"href":"https:\/\/www.vorspeisenplatte.de\/speisen\/wp-json\/wp\/v2\/posts"}],"about":[{"href":"https:\/\/www.vorspeisenplatte.de\/speisen\/wp-json\/wp\/v2\/types\/post"}],"author":[{"embeddable":true,"href":"https:\/\/www.vorspeisenplatte.de\/speisen\/wp-json\/wp\/v2\/users\/2"}],"replies":[{"embeddable":true,"href":"https:\/\/www.vorspeisenplatte.de\/speisen\/wp-json\/wp\/v2\/comments?post=57033"}],"version-history":[{"count":3,"href":"https:\/\/www.vorspeisenplatte.de\/speisen\/wp-json\/wp\/v2\/posts\/57033\/revisions"}],"predecessor-version":[{"id":57047,"href":"https:\/\/www.vorspeisenplatte.de\/speisen\/wp-json\/wp\/v2\/posts\/57033\/revisions\/57047"}],"wp:attachment":[{"href":"https:\/\/www.vorspeisenplatte.de\/speisen\/wp-json\/wp\/v2\/media?parent=57033"}],"wp:term":[{"taxonomy":"category","embeddable":true,"href":"https:\/\/www.vorspeisenplatte.de\/speisen\/wp-json\/wp\/v2\/categories?post=57033"},{"taxonomy":"post_tag","embeddable":true,"href":"https:\/\/www.vorspeisenplatte.de\/speisen\/wp-json\/wp\/v2\/tags?post=57033"}],"curies":[{"name":"wp","href":"https:\/\/api.w.org\/{rel}","templated":true}]}}