{"id":57597,"date":"2020-02-18T06:08:20","date_gmt":"2020-02-18T05:08:20","guid":{"rendered":"https:\/\/www.vorspeisenplatte.de\/speisen\/?p=57597"},"modified":"2022-09-27T08:18:05","modified_gmt":"2022-09-27T06:18:05","slug":"journal-montag-17-feburar-2020-solidarisches-olivenoel-aus-lesbos","status":"publish","type":"post","link":"https:\/\/www.vorspeisenplatte.de\/speisen\/2020\/02\/journal-montag-17-feburar-2020-solidarisches-olivenoel-aus-lesbos.htm","title":{"rendered":"Journal Montag, 17. Februar 2020 &#8211; Solidarisches Oliven\u00f6l aus Lesbos"},"content":{"rendered":"<p>Unruhiger Abschluss der Nacht, wie gut, dass ich mich beim Weckerklingeln auf Yoga freuen konnte.<\/p>\n<p>Die gestrige Einheit hatte explizit die H\u00fcfte als Ziel, ich war sehr gespannt, wie das w\u00fcrde. Ergebnis: Sehr unsymmetrisch wurde das, weil die wehe Seite nur ein Drittel so weit dehnen konnte wie die unwehe. Ich sehe es als Symptom von Arthrose und Entz\u00fcndung, dass ich beim Dehnen rechts keinen Fortschritt sehe: Jeden Morgen fange ich von vorne an.<\/p>\n<p>Radeln in die Arbeit durch Fr\u00fchlingsmilde. \u00dcberm Bavariapark erst drei Kormorane, dann zwei Enten im Flug.<\/p>\n<p>In der Arbeit Besprechungen, Arbeit und Tumulte. Mittags Kartoffelsalat und ein Fleischpflanzerl vom Samstagabend, nachmittags Granatapfelkerne.<\/p>\n<p>Ich entdeckte, dass ich mich von einem Paar Schuhe verabschieden musste.<\/p>\n<p><a href=\"https:\/\/www.vorspeisenplatte.de\/speisen\/archiv\/200217_03_MiuMiu.jpg\"><img loading=\"lazy\" decoding=\"async\" src=\"https:\/\/www.vorspeisenplatte.de\/speisen\/archiv\/200217_03_MiuMiu.jpg\" alt=\"\" width=\"348\" height=\"337\" class=\"alignnone size-full wp-image-57612\" \/><\/a><\/p>\n<p>Das Leder sah schon lang nicht mehr sch\u00f6n aus, und f\u00fcr einen Erhalt m\u00fcsste das gesamte untere Drittel des Schuhs ersetzt werden &#8211; das ist es nicht wert.<\/p>\n<p>Nach der Arbeit radelte ich durch leichten Regen einen kleinen Umweg, um Oliven\u00f6l abzuholen. In unserer Anbaugenossenschaft <a href=\"https:\/\/www.kartoffelkombinat.de\/blog\/\" rel=\"noopener noreferrer\" target=\"_blank\">Kartoffelkombinat<\/a> hatte es Ende vergangenen Jahres eine Sonderaktion gegeben: Wir konnten Bio-Oliven\u00f6l aus einer Solidarischen Landwirtschaft auf Lesbos bestellen. Jetzt war es da.<\/p>\n<p><a href=\"https:\/\/www.vorspeisenplatte.de\/speisen\/archiv\/200217_05_PlatanenblattOel.jpg\"><img loading=\"lazy\" decoding=\"async\" src=\"https:\/\/www.vorspeisenplatte.de\/speisen\/archiv\/200217_05_PlatanenblattOel.jpg\" alt=\"\" width=\"363\" height=\"464\" class=\"alignnone size-full wp-image-57613\" \/><\/a><\/p>\n<p>Ich hatte mich sehr \u00fcber die Gelegenheit gefreut: Zum einen liebe ich gutes Oliven\u00f6l, wir verbrauchen davon eine Menge. Zum anderen wei\u00df ich, dass viele sch\u00f6ne und einfallsreiche landwirtschaftliche Projekte am Vertrieb scheitern: Klasse handwerklichen K\u00e4se herzustellen, ausgefallene K\u00f6rner anzubauen, einen alteingesessenen Olivenhain wiederzubeleben ist das eine &#8211; aber erreichen die Produkte die m\u00f6glichen vielen interessierten K\u00e4uferinnen und K\u00e4ufern? <a href=\"https:\/\/www.platanenblatt.de\/\" rel=\"noopener noreferrer\" target=\"_blank\">Platanenblatt.de<\/a> unterst\u00fctzt die gebeutelte Insel Lesbos durch die Verbindung von Solidarischer Landwirtschaft mit Wiederbelebung alter landwirtschaftlicher Gemeinschaftsstrukturen.<\/p>\n<p>F\u00fcr eine Verkostung warte ich aber noch auf ein sch\u00f6nes St\u00fcck Brot, gestern gab es den zweiten Teil Skifahrsuppe (davor Brandy Alexander, danach viel S\u00fc\u00dfkram).<\/p>\n<p>\u00a7<\/p>\n<p>Schwesterfraudoktor, die ich seit einigem Wochen mit Vergn\u00fcgen lese, schreibt \u00fcber Stuhl und unterdr\u00fcckt dabei nur jeden zweiten schei\u00df Witz zum Thema:<br \/>\n<a href=\"https:\/\/www.schwesterfraudoktor.de\/2020\/02\/15\/im-stuhl-vereint\/\" rel=\"noopener noreferrer\" target=\"_blank\">&#8220;Im Stuhl vereint&#8221;.<\/a><\/p>\n<p>\u00a7<\/p>\n<p>Eine hervorragende Menschenfotografin erz\u00e4hlt:<\/p>\n<blockquote><p>Oft ver\u00e4ndert sich etwas, sobald ich die Kamera anhebe; eben habe ich noch einen entspannten Menschen vor mir, dann kommt die die Kamera dazu \u2013 und Zack \u2013 ist alles anders: Keiner mehr Zuhause. Eine Kamera ist imstande, Menschen von sich selbst wegzutreiben, sie verlassen quasi fluchtartig ihr eigenes Geb\u00e4ude und es braucht Zeit bis sie wieder zur\u00fcckkehren.<\/p><\/blockquote>\n<p>Smilla Dankert hat auch Tara fotografiert und gesprochen:<br \/>\n<a href=\"https:\/\/smillas.blog\/praesenz\/\" rel=\"noopener noreferrer\" target=\"_blank\">&#8220;Pr\u00e4senz&#8221;.<\/a><\/p>\n<p>\u00a7<\/p>\n<p>Wichtige Gedanken zu Feminismus von Helen Lewis im <i>Guardian<\/i>:<br \/>\n<a href=\"https:\/\/www.theguardian.com\/books\/2020\/feb\/15\/feminism-feminists-tyranny-niceness-complexity\" rel=\"noopener noreferrer\" target=\"_blank\">&#8220;Fighting the tyranny of \u2018niceness\u2019: why we need difficult women&#8221;.<\/a><\/p>\n<p>via <a href=\"https:\/\/twitter.com\/lyssaslounge\" rel=\"noopener noreferrer\" target=\"_blank\">@lyssaslounge<\/a><\/p>\n<blockquote><p>All this is edging towards the same idea, an idea that is imprinted on us from birth: that women are called unreasonable, selfish and unfeminine when they stand up for themselves. \u201cI myself have never been able to find out precisely what feminism is,\u201d wrote Rebecca West in 1913. \u201cI only know that people call me a feminist whenever I express sentiments that differentiate me from a doormat, or a prostitute.\u201d<\/p><\/blockquote>\n<p>Bitte gesteht Frauen Komplexit\u00e4t zu, gesteht Feministinnen Komplexit\u00e4t zu.<\/p>\n<blockquote><p>I\u2019m not talking about being rude, thoughtless, obnoxious or a diva. First of all, difficult means complicated. A thumbs-up, thumbs-down approach to historical figures is boring and reductive. Most of us are more than one thing; no one is pure; everyone is \u201cproblematic\u201d. Look back at early feminists and you will find women with views that are unpalatable to their modern sisters. You will find women with views that were unpalatable to their contemporaries. They were awkward and wrong-headed and obstinate and sometimes downright odd \u2013 and that helped them to defy the expectations placed on them. \u201cThe reasonable man adapts himself to the world: the unreasonable one persists in trying to adapt the world to himself,\u201d wrote George Bernard Shaw in 1903. \u201cTherefore all progress depends on the unreasonable man.\u201d (Or, as I always catch myself adding, the unreasonable woman.)<\/p><\/blockquote>\n<p>Lewis analysiert auch die Gefahr, weibliche <i>role modells<\/i> als eindimensionale Heldinnen zu port\u00e4tieren.<\/p>\n<blockquote><p>The real Coco Chanel was clever, prejudiced, talented, cynical \u2013 and interesting. <\/p><\/blockquote>\n<p>Was passiert, wenn man st\u00e4ndig die Komplexit\u00e4t wegb\u00fcgelt:<\/p>\n<blockquote><p>It creates a story of feminism where all the opponents are either cartoon baddies or mysteriously absent, where no hard compromises have to be made and internal disagreements are kicked under the carpet. The One True Way is obvious, and all Good People follow it. Feminists are on the right side of history, and we just have to wait for the world to catch up.<\/p>\n<p>Life does not work like that.<\/p><\/blockquote>\n<p>(&#8230;)<\/p>\n<blockquote><p>Feminism will always be difficult because it tries to represent half of humanity: 3.5 billion people (and counting) drawn from every race, class, country and religion. It is revolutionary, challenging the most fundamental structures of our society. It is deeply personal, illuminating our most intimate experiences and personal relationships. It rejects the division between the public and private spheres. It gets everywhere, from boardrooms to bedrooms. It leaves no part of our lives untouched. It is both theory and practice.<\/p><\/blockquote>\n<p>(&#8230;)<\/p>\n<blockquote><p>Feminism will never be free of infighting, of personality clashes and contests over priorities. It will never be perfect, or nice. But no wonder sexists and reactionaries are scared of it, because \u2013 by God, can it get things done<\/p><\/blockquote>\n<p> <img loading=\"lazy\" decoding=\"async\" src=\"https:\/\/vg05.met.vgwort.de\/na\/1a46f412f5f74838b937d6f082a1e86f\" width=\"1\" height=\"1\" alt=\"\"\/><\/p>\n","protected":false},"excerpt":{"rendered":"<p>Unruhiger Abschluss der Nacht, wie gut, dass ich mich beim Weckerklingeln auf Yoga freuen konnte. Die gestrige Einheit hatte explizit die H\u00fcfte als Ziel, ich war sehr gespannt, wie das w\u00fcrde. Ergebnis: Sehr unsymmetrisch wurde das, weil die wehe Seite nur ein Drittel so weit dehnen konnte wie die unwehe. Ich sehe es als Symptom [&hellip;]<\/p>\n","protected":false},"author":2,"featured_media":0,"comment_status":"open","ping_status":"closed","sticky":false,"template":"","format":"standard","meta":{"footnotes":""},"categories":[6,2,1],"tags":[],"class_list":["post-57597","post","type-post","status-publish","format-standard","hentry","category-essen","category-fotos","category-general"],"_links":{"self":[{"href":"https:\/\/www.vorspeisenplatte.de\/speisen\/wp-json\/wp\/v2\/posts\/57597","targetHints":{"allow":["GET"]}}],"collection":[{"href":"https:\/\/www.vorspeisenplatte.de\/speisen\/wp-json\/wp\/v2\/posts"}],"about":[{"href":"https:\/\/www.vorspeisenplatte.de\/speisen\/wp-json\/wp\/v2\/types\/post"}],"author":[{"embeddable":true,"href":"https:\/\/www.vorspeisenplatte.de\/speisen\/wp-json\/wp\/v2\/users\/2"}],"replies":[{"embeddable":true,"href":"https:\/\/www.vorspeisenplatte.de\/speisen\/wp-json\/wp\/v2\/comments?post=57597"}],"version-history":[{"count":3,"href":"https:\/\/www.vorspeisenplatte.de\/speisen\/wp-json\/wp\/v2\/posts\/57597\/revisions"}],"predecessor-version":[{"id":80434,"href":"https:\/\/www.vorspeisenplatte.de\/speisen\/wp-json\/wp\/v2\/posts\/57597\/revisions\/80434"}],"wp:attachment":[{"href":"https:\/\/www.vorspeisenplatte.de\/speisen\/wp-json\/wp\/v2\/media?parent=57597"}],"wp:term":[{"taxonomy":"category","embeddable":true,"href":"https:\/\/www.vorspeisenplatte.de\/speisen\/wp-json\/wp\/v2\/categories?post=57597"},{"taxonomy":"post_tag","embeddable":true,"href":"https:\/\/www.vorspeisenplatte.de\/speisen\/wp-json\/wp\/v2\/tags?post=57597"}],"curies":[{"name":"wp","href":"https:\/\/api.w.org\/{rel}","templated":true}]}}