{"id":58118,"date":"2020-03-14T09:22:46","date_gmt":"2020-03-14T08:22:46","guid":{"rendered":"https:\/\/www.vorspeisenplatte.de\/speisen\/?p=58118"},"modified":"2020-03-14T09:25:09","modified_gmt":"2020-03-14T08:25:09","slug":"journal-freitag-13-maerz-2020-wenn-es-im-nachhinein-aussieht-als-haetten-wir-ueberreagiert-haben-wir-alles-richtig-gemacht","status":"publish","type":"post","link":"https:\/\/www.vorspeisenplatte.de\/speisen\/2020\/03\/journal-freitag-13-maerz-2020-wenn-es-im-nachhinein-aussieht-als-haetten-wir-ueberreagiert-haben-wir-alles-richtig-gemacht.htm","title":{"rendered":"Journal Freitag, 13. M\u00e4rz 2020 &#8211; Wenn es im Nachhinein aussieht, als h\u00e4tten wir \u00fcberreagiert, haben wir alles richtig gemacht."},"content":{"rendered":"<p>Die tempor\u00e4re Wunderheilung verschaffte mir noch eine gute Nacht, auf dem Weg in die Arbeit war der Spa\u00df aber sp\u00e4testens vorbei: Ich hinkte in Rekord-ROM.<\/p>\n<p>Davor hatte ich aber noch eine Runde Yoga genossen, diesmal mit viel langsamer Dehnung und Hineinsp\u00fcren in verschiedene Becken-Bereiche.<\/p>\n<p>Energisches Klingeln an der Haust\u00fcr holte mich aus dem Bad (f\u00fcr eine polizeiliche Hausdurchsuchung zu sp\u00e4t, diese Herrschaften klingeln zwischen f\u00fcnf und sechs &#8211; nein, die Menschen, von denen ich das wei\u00df, hatten gegen kein Gesetz versto\u00dfen, doch es kostete sie Jahre, das zu beweisen): Unten stand ein junger Bursch und suchte nach einer anderen Hausnummer &#8211; er hatte sein Handy verloren und eine Nachricht bekommen, dass es dort gefunden worden sei. Ich versuchte zu helfen.<\/p>\n<p>Als ich mein Fahrrad vom Balkon holen wollte, hatte mittelheftiger Regen eingesetzt. Ich war beleidigt, denn meine Feiertagsplanung basierte auf Fahrradmobilit\u00e4t. Au\u00dferdem verst\u00e4rkte der d\u00fcstere Himmel meine d\u00fcstere Stimmung, die von der leicht apokalyptischen Lage b\u00f6sest beeinflusst wird. Ich hoffe doch schwer, dass sich all die Jahre <a href=\"https:\/\/zombiesrungame.com\/\" rel=\"noopener noreferrer\" target=\"_blank\"><i>Zombies, Run!<\/i><\/a> des Herrn Kaltmamsell im Notfall auszahlen. (Ich seh schon, das Humorzentrum ist noch nicht v\u00f6llig \u00fcberlagert.) Zumal morgens bekannt wurde, dass Bayerns Schulen bis 19. April schlie\u00dfen, Herr Kaltmamsell also zumindest mehr als sonst daheim ist.<\/p>\n<p>Eine sch\u00f6ne Erkenntnis fand ich die, die ich auch zur \u00dcberschrift gemacht habe: Wenn es im Nachhinein aussieht, als h\u00e4tten wir \u00fcberreagiert, haben wir alles richtig gemacht. (Quelle finde ich leider nicht mehr &#8211; irgendeine Neuseel\u00e4nderin? Der es allerdings darum ging, dass die Verantwortlichen in Politik und Beh\u00f6rden genau das auch aushalten m\u00fcssen.)<\/p>\n<p>In der Arbeit weiter viel Vorbereitung auf Vorsorgema\u00dfnahmen, im privaten Posteingang eine Info vom Wahlamt f\u00fcr Wahlhelfende: Am Montag (Kommunalwahl braucht einen zus\u00e4tzlichen Tag zum Ausz\u00e4hlen) wird eine Not-Kinderbetreuung eingerichtet wegen der Schlie\u00dfung von Kitas und Schulen.<\/p>\n<p>Bei dieser Gelegenheit: Bitte gehen Sie W\u00e4hlen. In allen Geb\u00e4uden mit Wahllokalen besteht die M\u00f6glichkeit, sich die H\u00e4nde mit Seife zu waschen, einen eigenen Stift k\u00f6nnen Sie ohnehin mitbringen.<\/p>\n<p>\u00dcber den Tag war das Wetter sch\u00f6n geworden, allerdings auch k\u00fchl. Mangels Fahrrad nahm ich nach fr\u00fchem Feierabend eine S-Bahn zum Marienplatz: Ich wollte im Laden der Hofbr\u00e4uhausm\u00fchle Mehle kaufen. Ungew\u00f6hnlicherweise musste ich anstehen (wahrscheinlich hatte gerade eine F\u00fchrung geendet), bekam aber mein \u00d6ko-Weizenmehl 405 und die legend\u00e4re Pizzamehlmischung 00 des Hauses.<\/p>\n<p>Auf dem Heimweg noch ein Schlenker in den Drogieriemarkt (weiterhin L\u00f6cher in den Klopapierregalen, bei einigen Produkten wurde die H\u00f6chstkaufmenge auf zwei St\u00fcck festgelegt), beim Trippel-Spaziergang nach Haus bog ich nach vielen Jahren auch wieder in den winzigen Pralinenladen Sama-Sama ab und holte &#8220;Rohkost-Konfekt&#8221; zum Nachtisch.<\/p>\n<p><a href=\"https:\/\/www.vorspeisenplatte.de\/speisen\/archiv\/200313_01_Viktualienmarkt.jpg\"><img loading=\"lazy\" decoding=\"async\" src=\"https:\/\/www.vorspeisenplatte.de\/speisen\/archiv\/200313_01_Viktualienmarkt.jpg\" alt=\"\" width=\"430\" height=\"574\" class=\"alignnone size-full wp-image-58130\" \/><\/a><\/p>\n<p>W\u00e4hrend mir der U-Bahnhof Marienplatz und der Marienplatz selbst ungewohnt leer vorgekommen waren, herrschte am Viktualienmarkt die erwartbare Feierabend-Stimmung zum Einl\u00e4uten des Wochenendes.<\/p>\n<p>Daheim war noch etwas Zeit bis Abendessen. Herr Kaltmamsell machte dann Polenta mit gebratenem Radicchio und gebratenen Pilzen.<\/p>\n<p><a href=\"https:\/\/www.vorspeisenplatte.de\/speisen\/archiv\/200313_03a_Nachtmahl.jpg\"><img loading=\"lazy\" decoding=\"async\" src=\"https:\/\/www.vorspeisenplatte.de\/speisen\/archiv\/200313_03a_Nachtmahl.jpg\" alt=\"\" width=\"363\" height=\"363\" class=\"alignnone size-full wp-image-58131\" srcset=\"https:\/\/www.vorspeisenplatte.de\/speisen\/archiv\/200313_03a_Nachtmahl.jpg 363w, https:\/\/www.vorspeisenplatte.de\/speisen\/archiv\/200313_03a_Nachtmahl-150x150.jpg 150w, https:\/\/www.vorspeisenplatte.de\/speisen\/archiv\/200313_03a_Nachtmahl-144x144.jpg 144w\" sizes=\"auto, (max-width: 363px) 100vw, 363px\" \/><\/a><\/p>\n<p>Ganz ausgezeichnet, wir waren uns allerdings einig, dass man die Balsamico-Note runter-, daf\u00fcr die s\u00fc\u00dfe raufdrehen k\u00f6nnte.<\/p>\n<p>\u00a7<\/p>\n<p>Wann wird es einen Impfstoff gegen Covid 19 geben? ZDF heute ver\u00f6ffentlichte ein Interview mit der Infektiologin Professor Marylyn Addo, die in Hamburg genau daran forscht. Sie erkl\u00e4rt leicht verst\u00e4ndlich Grunds\u00e4tzliches zur Entwicklung von Impfstoffen und warum dieser konkrete 2020 sicher noch nicht zur Verf\u00fcgung stehen wird. <a href=\"https:\/\/twitter.com\/ZDFheute\/status\/1238508106042224641\" rel=\"noopener noreferrer\" target=\"_blank\">Hier das Filmchen.<\/a><\/p>\n<p>\u00a7<\/p>\n<p>Weitere Corona-Folgen: Herr Rau berichtet, wie sich das Gymnasium, an dem er arbeitet, technisch und organisatorisch auf die Schulschlie\u00dfung vorbereitet hat.<br \/>\n<a href=\"https:\/\/www.herr-rau.de\/wordpress\/2020\/03\/letzter-schultag-vor-corona-unterrichtsausfall.htm\" rel=\"noopener noreferrer\" target=\"_blank\">&#8220;Letzter Schultag vor Corona-Unterrichtsausfall&#8221;.<\/a><\/p>\n<p>\u00a7<\/p>\n<p>Ich bin der \u00dcberzeugung, dass die Eind\u00e4mmung der Pandemie und die Verlangsamung der Ausbreitung gesellschaftliche Priorit\u00e4t hat &#8211; auch wenn die Wirtschaft erst mal schmerzhafte Einbu\u00dfen verzeichnet, auch wenn der und die Einzelne belastet werden. Die Auswirkungen sind vielf\u00e4ltig und noch gar nicht absehbar, von der Imbissbude im B\u00fcroviertel, die kein Gesch\u00e4ft mehr macht, wenn alle in Home Office gehen, \u00fcber die Messebauer, die nach all den Messeabsagen schon bald Insolvenz anmelden, bis zu Dolmetscherin\/Beleuchterin\/Sicherheitsdient, die ohne Veranstaltungen kein Geld verdienen k\u00f6nnen.<\/p>\n<p>Auswirkungen auf die Flugbranche schildert Frau Klugscheisser:<br \/>\n<a href=\"https:\/\/smartass.blogger.de\/stories\/2756380\/\" rel=\"noopener noreferrer\" target=\"_blank\">&#8220;Vom Fliegen und Ratlosigkeit&#8221;.<\/a><\/p>\n<p>\u00a7<\/p>\n<p>Jetzt aber noch eine ganz andere Geschichte.<br \/>\nBernstein ist wohl aktuell die spannendste Quelle f\u00fcr die Pal\u00e4ontologie. Ein Artikel erz\u00e4hlt von dem nur Kolibri-gro\u00dfen Dinausauriersch\u00e4del in Bernstein, der derzeit untersucht wird &#8211; inklusive einem Film, in dem eine leidenschaftliche junge Pal\u00e4ontolgin Hintergr\u00fcnde und moderne Untersuchungstechniken erkl\u00e4rt.<br \/>\n<a href=\"https:\/\/www.thisiscolossal.com\/2020\/03\/bird-dinosaur-skull-amber\/\" rel=\"noopener noreferrer\" target=\"_blank\">&#8220;A Hummingbird-Sized Dinosaur Skull Found Preserved in 99-Million-Year-Old Amber&#8221;.<\/a><\/p>\n<div class=\"video-wrapped\" style=\"width: 500px; height: 281px; background-image: url('https:\/\/www.vorspeisenplatte.de\/speisen\/wp-content\/plugins\/video-embed-privacy\/preview\/h3xABEpxNfY.jpg')\" data-embed-frame=\"&lt;iframe title=&quot;RETRACTED: The bird in amber: A tiny skull from the age of dinosaurs&quot; width=&quot;500&quot; height=&quot;281&quot; src=&quot;https:\/\/www.youtube.com\/embed\/h3xABEpxNfY?feature=oembed&quot; frameborder=&quot;0&quot; allow=&quot;accelerometer; autoplay; clipboard-write; encrypted-media; gyroscope; picture-in-picture; web-share&quot; referrerpolicy=&quot;strict-origin-when-cross-origin&quot; allowfullscreen&gt;&lt;\/iframe&gt;\" data-embed-play=\"Abspielen&lt;div class=&quot;small&quot;&gt;Das Video wird von Youtube eingebettet abespielt. Es gilt die &lt;a href=&quot;https:\/\/www.google.com\/intl\/de\/policies\/privacy\/&quot; target=&quot;_blank&quot;&gt;Datenschutzerkl\u00e4rung von Google&lt;\/a&gt;&lt;\/div&gt;\">\n<div class=\"video-wrapped-nojs\">Aktivieren Sie JavaScript um das Video zu sehen.<br \/><a href=\"https:\/\/youtu.be\/h3xABEpxNfY\">https:\/\/youtu.be\/h3xABEpxNfY<\/a><\/div>\n<\/div>\n<p>via <a href=\"https:\/\/twitter.com\/dtfdpr\" rel=\"noopener noreferrer\" target=\"_blank\">@dtfdpr<\/a> <img loading=\"lazy\" decoding=\"async\" src=\"https:\/\/vg05.met.vgwort.de\/na\/875a61deebab4934877859181001bfde\" width=\"1\" height=\"1\" alt=\"\"\/><\/p>\n","protected":false},"excerpt":{"rendered":"<p>Die tempor\u00e4re Wunderheilung verschaffte mir noch eine gute Nacht, auf dem Weg in die Arbeit war der Spa\u00df aber sp\u00e4testens vorbei: Ich hinkte in Rekord-ROM. Davor hatte ich aber noch eine Runde Yoga genossen, diesmal mit viel langsamer Dehnung und Hineinsp\u00fcren in verschiedene Becken-Bereiche. Energisches Klingeln an der Haust\u00fcr holte mich aus dem Bad (f\u00fcr [&hellip;]<\/p>\n","protected":false},"author":2,"featured_media":0,"comment_status":"open","ping_status":"closed","sticky":false,"template":"","format":"standard","meta":{"footnotes":""},"categories":[6,2,1],"tags":[],"class_list":["post-58118","post","type-post","status-publish","format-standard","hentry","category-essen","category-fotos","category-general"],"_links":{"self":[{"href":"https:\/\/www.vorspeisenplatte.de\/speisen\/wp-json\/wp\/v2\/posts\/58118","targetHints":{"allow":["GET"]}}],"collection":[{"href":"https:\/\/www.vorspeisenplatte.de\/speisen\/wp-json\/wp\/v2\/posts"}],"about":[{"href":"https:\/\/www.vorspeisenplatte.de\/speisen\/wp-json\/wp\/v2\/types\/post"}],"author":[{"embeddable":true,"href":"https:\/\/www.vorspeisenplatte.de\/speisen\/wp-json\/wp\/v2\/users\/2"}],"replies":[{"embeddable":true,"href":"https:\/\/www.vorspeisenplatte.de\/speisen\/wp-json\/wp\/v2\/comments?post=58118"}],"version-history":[{"count":4,"href":"https:\/\/www.vorspeisenplatte.de\/speisen\/wp-json\/wp\/v2\/posts\/58118\/revisions"}],"predecessor-version":[{"id":58137,"href":"https:\/\/www.vorspeisenplatte.de\/speisen\/wp-json\/wp\/v2\/posts\/58118\/revisions\/58137"}],"wp:attachment":[{"href":"https:\/\/www.vorspeisenplatte.de\/speisen\/wp-json\/wp\/v2\/media?parent=58118"}],"wp:term":[{"taxonomy":"category","embeddable":true,"href":"https:\/\/www.vorspeisenplatte.de\/speisen\/wp-json\/wp\/v2\/categories?post=58118"},{"taxonomy":"post_tag","embeddable":true,"href":"https:\/\/www.vorspeisenplatte.de\/speisen\/wp-json\/wp\/v2\/tags?post=58118"}],"curies":[{"name":"wp","href":"https:\/\/api.w.org\/{rel}","templated":true}]}}