{"id":58978,"date":"2020-04-28T06:25:38","date_gmt":"2020-04-28T04:25:38","guid":{"rendered":"https:\/\/www.vorspeisenplatte.de\/speisen\/?p=58978"},"modified":"2020-04-28T06:25:38","modified_gmt":"2020-04-28T04:25:38","slug":"journal-montag-27-april-2020-tagesabschluss-mit-finnischer-mode","status":"publish","type":"post","link":"https:\/\/www.vorspeisenplatte.de\/speisen\/2020\/04\/journal-montag-27-april-2020-tagesabschluss-mit-finnischer-mode.htm","title":{"rendered":"Journal Montag, 27. April 2020 &#8211; Tagesabschluss mit finnischer Mode"},"content":{"rendered":"<p>Boah, was ein Tag.<\/p>\n<p>Aus Unruhe eh schon mal eine halbe Stunde vor fr\u00fchem Wecker aufgewacht. Ich f\u00fchlte mich dann aber bei meinem Fr\u00fchsport frisch (es war Crosstrainer-Morgen). Grauer Himmel, der aber nur ein paar elende Tr\u00f6pfchen ablie\u00df und schon am Vormittag wieder sonnig wurde.<\/p>\n<p><a href=\"https:\/\/www.vorspeisenplatte.de\/speisen\/archiv\/200427_02_Bavariapark.jpg\"><img loading=\"lazy\" decoding=\"async\" src=\"https:\/\/www.vorspeisenplatte.de\/speisen\/archiv\/200427_02_Bavariapark.jpg\" alt=\"\" width=\"485\" height=\"427\" class=\"alignnone size-full wp-image-58983\" \/><\/a><\/p>\n<p>Zumindest die Schnecke am Bavariapark nimmt Corona-Bek\u00e4mpfungs-Anordnungen ernst. Hat auch brav Abstand gehalten.<\/p>\n<p>Im B\u00fcro dann volle Ladung von Anfang an. Nebenwirkung von Besprechungen per TelKo: Man kann\/muss nebenher andere Dinge bearbeiten. Ich lie\u00df sogar die Mittagspause ausfallen und a\u00df nur schnell etwas \u00fcber der Tastatur (zwei italienische Dim-Sums von Vorabend) &#8211; wenn ich schon mal nicht zum Zeitunglesen komme! Aus Gr\u00fcnden sammelte ich weiter Material, das ich wirklich von daheim aus bearbeiten kann, um einen Dienstag ohne B\u00fcro und Menschen um mich rum zu erm\u00f6glichen. Und ich arbeitete so viel wie m\u00f6glich ab, was wirklich nur vor Ort abzuarbeiten ist (weil Ort und Material vor Ort n\u00f6tig).<\/p>\n<p>Sp\u00e4ter Feierabend. Ich war so zerm\u00fcrbt und ersch\u00f6pft, dass ich fast meinen Plan f\u00fcr den Abend aufgegeben h\u00e4tte, auf den ich mich seit Freitag freute: Da hatte ich n\u00e4mlich im Schaufenster vom <a href=\"https:\/\/radspieler.com\/\" rel=\"noopener noreferrer\" target=\"_blank\">Radspieler<\/a> zwei Oberteile gesehen, die mir sehr gut gefielen und f\u00fcr die ich \u00fcbers Wochenende eine starke Sehnsucht entwickelt hatte.<\/p>\n<p>Zum Gl\u00fcck \u00fcberwand ich meine Bockigkeit (&#8220;GESCHIEHT EUCH NUR RECHT, wenn ich heute \u00fcberhaupt nichts zum Freuen kriege!&#8221;) und radelte durch die Sonne in die Innenstadt. Im Radspieler wurde ich gebeten, mir die H\u00e4nde zu desinfizieren und ein laminierten K\u00e4rtchen von einem Stapel zu nehmen, beim Verlassen des Gesch\u00e4fts zur\u00fcckzulegen: So behielt man den den \u00dcberblick \u00fcber die Anzahl von Kunden in den verwinkelten G\u00e4ngen des alten Hauses. Ich stellte fest, dass die beiden Kleidungsst\u00fccke aus dem Schaufenster immer noch so sch\u00f6n waren, dass sie mir passten und standen: Gekauft.<\/p>\n<p><a href=\"https:\/\/www.vorspeisenplatte.de\/speisen\/archiv\/200427_03_RitvaFalla.jpg\"><img loading=\"lazy\" decoding=\"async\" src=\"https:\/\/www.vorspeisenplatte.de\/speisen\/archiv\/200427_03_RitvaFalla.jpg\" alt=\"\" width=\"254\" height=\"460\" class=\"alignnone size-full wp-image-58984\" \/><\/a><\/p>\n<p><a href=\"https:\/\/www.vorspeisenplatte.de\/speisen\/archiv\/200427_04_RitvaFalla.jpg\"><img loading=\"lazy\" decoding=\"async\" src=\"https:\/\/www.vorspeisenplatte.de\/speisen\/archiv\/200427_04_RitvaFalla.jpg\" alt=\"\" width=\"300\" height=\"455\" class=\"alignnone size-full wp-image-58985\" \/><\/a><\/p>\n<p>Daheim stellte ich fest, dass sie finnische Mode sind, Ritva Falla, gefertigt in Estland. Meine Laune war schon mal deutlich gehoben. Wie Sie sehen, sind meine Haare weiter gewachsen. Ich habe den Scheitel auf die Seite mit dem Wirbel verlegt, damit dieser mir den Pony aus dem Gesicht wirbeln kann. Das hat in Kombination mit der L\u00e4nge einen leichten Howard-Carpendale-Effekt, bringt mich aber insgesamt auf v\u00f6llig neue Ideen f\u00fcr den n\u00e4chsten Friseurbesuch.<\/p>\n<p>Dann bekam ich auch noch einen Negroni als Aperitif und als Nachtmahl von Herrn Kaltmamsell sch\u00f6nes Dhal sowie ein Karotten-Kokos-Curry mit Reis. Ich war mit dem Tag vers\u00f6hnt. <img loading=\"lazy\" decoding=\"async\" src=\"https:\/\/vg05.met.vgwort.de\/na\/8bbcee27a2ab43cf924b2525ee619ae9\" width=\"1\" height=\"1\" alt=\"\"\/><\/p>\n","protected":false},"excerpt":{"rendered":"<p>Boah, was ein Tag. Aus Unruhe eh schon mal eine halbe Stunde vor fr\u00fchem Wecker aufgewacht. Ich f\u00fchlte mich dann aber bei meinem Fr\u00fchsport frisch (es war Crosstrainer-Morgen). Grauer Himmel, der aber nur ein paar elende Tr\u00f6pfchen ablie\u00df und schon am Vormittag wieder sonnig wurde. Zumindest die Schnecke am Bavariapark nimmt Corona-Bek\u00e4mpfungs-Anordnungen ernst. Hat auch [&hellip;]<\/p>\n","protected":false},"author":2,"featured_media":0,"comment_status":"open","ping_status":"closed","sticky":false,"template":"","format":"standard","meta":{"footnotes":""},"categories":[2,1],"tags":[],"class_list":["post-58978","post","type-post","status-publish","format-standard","hentry","category-fotos","category-general"],"_links":{"self":[{"href":"https:\/\/www.vorspeisenplatte.de\/speisen\/wp-json\/wp\/v2\/posts\/58978","targetHints":{"allow":["GET"]}}],"collection":[{"href":"https:\/\/www.vorspeisenplatte.de\/speisen\/wp-json\/wp\/v2\/posts"}],"about":[{"href":"https:\/\/www.vorspeisenplatte.de\/speisen\/wp-json\/wp\/v2\/types\/post"}],"author":[{"embeddable":true,"href":"https:\/\/www.vorspeisenplatte.de\/speisen\/wp-json\/wp\/v2\/users\/2"}],"replies":[{"embeddable":true,"href":"https:\/\/www.vorspeisenplatte.de\/speisen\/wp-json\/wp\/v2\/comments?post=58978"}],"version-history":[{"count":3,"href":"https:\/\/www.vorspeisenplatte.de\/speisen\/wp-json\/wp\/v2\/posts\/58978\/revisions"}],"predecessor-version":[{"id":58992,"href":"https:\/\/www.vorspeisenplatte.de\/speisen\/wp-json\/wp\/v2\/posts\/58978\/revisions\/58992"}],"wp:attachment":[{"href":"https:\/\/www.vorspeisenplatte.de\/speisen\/wp-json\/wp\/v2\/media?parent=58978"}],"wp:term":[{"taxonomy":"category","embeddable":true,"href":"https:\/\/www.vorspeisenplatte.de\/speisen\/wp-json\/wp\/v2\/categories?post=58978"},{"taxonomy":"post_tag","embeddable":true,"href":"https:\/\/www.vorspeisenplatte.de\/speisen\/wp-json\/wp\/v2\/tags?post=58978"}],"curies":[{"name":"wp","href":"https:\/\/api.w.org\/{rel}","templated":true}]}}