{"id":59602,"date":"2020-05-27T05:55:17","date_gmt":"2020-05-27T03:55:17","guid":{"rendered":"https:\/\/www.vorspeisenplatte.de\/speisen\/?p=59602"},"modified":"2022-05-06T14:15:30","modified_gmt":"2022-05-06T12:15:30","slug":"journal-dienstag-26-mai-2020-benebeltes-wackeln-durch-den-tag","status":"publish","type":"post","link":"https:\/\/www.vorspeisenplatte.de\/speisen\/2020\/05\/journal-dienstag-26-mai-2020-benebeltes-wackeln-durch-den-tag.htm","title":{"rendered":"Journal Dienstag, 26. Mai 2020 &#8211; Benebeltes Wackeln durch den Tag"},"content":{"rendered":"<p>Erst eine Stunde vorm Weckerklingeln, aber dann doch: Migr\u00e4ne. Ich sagte Herrn Kaltmamsell Bescheid, damit er mich nicht besorgt rechtzeitig f\u00fcrs Arbeitgehen weckte, nahm mein Triptan und ging zur\u00fcck ins Bett mit dem Vorsatz, mich krank zu melden. Doch als ich zwei Stunden sp\u00e4ter aus dem Migr\u00e4ne-Schlaf (und gemeinen Tr\u00e4umen) erwachte, war ich gesund. Ich k\u00fcrzte meinen Morgen also ab, trank lediglich ein Glas Wasser, duschte und radelte in die Arbeit &#8211; wo ich nur 20 Minuten sp\u00e4ter als sonst mit etwas benebelter Schwermut als Nachklang der Attacke eintraf.<\/p>\n<p>War dann kein einfacher Arbeitstag, viel Durcheinander innen und au\u00dfen, fast einen schlimmen Bock geschossen. Vergn\u00fcgen am neuen Newsletter eines Dienstleisters, der komplett Schnickschnack-  und HTML-frei lediglich aus relevanter Hintergrundinfo f\u00fcr die Kunden eines bestimmten Angebots bestand, in d\u00fcrren Worten, ohne unfreundlich zu klingen. Genau mein Geschmack. (Vermutlich klagt der PR-Verband demn\u00e4chst gegen die Bezeichnung &#8220;Newsletter&#8221; daf\u00fcr.)<\/p>\n<p>Mittags <a href=\"https:\/\/www.vorspeisenplatte.de\/rezepte\/karottensalat-mit-koriander.htm\" rel=\"noopener noreferrer\" target=\"_blank\">gekochten Karottensalat<\/a>, den ich am Vorabend aus Ernteanteil gemacht hatte, mit einem St\u00fcck Wei\u00dfbrot.<\/p>\n<p>Ich wackelte weiter durch den Tag bis Feierabend, als ich durch k\u00fchle Sonne in die Innenstadt radelte. In der Sendlinger Stra\u00dfe hatte ich ein paar Besorgungen geplant &#8211; um festzustellen, dass dort fast alle Gesch\u00e4fte derzeit um 18 Uhr schlie\u00dfen. Die unerwartet geringe Nachfrage nach Wiederer\u00f6ffnung plus Auflagen, die die Zahl von Kunden im Gesch\u00e4ft stark beschr\u00e4nken, machen offensichtlich l\u00e4ngere \u00d6ffnungszeiten unrentabel. Deshalb klappte nur eine der Besorgungen (schwarze Caprihose), diese sogar mit Anstehen vor dem Laden.<\/p>\n<p>Zum Nachtmahl servierte Herr Kaltmamsell Strammer Max (wollte er einfach mal ausprobieren, obwohl ihm als Brot nur Focaccia zur Verf\u00fcgung stand) mit dem restlichen Pfannengem\u00fcse vom Vorabend. Schmeckte sehr gut. Nachtisch Vanillepudding und Schokolade.<\/p>\n<p>Noch fr\u00fcher als sonst ins Bett, weil ich sehr m\u00fcde war. <img loading=\"lazy\" decoding=\"async\" src=\"https:\/\/vg05.met.vgwort.de\/na\/0cdf47d9d063498f9aae80fc751e39c0\" width=\"1\" height=\"1\" alt=\"\"\/><\/p>\n","protected":false},"excerpt":{"rendered":"<p>Erst eine Stunde vorm Weckerklingeln, aber dann doch: Migr\u00e4ne. Ich sagte Herrn Kaltmamsell Bescheid, damit er mich nicht besorgt rechtzeitig f\u00fcrs Arbeitgehen weckte, nahm mein Triptan und ging zur\u00fcck ins Bett mit dem Vorsatz, mich krank zu melden. Doch als ich zwei Stunden sp\u00e4ter aus dem Migr\u00e4ne-Schlaf (und gemeinen Tr\u00e4umen) erwachte, war ich gesund. Ich [&hellip;]<\/p>\n","protected":false},"author":2,"featured_media":0,"comment_status":"open","ping_status":"closed","sticky":false,"template":"","format":"standard","meta":{"footnotes":""},"categories":[1],"tags":[],"class_list":["post-59602","post","type-post","status-publish","format-standard","hentry","category-general"],"_links":{"self":[{"href":"https:\/\/www.vorspeisenplatte.de\/speisen\/wp-json\/wp\/v2\/posts\/59602","targetHints":{"allow":["GET"]}}],"collection":[{"href":"https:\/\/www.vorspeisenplatte.de\/speisen\/wp-json\/wp\/v2\/posts"}],"about":[{"href":"https:\/\/www.vorspeisenplatte.de\/speisen\/wp-json\/wp\/v2\/types\/post"}],"author":[{"embeddable":true,"href":"https:\/\/www.vorspeisenplatte.de\/speisen\/wp-json\/wp\/v2\/users\/2"}],"replies":[{"embeddable":true,"href":"https:\/\/www.vorspeisenplatte.de\/speisen\/wp-json\/wp\/v2\/comments?post=59602"}],"version-history":[{"count":3,"href":"https:\/\/www.vorspeisenplatte.de\/speisen\/wp-json\/wp\/v2\/posts\/59602\/revisions"}],"predecessor-version":[{"id":76192,"href":"https:\/\/www.vorspeisenplatte.de\/speisen\/wp-json\/wp\/v2\/posts\/59602\/revisions\/76192"}],"wp:attachment":[{"href":"https:\/\/www.vorspeisenplatte.de\/speisen\/wp-json\/wp\/v2\/media?parent=59602"}],"wp:term":[{"taxonomy":"category","embeddable":true,"href":"https:\/\/www.vorspeisenplatte.de\/speisen\/wp-json\/wp\/v2\/categories?post=59602"},{"taxonomy":"post_tag","embeddable":true,"href":"https:\/\/www.vorspeisenplatte.de\/speisen\/wp-json\/wp\/v2\/tags?post=59602"}],"curies":[{"name":"wp","href":"https:\/\/api.w.org\/{rel}","templated":true}]}}