{"id":59631,"date":"2020-05-29T05:52:58","date_gmt":"2020-05-29T03:52:58","guid":{"rendered":"https:\/\/www.vorspeisenplatte.de\/speisen\/?p=59631"},"modified":"2020-05-29T05:52:58","modified_gmt":"2020-05-29T03:52:58","slug":"journal-donnerstag-28-mai-2020-einkaufsverzoegerung-durch-kaufvereinzelung","status":"publish","type":"post","link":"https:\/\/www.vorspeisenplatte.de\/speisen\/2020\/05\/journal-donnerstag-28-mai-2020-einkaufsverzoegerung-durch-kaufvereinzelung.htm","title":{"rendered":"Journal Donnerstag, 28. Mai 2020 &#8211; Einkaufsverz\u00f6gerung durch Kaufvereinzelung"},"content":{"rendered":"<p>Vor Weckerklingeln aufgewacht, gestern war wieder ein wenig Yoga dran, n\u00e4mlich R\u00fccken\u00fcbungen.<\/p>\n<p>Meine Freude auf endlich richtig Yoga nach H\u00fcft-OP hat einen deutlichen D\u00e4mpfer bekommen. Zwar steht Yoga explizit auf allen Listen empfohlener Sportarten mit k\u00fcnstlichem H\u00fcftgelenk, doch nach Berichten von Patientinnen, welche Bewegungen sie ebenso explizit meiden sollen, um ein Auskugeln zu verhindern, wurde ich misstrauisch: Das waren durch die Bank typische Yoga-Haltungen. Recherchen best\u00e4tigten mein Misstrauen:<br \/>\n<a href=\"https:\/\/www.zeitschrift-sportmedizin.de\/nach-hueft-op-nicht-alle-yoga-uebungen-sind-geeignet\/#\" rel=\"noopener noreferrer\" target=\"_blank\">Die \u00dcbungen, die nach Tests als ungeeignet eingestuft wurden, sind genau die h\u00e4ufigsten Standards.<\/a><\/p>\n<p>Es war wieder k\u00fchl geworden, den Tag \u00fcber spritzten auch immer wieder ein paar Regentropfen. Emsiges Arbeiten, mittags Birchermuesli mit Joghurt und mit Hanfsamen, die dem Ernteanteil beigelegt waren: Machten sich zum Bei\u00dfen und geschmacklich hervorragend. Nachmittags gegen Hunger einen Eiwei\u00dfriegel (Mischn\u00fcsse als Standard-Snack hatte ich nicht nachgekauft, weil die derzeit zu 80 Prozent aus Haseln\u00fcssen bestehen &#8211; da kaufe ich doch lieber gleich die deutlich g\u00fcnstigeren Haseln\u00fcsse).<\/p>\n<p>Nach der Arbeit beeilte ich mich, rechtzeitig vor Schlie\u00dfung um 18 Uhr am Laden der Hofbr\u00e4uhausm\u00fchle zu sein. Zeitlich schaffte ich es, doch es verz\u00f6gert den Ablauf ungemein, dass immer nur ein Kunde oder eine Kundin in den Laden d\u00fcrfen &#8211; wer nicht, wie ich, sehr genau wei\u00df, was sie will, sieht sich erst mal eine Zeit lang um, bis es zum Kauf kommt. Ohne dass jemand anders sich auch schon mal umsehen kann, weil die ja vor der T\u00fcr warten muss. Als ich dran war, griff ich nur gezielt zu Bio-Weizenmehl 405 und Roggenmehl 1370 jeweils im 2,5-Kilo-Paket und zahlte. Selbst das Einpacken verlegte ich nach Drau\u00dfen, damit die n\u00e4chste m\u00f6glichst schnell reinkam.<\/p>\n<p>An einem Standl kaufte ich noch Erdbeeren und Aprikosen. Herr Kaltmamsell servierte als Nachtmahl panierte Auberginenscheiben und Salat aus Ernteanteil, ich den Nachtisch Erdbeeren mit Sahne.<\/p>\n<p><a href=\"https:\/\/www.vorspeisenplatte.de\/speisen\/archiv\/200528_01_Erdbeeren.jpg\"><img loading=\"lazy\" decoding=\"async\" src=\"https:\/\/www.vorspeisenplatte.de\/speisen\/archiv\/200528_01_Erdbeeren.jpg\" alt=\"\" width=\"333\" height=\"333\" class=\"alignnone size-full wp-image-59645\" srcset=\"https:\/\/www.vorspeisenplatte.de\/speisen\/archiv\/200528_01_Erdbeeren.jpg 333w, https:\/\/www.vorspeisenplatte.de\/speisen\/archiv\/200528_01_Erdbeeren-150x150.jpg 150w, https:\/\/www.vorspeisenplatte.de\/speisen\/archiv\/200528_01_Erdbeeren-144x144.jpg 144w\" sizes=\"auto, (max-width: 333px) 100vw, 333px\" \/><\/a><\/p>\n<p>Die Erdbeeren schmeckten diesmal sensationell, mit Sahne definitv mein derzeitiges Lieblingsessen. Zweitliebstes ohne Sahne.<\/p>\n<p>\u00a7<\/p>\n<p>James Rebanks, der twitternde Sch\u00e4fer im Lake District, hat sein drittes Buch geschrieben &#8211; und es ist viel zu lange bis September.<\/p>\n<blockquote class=\"twitter-tweet\">\n<p lang=\"en\" dir=\"ltr\">It took me a little while, but my new book is now on sale (for pre orders)<\/p>\n<p>It is about everything I care about and love and I hope you like it <a href=\"https:\/\/t.co\/kpg2u7JmZH\">pic.twitter.com\/kpg2u7JmZH<\/a><\/p>\n<p>&mdash; James Rebanks (@herdyshepherd1) <a href=\"https:\/\/twitter.com\/herdyshepherd1\/status\/1265985061284982784?ref_src=twsrc%5Etfw\">May 28, 2020<\/a><\/p><\/blockquote>\n<p> <script async src=\"https:\/\/platform.twitter.com\/widgets.js\" charset=\"utf-8\"><\/script> <\/p>\n<p>\u00a7<\/p>\n<p>Selbst habe ich es dann doch nie rein geschafft, in die regelm\u00e4\u00dfig empfohlene schwabinger Friesische Teestube. Jetzt macht sie nach 44 Jahren zu. Ein Abschied in der <i>S\u00fcddeutschen<\/i>, den ich hier f\u00fcr die mitlesenden Exil-M\u00fcnchnerinnen des Herzens verlinke:<br \/>\n<a href=\"https:\/\/www.sueddeutsche.de\/muenchen\/muenchen-schwabing-friesische-teestube-1.4919703\" rel=\"noopener noreferrer\" target=\"_blank\">&#8220;Aus der Zeit gefallen&#8221;.<\/a> <img loading=\"lazy\" decoding=\"async\" src=\"https:\/\/vg05.met.vgwort.de\/na\/64efe1129b294d0ca0a7c6290b2ee7c8\" width=\"1\" height=\"1\" alt=\"\"\/><\/p>\n","protected":false},"excerpt":{"rendered":"<p>Vor Weckerklingeln aufgewacht, gestern war wieder ein wenig Yoga dran, n\u00e4mlich R\u00fccken\u00fcbungen. Meine Freude auf endlich richtig Yoga nach H\u00fcft-OP hat einen deutlichen D\u00e4mpfer bekommen. Zwar steht Yoga explizit auf allen Listen empfohlener Sportarten mit k\u00fcnstlichem H\u00fcftgelenk, doch nach Berichten von Patientinnen, welche Bewegungen sie ebenso explizit meiden sollen, um ein Auskugeln zu verhindern, wurde [&hellip;]<\/p>\n","protected":false},"author":2,"featured_media":0,"comment_status":"open","ping_status":"closed","sticky":false,"template":"","format":"standard","meta":{"footnotes":""},"categories":[6,1],"tags":[],"class_list":["post-59631","post","type-post","status-publish","format-standard","hentry","category-essen","category-general"],"_links":{"self":[{"href":"https:\/\/www.vorspeisenplatte.de\/speisen\/wp-json\/wp\/v2\/posts\/59631","targetHints":{"allow":["GET"]}}],"collection":[{"href":"https:\/\/www.vorspeisenplatte.de\/speisen\/wp-json\/wp\/v2\/posts"}],"about":[{"href":"https:\/\/www.vorspeisenplatte.de\/speisen\/wp-json\/wp\/v2\/types\/post"}],"author":[{"embeddable":true,"href":"https:\/\/www.vorspeisenplatte.de\/speisen\/wp-json\/wp\/v2\/users\/2"}],"replies":[{"embeddable":true,"href":"https:\/\/www.vorspeisenplatte.de\/speisen\/wp-json\/wp\/v2\/comments?post=59631"}],"version-history":[{"count":3,"href":"https:\/\/www.vorspeisenplatte.de\/speisen\/wp-json\/wp\/v2\/posts\/59631\/revisions"}],"predecessor-version":[{"id":59648,"href":"https:\/\/www.vorspeisenplatte.de\/speisen\/wp-json\/wp\/v2\/posts\/59631\/revisions\/59648"}],"wp:attachment":[{"href":"https:\/\/www.vorspeisenplatte.de\/speisen\/wp-json\/wp\/v2\/media?parent=59631"}],"wp:term":[{"taxonomy":"category","embeddable":true,"href":"https:\/\/www.vorspeisenplatte.de\/speisen\/wp-json\/wp\/v2\/categories?post=59631"},{"taxonomy":"post_tag","embeddable":true,"href":"https:\/\/www.vorspeisenplatte.de\/speisen\/wp-json\/wp\/v2\/tags?post=59631"}],"curies":[{"name":"wp","href":"https:\/\/api.w.org\/{rel}","templated":true}]}}