{"id":601,"date":"2004-10-14T17:33:31","date_gmt":"2004-10-14T15:33:31","guid":{"rendered":"https:\/\/www.vorspeisenplatte.de\/speisen\/2004\/10\/literaturtheorie-in-italien.htm"},"modified":"2004-10-14T17:33:57","modified_gmt":"2004-10-14T15:33:57","slug":"literaturtheorie-in-italien","status":"publish","type":"post","link":"https:\/\/www.vorspeisenplatte.de\/speisen\/2004\/10\/literaturtheorie-in-italien.htm","title":{"rendered":"Literaturtheorie in Italien"},"content":{"rendered":"<p><a href=\"http:\/\/elle.blogg.de\/eintrag.php?id=81\" target=_new>Elle erz\u00e4hlt von einem neapolitanischen Seminar zu zweit.<\/a><\/p>\n<p>Und ich muss daran denken, wie ich seinerzeit in Swansea fassungslos vor den drei Regalen stand, die in der Uni-Bibliothek den gesamten Bestand zu Englischer Literaturwissenschaft enthielten &#8211; aber ein Seminar Postmodern American Poetry zu sechst genie\u00dfen konnte. Dozent war ein schm\u00e4chtiger jugendlicher Albino mit franz\u00f6sischem Akzent, der so wenig sah, dass er die Gedichte auf seinem Scho\u00df immer mit einer Lupe las und erst registrierte, wer von uns f\u00fcnfen bereits im Zimmer war, wenn er unsere Stimme h\u00f6rte.<\/p>\n","protected":false},"excerpt":{"rendered":"<p>Elle erz\u00e4hlt von einem neapolitanischen Seminar zu zweit. Und ich muss daran denken, wie ich seinerzeit in Swansea fassungslos vor den drei Regalen stand, die in der Uni-Bibliothek den gesamten Bestand zu Englischer Literaturwissenschaft enthielten &#8211; aber ein Seminar Postmodern American Poetry zu sechst genie\u00dfen konnte. Dozent war ein schm\u00e4chtiger jugendlicher Albino mit franz\u00f6sischem Akzent, [&hellip;]<\/p>\n","protected":false},"author":2,"featured_media":0,"comment_status":"open","ping_status":"closed","sticky":false,"template":"","format":"standard","meta":{"footnotes":""},"categories":[1],"tags":[],"class_list":["post-601","post","type-post","status-publish","format-standard","hentry","category-general"],"_links":{"self":[{"href":"https:\/\/www.vorspeisenplatte.de\/speisen\/wp-json\/wp\/v2\/posts\/601","targetHints":{"allow":["GET"]}}],"collection":[{"href":"https:\/\/www.vorspeisenplatte.de\/speisen\/wp-json\/wp\/v2\/posts"}],"about":[{"href":"https:\/\/www.vorspeisenplatte.de\/speisen\/wp-json\/wp\/v2\/types\/post"}],"author":[{"embeddable":true,"href":"https:\/\/www.vorspeisenplatte.de\/speisen\/wp-json\/wp\/v2\/users\/2"}],"replies":[{"embeddable":true,"href":"https:\/\/www.vorspeisenplatte.de\/speisen\/wp-json\/wp\/v2\/comments?post=601"}],"version-history":[{"count":0,"href":"https:\/\/www.vorspeisenplatte.de\/speisen\/wp-json\/wp\/v2\/posts\/601\/revisions"}],"wp:attachment":[{"href":"https:\/\/www.vorspeisenplatte.de\/speisen\/wp-json\/wp\/v2\/media?parent=601"}],"wp:term":[{"taxonomy":"category","embeddable":true,"href":"https:\/\/www.vorspeisenplatte.de\/speisen\/wp-json\/wp\/v2\/categories?post=601"},{"taxonomy":"post_tag","embeddable":true,"href":"https:\/\/www.vorspeisenplatte.de\/speisen\/wp-json\/wp\/v2\/tags?post=601"}],"curies":[{"name":"wp","href":"https:\/\/api.w.org\/{rel}","templated":true}]}}