{"id":60631,"date":"2020-07-13T05:54:07","date_gmt":"2020-07-13T03:54:07","guid":{"rendered":"https:\/\/www.vorspeisenplatte.de\/speisen\/?p=60631"},"modified":"2020-07-13T06:31:08","modified_gmt":"2020-07-13T04:31:08","slug":"journal-sonntag-12-juli-2020-12von12","status":"publish","type":"post","link":"https:\/\/www.vorspeisenplatte.de\/speisen\/2020\/07\/journal-sonntag-12-juli-2020-12von12.htm","title":{"rendered":"Journal Sonntag, 12. Juli 2020 &#8211; #12von12"},"content":{"rendered":"<p>Ausgeschlafen, gem\u00fctlicher Morgenkaffee.<\/p>\n<p>Alle paar Minuten stand ich auf und ging zu Herrn Kaltmamsell hin\u00fcber, um ihm eine weitere Sache zu erz\u00e4hlen, die ich am Vorabend aus dem Gespr\u00e4ch mit der Freundin gelernt hatte. Unter anderem, wie man ausgemusterte oder sogar kaputte Dinge bei ebay Kleinanzeigen verschenkt. (Die Details \u00fcber die Nacht vor dem MAN-\u00dcbernahmeversuch von Scania behalte ich aber f\u00fcr mich. Nur so viel: Die Corporate-Welt ist wirklich nicht auf Frauen eingestellt.)<\/p>\n<p>Ich dachte rechtzeitig daran, dass ich an diesem freien Sonntag ja an <a href=\"https:\/\/draussennurkaennchen.blogspot.com\/p\/12-von-12.html\" rel=\"noopener noreferrer\" target=\"_blank\">#12von12<\/a> teilnehmen konnte und begann zu fotografieren. (<a href=\"https:\/\/draussennurkaennchen.blogspot.com\/2020\/07\/12-von-12-juli-2020.html\" rel=\"noopener noreferrer\" target=\"_blank\">Hier alle Teilnehmende dieses Monats.<\/a>)<\/p>\n<p><a href=\"https:\/\/www.vorspeisenplatte.de\/speisen\/archiv\/200712_01_Fruestueckstisch.jpg\"><img loading=\"lazy\" decoding=\"async\" src=\"https:\/\/www.vorspeisenplatte.de\/speisen\/archiv\/200712_01_Fruestueckstisch.jpg\" alt=\"\" width=\"393\" height=\"393\" class=\"alignnone size-full wp-image-60641\" srcset=\"https:\/\/www.vorspeisenplatte.de\/speisen\/archiv\/200712_01_Fruestueckstisch.jpg 393w, https:\/\/www.vorspeisenplatte.de\/speisen\/archiv\/200712_01_Fruestueckstisch-150x150.jpg 150w, https:\/\/www.vorspeisenplatte.de\/speisen\/archiv\/200712_01_Fruestueckstisch-144x144.jpg 144w\" sizes=\"auto, (max-width: 393px) 100vw, 393px\" \/><\/a><\/p>\n<p>1 &#8211; F\u00fcr einen Balkonkaffee war es trotz sonnigem Wetter zu k\u00fchl.<\/p>\n<p><a href=\"https:\/\/www.vorspeisenplatte.de\/speisen\/archiv\/200712_02_Kleidung.jpg\"><img loading=\"lazy\" decoding=\"async\" src=\"https:\/\/www.vorspeisenplatte.de\/speisen\/archiv\/200712_02_Kleidung.jpg\" alt=\"\" width=\"236\" height=\"396\" class=\"alignnone size-full wp-image-60643\" \/><\/a><\/p>\n<p>2 &#8211; Fertig f\u00fcrs Radeln zum Olympiabad.<\/p>\n<p><a href=\"https:\/\/www.vorspeisenplatte.de\/speisen\/archiv\/200712_07_Olympiabad.jpg\"><img loading=\"lazy\" decoding=\"async\" src=\"https:\/\/www.vorspeisenplatte.de\/speisen\/archiv\/200712_07_Olympiabad.jpg\" alt=\"\" width=\"369\" height=\"369\" class=\"alignnone size-full wp-image-60644\" srcset=\"https:\/\/www.vorspeisenplatte.de\/speisen\/archiv\/200712_07_Olympiabad.jpg 369w, https:\/\/www.vorspeisenplatte.de\/speisen\/archiv\/200712_07_Olympiabad-150x150.jpg 150w, https:\/\/www.vorspeisenplatte.de\/speisen\/archiv\/200712_07_Olympiabad-144x144.jpg 144w\" sizes=\"auto, (max-width: 369px) 100vw, 369px\" \/><\/a><\/p>\n<p>3 &#8211; Schwimmen: vorher und nachher. Schwimmen lief gut, ich wurde immer wieder bahnenweise mit Selbstvergessenheit beschenkt und g\u00f6nnte mir 2700 Meter. Gerne h\u00e4tte ich die Duschen in Pandemiezeiten fotografiert, mit dem Absperrband \u00fcber jeder zweiten Dusche &#8211; aber es war immer jemand da.<\/p>\n<p><a href=\"https:\/\/www.vorspeisenplatte.de\/speisen\/archiv\/200712_08_Olympiapark.jpg\"><img loading=\"lazy\" decoding=\"async\" src=\"https:\/\/www.vorspeisenplatte.de\/speisen\/archiv\/200712_08_Olympiapark.jpg\" alt=\"\" width=\"426\" height=\"572\" class=\"alignnone size-full wp-image-60647\" \/><\/a><\/p>\n<p>4 &#8211; Der Olympiapark war gut besucht, auch von grasenden G\u00e4nsen. F\u00fcrs Heimradeln brauchte ich keine Jacke mehr.<\/p>\n<p><a href=\"https:\/\/www.vorspeisenplatte.de\/speisen\/archiv\/200712_10_Fruestueck.jpg\"><img loading=\"lazy\" decoding=\"async\" src=\"https:\/\/www.vorspeisenplatte.de\/speisen\/archiv\/200712_10_Fruestueck.jpg\" alt=\"\" width=\"442\" height=\"406\" class=\"alignnone size-full wp-image-60648\" \/><\/a><\/p>\n<p>5 &#8211; Zum Fr\u00fchst\u00fcck gab&#8217;s ein Sch\u00e4lchen Okroschka, Aprikosen und Pfirsiche, Zimtschnecken, Tee mit Milch. Das war zu viel, nach sehr Langem \u00fcberfra\u00df ich mich mal wieder.<\/p>\n<p><a href=\"https:\/\/www.vorspeisenplatte.de\/speisen\/archiv\/200712_11_Nagellack.jpg\"><img loading=\"lazy\" decoding=\"async\" src=\"https:\/\/www.vorspeisenplatte.de\/speisen\/archiv\/200712_11_Nagellack.jpg\" alt=\"\" width=\"302\" height=\"302\" class=\"alignnone size-full wp-image-60649\" srcset=\"https:\/\/www.vorspeisenplatte.de\/speisen\/archiv\/200712_11_Nagellack.jpg 302w, https:\/\/www.vorspeisenplatte.de\/speisen\/archiv\/200712_11_Nagellack-150x150.jpg 150w, https:\/\/www.vorspeisenplatte.de\/speisen\/archiv\/200712_11_Nagellack-144x144.jpg 144w\" sizes=\"auto, (max-width: 302px) 100vw, 302px\" \/><\/a><\/p>\n<p>6 &#8211; Manik\u00fcre. Ich habe festgestellt, dass ich bei geschminkten Fingern\u00e4geln vorerst weniger an  meinen Nagelh\u00e4uten fiesle. Und zu ihrer Information: In Wirklichkeit hat der Nagellack \u201eget a mauve on\u201c nat\u00fcrlich die Farbe Rotweincreme, aber die kennt Essie wahrscheinlich einfach nicht.<\/p>\n<p><a href=\"https:\/\/www.vorspeisenplatte.de\/speisen\/archiv\/200712_12_Balkon.jpg\"><img loading=\"lazy\" decoding=\"async\" src=\"https:\/\/www.vorspeisenplatte.de\/speisen\/archiv\/200712_12_Balkon.jpg\" alt=\"\" width=\"363\" height=\"363\" class=\"alignnone size-full wp-image-60650\" srcset=\"https:\/\/www.vorspeisenplatte.de\/speisen\/archiv\/200712_12_Balkon.jpg 363w, https:\/\/www.vorspeisenplatte.de\/speisen\/archiv\/200712_12_Balkon-150x150.jpg 150w, https:\/\/www.vorspeisenplatte.de\/speisen\/archiv\/200712_12_Balkon-144x144.jpg 144w\" sizes=\"auto, (max-width: 363px) 100vw, 363px\" \/><\/a><\/p>\n<p>7 &#8211; Nachmittag auf dem Balkon, mittlerweile war es warm genug zum Drau\u00dfensitzen.<\/p>\n<p><a href=\"https:\/\/www.vorspeisenplatte.de\/speisen\/archiv\/200712_13_Malagabecher.jpg\"><img loading=\"lazy\" decoding=\"async\" src=\"https:\/\/www.vorspeisenplatte.de\/speisen\/archiv\/200712_13_Malagabecher.jpg\" alt=\"\" width=\"454\" height=\"454\" class=\"alignnone size-full wp-image-60652\" srcset=\"https:\/\/www.vorspeisenplatte.de\/speisen\/archiv\/200712_13_Malagabecher.jpg 454w, https:\/\/www.vorspeisenplatte.de\/speisen\/archiv\/200712_13_Malagabecher-150x150.jpg 150w, https:\/\/www.vorspeisenplatte.de\/speisen\/archiv\/200712_13_Malagabecher-144x144.jpg 144w\" sizes=\"auto, (max-width: 454px) 100vw, 454px\" \/><\/a><\/p>\n<p>8 &#8211; Am sp\u00e4teren Nachmittag spazierte ich mit Herrn Kaltmamsell zur n\u00e4chstgelegenen Eisdiele in der Landwehrstra\u00dfe und holte einen Malagabecher.<\/p>\n<p><a href=\"https:\/\/www.vorspeisenplatte.de\/speisen\/archiv\/200712_14a_Wohnzimmerausblick.jpg\"><img loading=\"lazy\" decoding=\"async\" src=\"https:\/\/www.vorspeisenplatte.de\/speisen\/archiv\/200712_14a_Wohnzimmerausblick.jpg\" alt=\"\" width=\"409\" height=\"405\" class=\"alignnone size-full wp-image-60653\" srcset=\"https:\/\/www.vorspeisenplatte.de\/speisen\/archiv\/200712_14a_Wohnzimmerausblick.jpg 409w, https:\/\/www.vorspeisenplatte.de\/speisen\/archiv\/200712_14a_Wohnzimmerausblick-150x150.jpg 150w, https:\/\/www.vorspeisenplatte.de\/speisen\/archiv\/200712_14a_Wohnzimmerausblick-144x144.jpg 144w\" sizes=\"auto, (max-width: 409px) 100vw, 409px\" \/><\/a><\/p>\n<p>9 &#8211; Wundersch\u00f6nes abendliches Hochsommerlicht.<\/p>\n<p><a href=\"https:\/\/www.vorspeisenplatte.de\/speisen\/archiv\/200712_15_Kueche.jpg\"><img loading=\"lazy\" decoding=\"async\" src=\"https:\/\/www.vorspeisenplatte.de\/speisen\/archiv\/200712_15_Kueche.jpg\" alt=\"\" width=\"393\" height=\"393\" class=\"alignnone size-full wp-image-60654\" srcset=\"https:\/\/www.vorspeisenplatte.de\/speisen\/archiv\/200712_15_Kueche.jpg 393w, https:\/\/www.vorspeisenplatte.de\/speisen\/archiv\/200712_15_Kueche-150x150.jpg 150w, https:\/\/www.vorspeisenplatte.de\/speisen\/archiv\/200712_15_Kueche-144x144.jpg 144w\" sizes=\"auto, (max-width: 393px) 100vw, 393px\" \/><\/a><\/p>\n<p><a href=\"https:\/\/www.vorspeisenplatte.de\/speisen\/archiv\/200712_16_Nachtmahl.jpg\"><img loading=\"lazy\" decoding=\"async\" src=\"https:\/\/www.vorspeisenplatte.de\/speisen\/archiv\/200712_16_Nachtmahl.jpg\" alt=\"\" width=\"393\" height=\"393\" class=\"alignnone size-full wp-image-60655\" srcset=\"https:\/\/www.vorspeisenplatte.de\/speisen\/archiv\/200712_16_Nachtmahl.jpg 393w, https:\/\/www.vorspeisenplatte.de\/speisen\/archiv\/200712_16_Nachtmahl-150x150.jpg 150w, https:\/\/www.vorspeisenplatte.de\/speisen\/archiv\/200712_16_Nachtmahl-144x144.jpg 144w\" sizes=\"auto, (max-width: 393px) 100vw, 393px\" \/><\/a><\/p>\n<p>10\/11 &#8211; Zum Nachtmahl gab es Spaghetti mit Agretti und Gurkensalat mit Fr\u00fchlingszwiebel, beides aus Ernteanteil.<\/p>\n<p><a href=\"https:\/\/www.vorspeisenplatte.de\/speisen\/archiv\/200712_17_Buch_Mitford.jpg\"><img loading=\"lazy\" decoding=\"async\" src=\"https:\/\/www.vorspeisenplatte.de\/speisen\/archiv\/200712_17_Buch_Mitford.jpg\" alt=\"\" width=\"333\" height=\"333\" class=\"alignnone size-full wp-image-60658\" srcset=\"https:\/\/www.vorspeisenplatte.de\/speisen\/archiv\/200712_17_Buch_Mitford.jpg 333w, https:\/\/www.vorspeisenplatte.de\/speisen\/archiv\/200712_17_Buch_Mitford-150x150.jpg 150w, https:\/\/www.vorspeisenplatte.de\/speisen\/archiv\/200712_17_Buch_Mitford-144x144.jpg 144w\" sizes=\"auto, (max-width: 333px) 100vw, 333px\" \/><\/a><\/p>\n<p>12 &#8211; Nancy Mitford, <i>The Blessing<\/i> ausgelesen. Der dritte Roman des Sammelbands Nancy Mitford in unserem Haus (<a href=\"https:\/\/www.vorspeisenplatte.de\/speisen\/2020\/01\/journal-donnerstag-2-januar-2020-venedig-2-ghetto-und-cicchetti.htm\" rel=\"noopener noreferrer\" target=\"_blank\">hier habe ich unten \u00fcber <i>The Pursuit of Love<\/i> geschrieben<\/a>), 1951 ver\u00f6ffentlicht.<\/p>\n<p>Wieder spielt die Handlung in der frivolen Atmosph\u00e4re der reichen, alteingesessenen Elite Englands und Frankreichs. Im Mittelpunkt diesmal die (auch hier) h\u00fcbsche, gutherzige aber ungebildete und hohlk\u00f6pfige Grace aus reichem Hause, die im zweiten Weltkriegs den hochadligen Franzosen Charles-Edouard heiratet, weil er sie am\u00fcsiert. Mit dem bald geborenen Sohn ziehen sie nach Paris, wir lesen vom reichen, geselligen Leben dort. Unkonventionell und witzig ist die Titelfigur: Als \u201ethe Blessing\u201c bezeichnet seine Mutter n\u00e4mlich den Sohn Sigismond. Und den baut Mitford zum herrlichen Gegenst\u00fcck des <i>Little Lord Fauntleroy<\/i> aus (das St\u00fcck wird explizit erw\u00e4hnt): Als n\u00e4mlich seine Eltern sich trennen (Grace hat ihren Mann im Bett mit einer anderen gesehen) und seine Mutter nach England zur\u00fcckgeht, erkennt der dann siebenj\u00e4hrige Sigismond, der durchaus nicht unsympatischer geschildert wird als die anderen Figuren, dass er in dieser Konstellation das beste Leben hat. Seine beiden Eltern setzen alles daran ihn zu verw\u00f6hnen, er bekommt jeden noch so absurden Wunsch erf\u00fcllt \u2013 w\u00e4hrend die beiden zu guten Zeiten haupts\u00e4chlich miteinander besch\u00e4ftigt waren und wenig Aufmerksamkeit f\u00fcr ihn \u00fcbrig blieb. Also versucht er durch L\u00fcgen und Intrigen sicherzustellen, dass die beiden nicht wieder zueinander finden. Dass ist wunderbar wider die Konventionen solch leichter Romane gemacht und passt zum hintergr\u00fcndig bissigen Tonfall der detaillreichen Schilderungen. Vergn\u00fcgliche Lekt\u00fcre.<\/p>\n<p>\u00a7<\/p>\n<p>Ganz speziell f\u00fcr meine Samstagabendverabredung:<br \/>\n<a href=\"https:\/\/metro.co.uk\/2020\/07\/11\/young-man-died-coronavirus-trying-catch-covid-party-prove-was-hoax-12976195\/\" rel=\"noopener noreferrer\" target=\"_blank\">&#8220;Conspiracy theorist died of coronavirus after trying to catch it at Covid party to prove it was a hoax&#8221;.<\/a> <img loading=\"lazy\" decoding=\"async\" src=\"https:\/\/vg02.met.vgwort.de\/na\/b3a628c6fde34508a7c455b0f61fac9f\" width=\"1\" height=\"1\" alt=\"\"\/><\/p>\n","protected":false},"excerpt":{"rendered":"<p>Ausgeschlafen, gem\u00fctlicher Morgenkaffee. Alle paar Minuten stand ich auf und ging zu Herrn Kaltmamsell hin\u00fcber, um ihm eine weitere Sache zu erz\u00e4hlen, die ich am Vorabend aus dem Gespr\u00e4ch mit der Freundin gelernt hatte. Unter anderem, wie man ausgemusterte oder sogar kaputte Dinge bei ebay Kleinanzeigen verschenkt. (Die Details \u00fcber die Nacht vor dem MAN-\u00dcbernahmeversuch [&hellip;]<\/p>\n","protected":false},"author":2,"featured_media":0,"comment_status":"open","ping_status":"closed","sticky":false,"template":"","format":"standard","meta":{"footnotes":""},"categories":[3,2,1],"tags":[],"class_list":["post-60631","post","type-post","status-publish","format-standard","hentry","category-bucher","category-fotos","category-general"],"_links":{"self":[{"href":"https:\/\/www.vorspeisenplatte.de\/speisen\/wp-json\/wp\/v2\/posts\/60631","targetHints":{"allow":["GET"]}}],"collection":[{"href":"https:\/\/www.vorspeisenplatte.de\/speisen\/wp-json\/wp\/v2\/posts"}],"about":[{"href":"https:\/\/www.vorspeisenplatte.de\/speisen\/wp-json\/wp\/v2\/types\/post"}],"author":[{"embeddable":true,"href":"https:\/\/www.vorspeisenplatte.de\/speisen\/wp-json\/wp\/v2\/users\/2"}],"replies":[{"embeddable":true,"href":"https:\/\/www.vorspeisenplatte.de\/speisen\/wp-json\/wp\/v2\/comments?post=60631"}],"version-history":[{"count":3,"href":"https:\/\/www.vorspeisenplatte.de\/speisen\/wp-json\/wp\/v2\/posts\/60631\/revisions"}],"predecessor-version":[{"id":60668,"href":"https:\/\/www.vorspeisenplatte.de\/speisen\/wp-json\/wp\/v2\/posts\/60631\/revisions\/60668"}],"wp:attachment":[{"href":"https:\/\/www.vorspeisenplatte.de\/speisen\/wp-json\/wp\/v2\/media?parent=60631"}],"wp:term":[{"taxonomy":"category","embeddable":true,"href":"https:\/\/www.vorspeisenplatte.de\/speisen\/wp-json\/wp\/v2\/categories?post=60631"},{"taxonomy":"post_tag","embeddable":true,"href":"https:\/\/www.vorspeisenplatte.de\/speisen\/wp-json\/wp\/v2\/tags?post=60631"}],"curies":[{"name":"wp","href":"https:\/\/api.w.org\/{rel}","templated":true}]}}