{"id":60669,"date":"2020-07-14T06:32:25","date_gmt":"2020-07-14T04:32:25","guid":{"rendered":"https:\/\/www.vorspeisenplatte.de\/speisen\/?p=60669"},"modified":"2020-07-14T06:37:27","modified_gmt":"2020-07-14T04:37:27","slug":"journal-montag-13-juli-2020-die-roentgen-diagnose","status":"publish","type":"post","link":"https:\/\/www.vorspeisenplatte.de\/speisen\/2020\/07\/journal-montag-13-juli-2020-die-roentgen-diagnose.htm","title":{"rendered":"Journal Montag, 13. Juli 2020 &#8211; Die R\u00f6ntgen-Diagnose"},"content":{"rendered":"<p>Geweckt zu b\u00f6sen Kopfschmerzen, die von \u00dcbelkeit begleitet wurden. Ich f\u00fcchtete bereits Migr\u00e4ne, doch eine Ibu half.<\/p>\n<p>Auch die halbe Stunde auf dem Crosstrainer tat gut, dito das Radeln in die Arbeit durch frische Sonne.<\/p>\n<p>In der Mittagspause beim Orthop\u00e4den eine Kopie des Befunds vom H\u00fcftgelenkr\u00f6ntgen abgeholt, und es stand &#8220;mittelgradige Koxarthrose&#8221; drauf (Kox ist H\u00fcftgelenk auf Medizinisch).<\/p>\n<p><a href=\"https:\/\/www.vorspeisenplatte.de\/speisen\/archiv\/200713_02_Befund.jpg\"><img loading=\"lazy\" decoding=\"async\" src=\"https:\/\/www.vorspeisenplatte.de\/speisen\/archiv\/200713_02_Befund.jpg\" alt=\"\" width=\"574\" height=\"162\" class=\"alignnone size-full wp-image-60676\" \/><\/a><\/p>\n<p>An meiner tiefen Erleichterung wurde mir klar, dass ich ein kleines Bisschen befr\u00fcchtet hatte, man k\u00f6nnte mich in der Klinik wieder fortschicken, denn schlie\u00dflich hatten zwei Orthop\u00e4den auf der R\u00f6ntgenaufnahme vom September keinen Verdacht gesch\u00f6pft. Und dass ich mich halt doch einfach blo\u00df anstelle. (Gegen diesen grundlegenden Verdacht helfen auch keine Ultraschalldiagnose Entz\u00fcndung im Gelenk und MRT-Diagnose Arthrose plus Zyste, die ich seit Februar habe &#8211; solange es noch die geringste M\u00f6glichkeit gibt, dass ich selber schuld sein k\u00f6nnte, greift mein niedertr\u00e4chtiges Selbstbild danach.) Jetzt habe ich die Unterlagen f\u00fcr die Klinikuntersuchung beisammen, noch zehn Tage Warten.<\/p>\n<p>Mittagessen war eine Breze, au\u00dferdem Quark und Joghurt mit Aprikose und Maracuja. Bei dieser Gelegenheit eine Empfehlung von Maracuja aus dem Bioladen: Die sind viel voller und aromatischer als die konventionell angebauten. Und falls Sie es noch nicht wussten: Je runzliger und faltiger, desto reif. Nachmittags noch eine Breze.<\/p>\n<p>Auf dem Heimweg Einkaufsstopp am Drogeriemarkt und beim Vollcorner.<\/p>\n<p>Daheim endlich mal wieder Roggensauerteig und Lievito Madre aufgefrischt. Herr Kaltmamsell hatte die Aubergine aus Ernteanteil auf meine Bitte zu Parmigiana verarbeitet.<\/p>\n<p><a href=\"https:\/\/www.vorspeisenplatte.de\/speisen\/archiv\/200713_03_Nachtmahl.jpg\"><img loading=\"lazy\" decoding=\"async\" src=\"https:\/\/www.vorspeisenplatte.de\/speisen\/archiv\/200713_03_Nachtmahl.jpg\" alt=\"\" width=\"393\" height=\"393\" class=\"alignnone size-full wp-image-60678\" srcset=\"https:\/\/www.vorspeisenplatte.de\/speisen\/archiv\/200713_03_Nachtmahl.jpg 393w, https:\/\/www.vorspeisenplatte.de\/speisen\/archiv\/200713_03_Nachtmahl-150x150.jpg 150w, https:\/\/www.vorspeisenplatte.de\/speisen\/archiv\/200713_03_Nachtmahl-144x144.jpg 144w\" sizes=\"auto, (max-width: 393px) 100vw, 393px\" \/><\/a><\/p>\n<p>Telefonat mit meiner Mutter, Verabredung und Pl\u00e4ne f\u00fcr den August.<\/p>\n<p>\u00a7<\/p>\n<p>Es gab nach Langem wieder einen Spreeblick-Newsletter, und daran merkte ich, wie sehr ich ihn vermisst hatte. <a href=\"http:\/\/newsletter.spreeblick.com\/issues\/spreeblick-weekly-33-248283\" rel=\"noopener noreferrer\" target=\"_blank\">Sie k\u00f6nnen ihn hier sehen und abonnieren.<\/a> Dann sind wir halt inzwischen eine seltsame Rentnerband, wir alten Ins-Internet-Schreiberinnen und -Schreiber, aber ich f\u00fchle mich allen davon nahe. <img loading=\"lazy\" decoding=\"async\" src=\"https:\/\/vg02.met.vgwort.de\/na\/e998940d118d4ca29040d9cc513794c4\" width=\"1\" height=\"1\" alt=\"\"\/><\/p>\n<p>\u00a7<\/p>\n<p><a href=\"https:\/\/twitter.com\/PaulCarmichaelV\/status\/1282580644032401408\" rel=\"noopener noreferrer\" target=\"_blank\">Sch\u00f6ne Beobachtung zur ewigen Frage nach dem Nutzen von Bildung aus einer <i>QI<\/i>-Sendung.<\/a> Stephen Fry fragt darin zur\u00fcck, warum anscheinend die Menschen, die sich f\u00fcr Informationen, Bildung und Wissen um ihrer selbst Willen interessieren, so viel besser durchs Leben kommen als die, die bei allem einen Nutzen einfordern.<\/p>\n","protected":false},"excerpt":{"rendered":"<p>Geweckt zu b\u00f6sen Kopfschmerzen, die von \u00dcbelkeit begleitet wurden. Ich f\u00fcchtete bereits Migr\u00e4ne, doch eine Ibu half. Auch die halbe Stunde auf dem Crosstrainer tat gut, dito das Radeln in die Arbeit durch frische Sonne. In der Mittagspause beim Orthop\u00e4den eine Kopie des Befunds vom H\u00fcftgelenkr\u00f6ntgen abgeholt, und es stand &#8220;mittelgradige Koxarthrose&#8221; drauf (Kox ist [&hellip;]<\/p>\n","protected":false},"author":2,"featured_media":0,"comment_status":"open","ping_status":"closed","sticky":false,"template":"","format":"standard","meta":{"footnotes":""},"categories":[6,1],"tags":[],"class_list":["post-60669","post","type-post","status-publish","format-standard","hentry","category-essen","category-general"],"_links":{"self":[{"href":"https:\/\/www.vorspeisenplatte.de\/speisen\/wp-json\/wp\/v2\/posts\/60669","targetHints":{"allow":["GET"]}}],"collection":[{"href":"https:\/\/www.vorspeisenplatte.de\/speisen\/wp-json\/wp\/v2\/posts"}],"about":[{"href":"https:\/\/www.vorspeisenplatte.de\/speisen\/wp-json\/wp\/v2\/types\/post"}],"author":[{"embeddable":true,"href":"https:\/\/www.vorspeisenplatte.de\/speisen\/wp-json\/wp\/v2\/users\/2"}],"replies":[{"embeddable":true,"href":"https:\/\/www.vorspeisenplatte.de\/speisen\/wp-json\/wp\/v2\/comments?post=60669"}],"version-history":[{"count":3,"href":"https:\/\/www.vorspeisenplatte.de\/speisen\/wp-json\/wp\/v2\/posts\/60669\/revisions"}],"predecessor-version":[{"id":60687,"href":"https:\/\/www.vorspeisenplatte.de\/speisen\/wp-json\/wp\/v2\/posts\/60669\/revisions\/60687"}],"wp:attachment":[{"href":"https:\/\/www.vorspeisenplatte.de\/speisen\/wp-json\/wp\/v2\/media?parent=60669"}],"wp:term":[{"taxonomy":"category","embeddable":true,"href":"https:\/\/www.vorspeisenplatte.de\/speisen\/wp-json\/wp\/v2\/categories?post=60669"},{"taxonomy":"post_tag","embeddable":true,"href":"https:\/\/www.vorspeisenplatte.de\/speisen\/wp-json\/wp\/v2\/tags?post=60669"}],"curies":[{"name":"wp","href":"https:\/\/api.w.org\/{rel}","templated":true}]}}