{"id":60708,"date":"2020-07-16T06:02:38","date_gmt":"2020-07-16T04:02:38","guid":{"rendered":"https:\/\/www.vorspeisenplatte.de\/speisen\/?p=60708"},"modified":"2020-07-16T06:02:38","modified_gmt":"2020-07-16T04:02:38","slug":"journal-mittwoch-15-juli-2020-wechselwaerme","status":"publish","type":"post","link":"https:\/\/www.vorspeisenplatte.de\/speisen\/2020\/07\/journal-mittwoch-15-juli-2020-wechselwaerme.htm","title":{"rendered":"Journal Mittwoch, 15. Juli 2020 &#8211; Wechselw\u00e4rme"},"content":{"rendered":"<p>Unruhiger Schlaf, unruhige Tr\u00e4ume.<\/p>\n<p>Auf die Crosstrainer-Einheit hatte ich richtig Lust, doch gestern war Tag der roten Birne &#8211; noch im B\u00fcro sah ich aus wie ein Fall f\u00fcr den Notarzt. Gestern war mein Temperaturregler ohnehin gest\u00f6rt, ich wechselte von Fr\u00f6steln zu hei\u00dfem Kopf und zur\u00fcck zu kalten H\u00e4nden mehrmals in einer Stunde. Klar, hihi, Wechseljahre &#8211; aber manchmal checke ich bei Herrn Kaltmamsell: &#8220;Ist dir auch gerade so hei\u00df?&#8221;, und es war bei ihm genauso. Er machte das Wetter verantwortlich, das gestern regnerisch werden sollte, sich aber bis zum Abend nicht recht entscheiden konnte.<\/p>\n<p>Gestern in der Arbeit kennengelernt: Ungeahnte Grade von <i>entitlement<\/i> (und wieder ein Eintrag auf der List un\u00fcbersetzbarer Begriffe). Auch ansonsten ein verr\u00fcckter Tag, der praktisch nur aus Quersch\u00fcssen bestand. Ich habe mit vielen Menschen gemeinsam gegooglet &#8211; aber ich denke, praktisch allen war letztendlich geholfen. Mittags Hummus und Focaccia vom Vortag, das s\u00e4ttigte bis abends.<\/p>\n<p>Damit ich nicht zu lange im B\u00fcro blieb, hatte ich mir einen Kleidungskauf vorgenommen: Er endete mit zwei sch\u00f6nen, schlichten T-Shirts vom Konen &#8211; wo ich umsorgt und beraten wurde wie fr\u00fcher(TM).<\/p>\n<p>Als ich auf instagram <a href=\"https:\/\/www.instagram.com\/p\/CCowTxhlGuD\/\" rel=\"noopener noreferrer\" target=\"_blank\">das Kriecherl-Foto von Katha Seiser sah<\/a>, wurde mir bewusst, wie viel weniger ich vom Jahreszeitenverlauf, von Pflanzen und Fr\u00fcchten im Drau\u00dfen mitbekomme, weil ich dieses Jahr nicht wandern kann.<\/p>\n<p>Herr Kaltmamsell empfing mich wieder lukullisch: mit gepr\u00fcgeltem H\u00fchnerfleisch, &#8220;Bang bang chicken&#8221; &#8211; sehr gut.<\/p>\n<p><a href=\"https:\/\/www.vorspeisenplatte.de\/speisen\/archiv\/200715_01a_Nachtmahl.jpg\"><img loading=\"lazy\" decoding=\"async\" src=\"https:\/\/www.vorspeisenplatte.de\/speisen\/archiv\/200715_01a_Nachtmahl.jpg\" alt=\"\" width=\"363\" height=\"363\" class=\"alignnone size-full wp-image-60731\" srcset=\"https:\/\/www.vorspeisenplatte.de\/speisen\/archiv\/200715_01a_Nachtmahl.jpg 363w, https:\/\/www.vorspeisenplatte.de\/speisen\/archiv\/200715_01a_Nachtmahl-150x150.jpg 150w, https:\/\/www.vorspeisenplatte.de\/speisen\/archiv\/200715_01a_Nachtmahl-144x144.jpg 144w\" sizes=\"auto, (max-width: 363px) 100vw, 363px\" \/><\/a><\/p>\n<p>(Es blieb noch genug f\u00fcr die Brotzeit am n\u00e4chsten Tag \u00fcbrig.) Au\u00dferdem gab&#8217;s gebratene Auberginenscheiben, als Nachtisch reichlich S\u00fc\u00dfigkeiten.<\/p>\n<p>Seit Monaten kann ich das Meldeportal der VG Wort morgens nicht erreichen, &#8220;wegen Wartungsarbeiten&#8221;. Ich kenne keine andere Online-Plattform, die t\u00e4glich f\u00fcr Wartungsarbeiten offline genommen wird, meine sprie\u00dfende Fantasie bietet Erkl\u00e4rungen an wie preisg\u00fcnstiges Halbtagshosting oder erz\u00e4hlt mir, dass die Online-Formulare nur eine Fassade sind und keine Schnittstelle zur eigentlichen Datenbank haben, sondern dass \u00fcber Nacht Menschen alle Eintr\u00e4ge manuell eingeben m\u00fcssen. So oder so: Das nahm ich zum Anlass, das System T.O.M. im Techniktagebuch zu schildern.<br \/>\n<a href=\"https:\/\/techniktagebuch.tumblr.com\/post\/623700007846051840\/15-juni-2020\" rel=\"noopener noreferrer\" target=\"_blank\">&#8220;VG Wort: Web-Portal mit Teilzeitvertrag&#8221;.<\/a><\/p>\n<p>\u00a7<\/p>\n<p>Interessante neue Website: Die Technische Universit\u00e4t Dortmund nimmt sich systematisch Medienberichterstattung \u00fcber Ern\u00e4hrung vor.<br \/>\n <a href=\"http:\/\/www.medien-doktor.de\/ernaehrung\/\" rel=\"noopener noreferrer\" target=\"_blank\">Medien-Doktor Ern\u00e4hrung.<\/a><\/p>\n<blockquote><p>Wir beurteilen die Qualit\u00e4t ern\u00e4hrungs- journalistischer Beitr\u00e4ge in Publikums- medien nach festgelegten Kriterien und geben Tipps f\u00fcr das journalistische Handwerk. So hoffen wir, die Berichterstattung \u00fcber Nahrungs- und Lebensmittel, Ern\u00e4hrungsformen, Di\u00e4ten und einzelne Substanzen besser und verst\u00e4ndlicher zu machen.<\/p><\/blockquote>\n<p> <img loading=\"lazy\" decoding=\"async\" src=\"https:\/\/vg02.met.vgwort.de\/na\/88c9a6795eda480d92053ceb22a16db7\" width=\"1\" height=\"1\" alt=\"\"\/><\/p>\n","protected":false},"excerpt":{"rendered":"<p>Unruhiger Schlaf, unruhige Tr\u00e4ume. Auf die Crosstrainer-Einheit hatte ich richtig Lust, doch gestern war Tag der roten Birne &#8211; noch im B\u00fcro sah ich aus wie ein Fall f\u00fcr den Notarzt. Gestern war mein Temperaturregler ohnehin gest\u00f6rt, ich wechselte von Fr\u00f6steln zu hei\u00dfem Kopf und zur\u00fcck zu kalten H\u00e4nden mehrmals in einer Stunde. Klar, hihi, [&hellip;]<\/p>\n","protected":false},"author":2,"featured_media":0,"comment_status":"open","ping_status":"closed","sticky":false,"template":"","format":"standard","meta":{"footnotes":""},"categories":[1],"tags":[],"class_list":["post-60708","post","type-post","status-publish","format-standard","hentry","category-general"],"_links":{"self":[{"href":"https:\/\/www.vorspeisenplatte.de\/speisen\/wp-json\/wp\/v2\/posts\/60708","targetHints":{"allow":["GET"]}}],"collection":[{"href":"https:\/\/www.vorspeisenplatte.de\/speisen\/wp-json\/wp\/v2\/posts"}],"about":[{"href":"https:\/\/www.vorspeisenplatte.de\/speisen\/wp-json\/wp\/v2\/types\/post"}],"author":[{"embeddable":true,"href":"https:\/\/www.vorspeisenplatte.de\/speisen\/wp-json\/wp\/v2\/users\/2"}],"replies":[{"embeddable":true,"href":"https:\/\/www.vorspeisenplatte.de\/speisen\/wp-json\/wp\/v2\/comments?post=60708"}],"version-history":[{"count":3,"href":"https:\/\/www.vorspeisenplatte.de\/speisen\/wp-json\/wp\/v2\/posts\/60708\/revisions"}],"predecessor-version":[{"id":60738,"href":"https:\/\/www.vorspeisenplatte.de\/speisen\/wp-json\/wp\/v2\/posts\/60708\/revisions\/60738"}],"wp:attachment":[{"href":"https:\/\/www.vorspeisenplatte.de\/speisen\/wp-json\/wp\/v2\/media?parent=60708"}],"wp:term":[{"taxonomy":"category","embeddable":true,"href":"https:\/\/www.vorspeisenplatte.de\/speisen\/wp-json\/wp\/v2\/categories?post=60708"},{"taxonomy":"post_tag","embeddable":true,"href":"https:\/\/www.vorspeisenplatte.de\/speisen\/wp-json\/wp\/v2\/tags?post=60708"}],"curies":[{"name":"wp","href":"https:\/\/api.w.org\/{rel}","templated":true}]}}