{"id":6095,"date":"2009-11-07T09:51:12","date_gmt":"2009-11-07T08:51:12","guid":{"rendered":"https:\/\/www.vorspeisenplatte.de\/speisen\/?p=6095"},"modified":"2009-11-07T14:19:54","modified_gmt":"2009-11-07T13:19:54","slug":"radio-ist-toll","status":"publish","type":"post","link":"https:\/\/www.vorspeisenplatte.de\/speisen\/2009\/11\/radio-ist-toll.htm","title":{"rendered":"Radio ist toll"},"content":{"rendered":"<p>Aus Gr\u00fcnden sa\u00df ich gestern einige Stunden in einem fahrenden Auto, auf der Beifahrerseite. Der Fahrer bat mich, im Autoradio Bayern 2 zu suchen; er hoffte auf etwas H\u00f6rspielartiges. Statt dessen h\u00f6rten wir <a href=\"http:\/\/www.br-online.de\/bayern2\/eins-zu-eins-der-talk\/michael-krueger-schriftsteller-verleger-stefan-parrisius-ID1256653914595.xml\" target=_new>eine einst\u00fcndige Unterhaltung mit Michael Kr\u00fcger<\/a>, dem Leiter des Hans<del datetime=\"2009-11-07T13:19:39+00:00\">a<\/del>er-Verlags. Und die war sehr fesselnd und bereichernd: Herr Kr\u00fcger hat bereits 66 Jahre Leben hinter sich und damit eine Menge angefangen. So berichtete er, woran er sich nach den ersten zehn Seiten eines Manuskript eine Meinung bildet, \u00e4u\u00dferte seine \u00dcberzeugung, dass der Autor selbst die am wenigsten verl\u00e4ssliche Interpretationsquelle f\u00fcr ein Werk ist (\u201eDer Autor wei\u00df am wenigsten, was er da tut.\u201c &#8211; HA! Sag ich doch.), pl\u00e4dierte f\u00fcr das Unterrichten von Erz\u00e4hlen in der Schule. Dazu kamen noch viele weitere kluge Aussagen und sch\u00f6ne Geschichten. Schon gestern Abend zitierte ich daraus in Gespr\u00e4chen. (Sehen Sie, das ist mir jeden Cent Rundfunkgeb\u00fchren wert.)<\/p>\n<p>Die Sendung, habe ich mittlerweile herausgefunden, hei\u00dft \u201e<a href=\" http:\/\/www.br-online.de\/bayern2\/eins-zu-eins-der-talk\/index.xml\" taget=_new>Eins zu Eins. Der Talk.<\/a>\u201c<\/p>\n<p><a href=\"http:\/\/www.br-online.de\/bayern2\/eins-zu-eins-der-talk\/michael-krueger-schriftsteller-verleger-stefan-parrisius-ID1256653914595.xml\" target=_new>Hier in der rechten Spalte<\/a> bietet der BR das gestrige Gespr\u00e4ch auch als Podcast an.<\/p>\n<p>Ich sollte viel mehr Radio h\u00f6ren. Doch Autofahren erscheint mir daf\u00fcr der ideale Hintergrund &#8211; und ich habe kein Auto. Auf Bahn- oder U-Bahnfahrten lese ich lieber oder denke nach. Soll ich mir ein Auto kaufen? \u201eWeil ich mehr Radio und Podcasts h\u00f6ren wollte\u201c, mag ein seltenes, aber vielleicht nachvollziehbares Motiv sein.<\/p>\n<p>(\u00dcbrigens hat mich vor einer Woche Radio Fritz des rbb in der Sendung \u201eTrackback\u201c und dort in der Rubrik \u201eBlogger privat\u201c interviewt. Mit erheblich banalerem Inhalt und v\u00f6llig frei von zitierbaren \u00c4u\u00dferungen. Aber wenn Sie sich das anh\u00f6ren m\u00f6chten: <a href=\"http:\/\/trackback.fritz.de\/2009\/10\/31\/trb-152-couchsurfing-schulervz-libri-kaltmamsell\/\" targe=_new>Hier ginge das<\/a>.)<\/p>\n","protected":false},"excerpt":{"rendered":"<p>Aus Gr\u00fcnden sa\u00df ich gestern einige Stunden in einem fahrenden Auto, auf der Beifahrerseite. Der Fahrer bat mich, im Autoradio Bayern 2 zu suchen; er hoffte auf etwas H\u00f6rspielartiges. Statt dessen h\u00f6rten wir eine einst\u00fcndige Unterhaltung mit Michael Kr\u00fcger, dem Leiter des Hansaer-Verlags. Und die war sehr fesselnd und bereichernd: Herr Kr\u00fcger hat bereits 66 [&hellip;]<\/p>\n","protected":false},"author":2,"featured_media":0,"comment_status":"open","ping_status":"closed","sticky":false,"template":"","format":"standard","meta":{"footnotes":""},"categories":[1],"tags":[],"class_list":["post-6095","post","type-post","status-publish","format-standard","hentry","category-general"],"_links":{"self":[{"href":"https:\/\/www.vorspeisenplatte.de\/speisen\/wp-json\/wp\/v2\/posts\/6095","targetHints":{"allow":["GET"]}}],"collection":[{"href":"https:\/\/www.vorspeisenplatte.de\/speisen\/wp-json\/wp\/v2\/posts"}],"about":[{"href":"https:\/\/www.vorspeisenplatte.de\/speisen\/wp-json\/wp\/v2\/types\/post"}],"author":[{"embeddable":true,"href":"https:\/\/www.vorspeisenplatte.de\/speisen\/wp-json\/wp\/v2\/users\/2"}],"replies":[{"embeddable":true,"href":"https:\/\/www.vorspeisenplatte.de\/speisen\/wp-json\/wp\/v2\/comments?post=6095"}],"version-history":[{"count":0,"href":"https:\/\/www.vorspeisenplatte.de\/speisen\/wp-json\/wp\/v2\/posts\/6095\/revisions"}],"wp:attachment":[{"href":"https:\/\/www.vorspeisenplatte.de\/speisen\/wp-json\/wp\/v2\/media?parent=6095"}],"wp:term":[{"taxonomy":"category","embeddable":true,"href":"https:\/\/www.vorspeisenplatte.de\/speisen\/wp-json\/wp\/v2\/categories?post=6095"},{"taxonomy":"post_tag","embeddable":true,"href":"https:\/\/www.vorspeisenplatte.de\/speisen\/wp-json\/wp\/v2\/tags?post=6095"}],"curies":[{"name":"wp","href":"https:\/\/api.w.org\/{rel}","templated":true}]}}