{"id":6126,"date":"2009-11-17T11:53:25","date_gmt":"2009-11-17T10:53:25","guid":{"rendered":"https:\/\/www.vorspeisenplatte.de\/speisen\/?p=6126"},"modified":"2012-01-26T07:03:27","modified_gmt":"2012-01-26T06:03:27","slug":"korperwelten","status":"publish","type":"post","link":"https:\/\/www.vorspeisenplatte.de\/speisen\/2009\/11\/korperwelten.htm","title":{"rendered":"K\u00f6rperwelten"},"content":{"rendered":"<p><img loading=\"lazy\" decoding=\"async\" src=\"https:\/\/www.vorspeisenplatte.de\/speisen\/archiv\/Bodies.jpg\" alt=\"Bodies\" title=\"Bodies\" width=\"180\" height=\"284\" class=\"alignnone size-full wp-image-6127\" \/><\/p>\n<blockquote><p>everything about our physical being is the outcome not of nature (although undoubtedly we feel natural and highly individual), but of the ways in which nature&#8217;s body is treated by those who raise us<\/p><\/blockquote>\n<p>Dass sich unser Verh\u00e4ltnis zur K\u00f6rperlichkeit in den vergangenen Jahrzehnten rapide ge\u00e4ndert hat, belegt Susie Orbach in <i>Bodies<\/i>, nachvollziehbar und gut lesbar. Zwar haben Menschen den K\u00f6rper schon immer der Kultur angepasst, in der sie lebten. Unsere Handbewegungen, wie wir gehen, unsere Tischmanieren, ob wir hellere oder dunklere Haut h\u00f6her einstufen: All das war immer von der Kultur und der Zeit gepr\u00e4gt, in der wir lebten. Und entsprechend sortieren wir unsere Wahrnehmung der Umgebung.<\/p>\n<p>Mir fiel hierbei der neue Gesundheitsminister Phillip R\u00f6s<del datetime=\"2010-01-05T08:37:57+00:00\">s<\/del>ler ein: Sein etwas undeutsches Aussehen bemerkte ich erst mal gar nicht, weil Herrn R\u00f6sslers Habitus deutsch ist, seine Mimik und Gestik, also seine gesamte K\u00f6rperlichkeit. W\u00e4re er kulturell Vietnamese, nicht nur genetisch, s\u00e4he er bedeutend fremder aus.<\/p>\n<p>Aber, und das ist der zweite Teil von Orbachs These: Unsere K\u00f6rperlichkeit hat sich in j\u00fcngster Zeit grundlegend ver\u00e4ndert. Das Aussehen wird mittlerweile als v\u00f6llig eigenverantwortlich und beliebig anpassbar gesehen. Zumindest die wohlhabende westliche Welt bietet fast unendliche M\u00f6glichkeiten, alles an sich zu ver\u00e4ndern und der Norm anzugleichen. Ein K\u00f6rper, so belegt Orbach, wird nicht mehr geboren: Er wird gemacht.<\/p>\n<p>Bis vor Kurzem galt das Aussehen eines Menschen als Gl\u00fcckssache, ein Geschenk. Man hoffte auf einen gesunden, gut funktionierenden K\u00f6rper, vor allem Frauen zus\u00e4tzlich auf einen attraktiven. Eine Frau ohne Pockennarben galt noch im 19. Jahrhundert bereits als sch\u00f6n, hatte sie noch mit Mitte 20 alle ihre Z\u00e4hne, wurde sie darum beneidet.<\/p>\n<p>Heute hat sich die Beweislast umgekehrt: Jede Abweichung von der Norm gilt als k\u00f6rperlicher Makel. Und dieser Makel wird umgehend zum Vorwurf: Man k\u00f6nnte ja etwas gegen den Makel tun; tut man es nicht, ist man schlampig, nachl\u00e4ssig, ungepflegt, undiszipliniert, wenn nicht gar r\u00fccksichtslos. Jede Abweichung von der Norm ist eine pers\u00f6nliche Verfehlung. Ein gesunder und fitter K\u00f6rper ist Pflicht geworden. Wie hoch die Anspr\u00fcche an attraktives Aussehen sind, belegen immer wieder die scharfen Beobachtungen der Fugly-Damen: Selbst die wundersch\u00f6ne (mit welchen Mitteln auch immer) Demi Moore ist nicht sch\u00f6n genug, dass der Magazingrafiker nicht noch f\u00fcrs <a href=\"http:\/\/gofugyourself.celebuzz.com\/go_fug_yourself\/2009\/11\/fug_the_cover_demi_moore.html\" target=_new>Cover der <i>W<\/i><\/a> ordentlich Hand anlegen w\u00fcrde.<\/p>\n<p>Christiane Link berichtet ja regelm\u00e4\u00dfig auf <a href=\"http:\/\/www.behindertenparkplatz.de\/\" target=_new>Behindertenparkplatz<\/a> von der Unterstellung, sie m\u00fcsse sich eine Beseitigung des Makels Rollstuhlleben w\u00fcnschen. Es gebe doch sicher eine Operation \/ Behandlung gegen die Ursache ihres Nichtlaufenk\u00f6nnens. Dass sie sich dies nicht w\u00fcnscht, werde als Affront und Provokation gesehen.<\/p>\n<p>Nach Susie Orbachs Beobachtung resultiert diese Entwicklung in einem immer h\u00e4ufiger problematischen und unguten Verh\u00e4ltnis zum eigenen K\u00f6rper, f\u00fchrt immer h\u00e4ufiger zu Selbsthass.<\/p>\n<p>Orbach warnt: <\/p>\n<blockquote><p>body anxiety is as fundamental as emotional anxiety<\/p><\/blockquote>\n<p>Meine pers\u00f6nliche Verst\u00e4rkung: Ich wurde von einer Mutter erzogen, die das Aussehen einer Frau schon immer als Selbstverantwortung und Verpflichtung sah. Ich bin aufgewachsen mit ihren schneidenden Seitenbemerkungen \u00fcber Frauen: Ihre Freundin 1 mit schmalem Oberk\u00f6rper und ausladenden Oberschenkeln k\u00f6nne doch bitte \u201egezielte Gymnastik\u201c treiben, damit sie nicht ganz so schrecklich daher komme. Die rundliche und sinnenfrohe Freundin 2 m\u00fcsse sich nur \u201eein wenig beherrschen\u201c, um schlanker zu sein. Und die hochgewachsene Freundin 3, hager und grobknochig, k\u00f6nne sich doch zumindest aufrechter halten und ein wenig vorteilhafter kleiden. Nie schw\u00e4rmte sie von den tiefgr\u00fcndig schwarzen Augen der Freundin 1, deren Blitzen beim Erz\u00e4hlen den halben Orient beschworen; vom mitrei\u00dfenden Lachen und der Fr\u00f6hlichkeit der wirren Locken von Freundin 2, von den eleganten und sprechenden Damenh\u00e4nden der Freundin 3. Wie schade, dass ich nicht schon als Kind darauf kam, wie bezaubernd gerade die extreme Verschiedenheit dieser vier Frauen (inklusive meiner Mutter) war.<\/p>\n","protected":false},"excerpt":{"rendered":"<p>everything about our physical being is the outcome not of nature (although undoubtedly we feel natural and highly individual), but of the ways in which nature&#8217;s body is treated by those who raise us Dass sich unser Verh\u00e4ltnis zur K\u00f6rperlichkeit in den vergangenen Jahrzehnten rapide ge\u00e4ndert hat, belegt Susie Orbach in Bodies, nachvollziehbar und gut [&hellip;]<\/p>\n","protected":false},"author":2,"featured_media":0,"comment_status":"open","ping_status":"closed","sticky":false,"template":"","format":"standard","meta":{"footnotes":""},"categories":[3],"tags":[],"class_list":["post-6126","post","type-post","status-publish","format-standard","hentry","category-bucher"],"_links":{"self":[{"href":"https:\/\/www.vorspeisenplatte.de\/speisen\/wp-json\/wp\/v2\/posts\/6126","targetHints":{"allow":["GET"]}}],"collection":[{"href":"https:\/\/www.vorspeisenplatte.de\/speisen\/wp-json\/wp\/v2\/posts"}],"about":[{"href":"https:\/\/www.vorspeisenplatte.de\/speisen\/wp-json\/wp\/v2\/types\/post"}],"author":[{"embeddable":true,"href":"https:\/\/www.vorspeisenplatte.de\/speisen\/wp-json\/wp\/v2\/users\/2"}],"replies":[{"embeddable":true,"href":"https:\/\/www.vorspeisenplatte.de\/speisen\/wp-json\/wp\/v2\/comments?post=6126"}],"version-history":[{"count":0,"href":"https:\/\/www.vorspeisenplatte.de\/speisen\/wp-json\/wp\/v2\/posts\/6126\/revisions"}],"wp:attachment":[{"href":"https:\/\/www.vorspeisenplatte.de\/speisen\/wp-json\/wp\/v2\/media?parent=6126"}],"wp:term":[{"taxonomy":"category","embeddable":true,"href":"https:\/\/www.vorspeisenplatte.de\/speisen\/wp-json\/wp\/v2\/categories?post=6126"},{"taxonomy":"post_tag","embeddable":true,"href":"https:\/\/www.vorspeisenplatte.de\/speisen\/wp-json\/wp\/v2\/tags?post=6126"}],"curies":[{"name":"wp","href":"https:\/\/api.w.org\/{rel}","templated":true}]}}