{"id":61453,"date":"2020-08-21T06:27:42","date_gmt":"2020-08-21T04:27:42","guid":{"rendered":"https:\/\/www.vorspeisenplatte.de\/speisen\/?p=61453"},"modified":"2020-08-21T06:27:42","modified_gmt":"2020-08-21T04:27:42","slug":"journal-donnerstag-20-august-2020-kranker-urlaubstag","status":"publish","type":"post","link":"https:\/\/www.vorspeisenplatte.de\/speisen\/2020\/08\/journal-donnerstag-20-august-2020-kranker-urlaubstag.htm","title":{"rendered":"Journal Donnerstag, 20. August 2020 &#8211; Kranker Urlaubstag"},"content":{"rendered":"<p>Damit sich&#8217;s lohnte, war ich dann gestern ganz ausgeschaltet. Nach neun Stunden eigentlich guten Schlafs stand ich v\u00f6llig erschlagen und mit weiterhin Kopfweh seit Mittwochnachmittag auf. Und nach Bloggen und Tee f\u00fchlte ich mich so elend, dass ich mich mit einer Ibu wieder ins Bett legte.<\/p>\n<p>Dort verbrachte ich denn Rest des Tages, erst frierend und mit zus\u00e4tzlichen Decken, dann in ein- bis zweist\u00fcndigen Abschnitten schlafend. Das Kopfweh war nicht wegzukriegen, auch nicht nach einer weiteren Ibu nach einem Sch\u00fcsselchen Pfirsich mit Joghurt gegen zwei. Wieder war ich erleichtert, dass ich mich dank Urlaub wenigstens nicht mit einem Arbeitstag arrangieren musste. Den n\u00e4chsten Urlaub aber gerne wieder mit vollem Geh-Verm\u00f6gen und ohne Migr\u00e4ne.<\/p>\n<p>Drau\u00dfen wurde der bew\u00f6lkte Morgen zum angek\u00fcndigten hei\u00dfen und sonnigen Hochsommertag. Herr Kaltmamsell sah nach mir und gab bei meinen Zwischenaufstehen f\u00fcr ein Glas Wasser oder Klogang durch, was er eingekauft und erledigt hatte. (Konnte mir allerdings nicht alle Erledigungen abnehmen, die ich gestern eigentlich geplant hatte.)<\/p>\n<p>Um halb sechs war ich soweit wiederhergestellt, dass ich nicht mehr im Bett bleiben musste. F\u00fcr Duschen und Anziehen war es mir jetzt zu sp\u00e4t, ein echter Krankheitstag. Ich telefonierte mit meiner Familie (eigentlich bereiten n\u00e4mlich im Moment andere Familienmitglieder Gesundheitssorgen), w\u00e4hrend Herr Kaltmamsell Ernteanteil-Salat f\u00fcrs Nachtmahl wusch. Den gab es mit Tomaten und Tahini-Dressing. Der diesw\u00f6chige Ernteanteil ist der Jahreszeit angemessen \u00fcberbordend, wir werden gut planen m\u00fcssen. Ich a\u00df mit Appetit.<\/p>\n<p>Herr Kaltmamsell verschwand zu einer Verabredung &#8211; auch ich hatte mich auf dieses Wiedersehen gefreut, sah mich aber au\u00dfer Stande. Erst an der Euophoriewelle, als es mir gegen 20 Uhr besser ging (aber immer noch Kopfweh), merkte ich, dass das wohl schlicht Migr\u00e4ne gewesen war. Meinen Kreuz- und H\u00fcftbeschwerden schien das viele Liegen sogar gut getan zu haben.<\/p>\n<p>Produktive Leistung des Tages: Das Pfund Aprikosen zu Kompott gekocht, das mir am Standl als &#8220;s\u00fc\u00df&#8221; verkauft worden war, sich dann aber als gr\u00fcn, knallhart und sauer herausgestellt hatte.<\/p>\n<p>Fr\u00fch mit Buch ins Bett, ich war schon wieder m\u00fcde. <img loading=\"lazy\" decoding=\"async\" src=\"https:\/\/vg02.met.vgwort.de\/na\/ab9c55731fb24d9589f9e74b29b6f50e\" width=\"1\" height=\"1\" alt=\"\"\/><\/p>\n","protected":false},"excerpt":{"rendered":"<p>Damit sich&#8217;s lohnte, war ich dann gestern ganz ausgeschaltet. Nach neun Stunden eigentlich guten Schlafs stand ich v\u00f6llig erschlagen und mit weiterhin Kopfweh seit Mittwochnachmittag auf. Und nach Bloggen und Tee f\u00fchlte ich mich so elend, dass ich mich mit einer Ibu wieder ins Bett legte. Dort verbrachte ich denn Rest des Tages, erst frierend [&hellip;]<\/p>\n","protected":false},"author":2,"featured_media":0,"comment_status":"open","ping_status":"closed","sticky":false,"template":"","format":"standard","meta":{"footnotes":""},"categories":[1],"tags":[],"class_list":["post-61453","post","type-post","status-publish","format-standard","hentry","category-general"],"_links":{"self":[{"href":"https:\/\/www.vorspeisenplatte.de\/speisen\/wp-json\/wp\/v2\/posts\/61453","targetHints":{"allow":["GET"]}}],"collection":[{"href":"https:\/\/www.vorspeisenplatte.de\/speisen\/wp-json\/wp\/v2\/posts"}],"about":[{"href":"https:\/\/www.vorspeisenplatte.de\/speisen\/wp-json\/wp\/v2\/types\/post"}],"author":[{"embeddable":true,"href":"https:\/\/www.vorspeisenplatte.de\/speisen\/wp-json\/wp\/v2\/users\/2"}],"replies":[{"embeddable":true,"href":"https:\/\/www.vorspeisenplatte.de\/speisen\/wp-json\/wp\/v2\/comments?post=61453"}],"version-history":[{"count":3,"href":"https:\/\/www.vorspeisenplatte.de\/speisen\/wp-json\/wp\/v2\/posts\/61453\/revisions"}],"predecessor-version":[{"id":61462,"href":"https:\/\/www.vorspeisenplatte.de\/speisen\/wp-json\/wp\/v2\/posts\/61453\/revisions\/61462"}],"wp:attachment":[{"href":"https:\/\/www.vorspeisenplatte.de\/speisen\/wp-json\/wp\/v2\/media?parent=61453"}],"wp:term":[{"taxonomy":"category","embeddable":true,"href":"https:\/\/www.vorspeisenplatte.de\/speisen\/wp-json\/wp\/v2\/categories?post=61453"},{"taxonomy":"post_tag","embeddable":true,"href":"https:\/\/www.vorspeisenplatte.de\/speisen\/wp-json\/wp\/v2\/tags?post=61453"}],"curies":[{"name":"wp","href":"https:\/\/api.w.org\/{rel}","templated":true}]}}