{"id":61463,"date":"2020-08-22T08:55:54","date_gmt":"2020-08-22T06:55:54","guid":{"rendered":"https:\/\/www.vorspeisenplatte.de\/speisen\/?p=61463"},"modified":"2022-08-04T16:55:06","modified_gmt":"2022-08-04T14:55:06","slug":"journal-freitag-21-august-2020-neue-koerperlichkeiten-ausflug-nach-diessen-am-ammersee","status":"publish","type":"post","link":"https:\/\/www.vorspeisenplatte.de\/speisen\/2020\/08\/journal-freitag-21-august-2020-neue-koerperlichkeiten-ausflug-nach-diessen-am-ammersee.htm","title":{"rendered":"Journal Freitag, 21. August 2020 &#8211; Neue K\u00f6rperlichkeiten, Ausflug nach Die\u00dfen am Ammersee"},"content":{"rendered":"<p>\u00c4chz. Diese Zeit im Jahr ist eh nie einfach, dann auch noch diese gesundheitliche Durchsch\u00fcttelung. Vielleicht soll mich das eine jeweils vom anderen ablenken?<\/p>\n<p>Ganz gut geschlafen (weiterer Beweis, dass der Schlaf bis f\u00fcnf am Vortag Migr\u00e4ne war), fr\u00fcher Wecker, damit ich zu Praxis\u00f6ffnung die letzte anstehende Blutabnahme erledigen konnte. Angek\u00fcndigt war der letzte Hochsommertag, der Morgen richtete sich danach. Weiterhin die Morgengymnastik bleiben lassen &#8211; auch wenn es mich sehr dr\u00e4ngt, sollte ich den Hexenschuss wahrscheinlich deutlicher abklingen lassen (sehen Sie! ich kann auch supervern\u00fcnftig!).<\/p>\n<p>In der Arztpraxis also Blut abnehmen lassen, danach verschriebene Medikamente geholt: Ein Blutwert der Analyse vom Dienstag hatte die behandelnde \u00c4rztin am Vortag telefonisch Alarm schlagen lassen (Herr Kaltmamsell ging ran: Frau Doktor h\u00e4tte mich am liebsten sofort an eine Infusion geh\u00e4ngt, aber ich schlief ja gerade meine Migr\u00e4ne aus), er stellte sich als Eisenmangel heraus. Von mir aus auch das noch, also erst mal Tabletten, k\u00fcnftig gerne mehr Linsen und getrocknete Aprikosen (denn den klassischen Hauptlieferanten rotes Fleisch wollen wir ja weiterhin f\u00fcr rare Festm\u00e4hler aufheben).<\/p>\n<p>Tr\u00fcbsal bei der Aussicht auf Arbeitsbeginn am Montag. Lichtblick: Beim Heimkommen gab es nach drei Tagen wieder Milchkaffee! (Auf den Kastanien vorm Balkon lustiges Eichkatzerljagen zwischen einem jungen dunkelbrauen und einem jungen orangen).<\/p>\n<p><a href=\"https:\/\/www.vorspeisenplatte.de\/speisen\/archiv\/200821_01_Balkonkaffee.jpg\"><img loading=\"lazy\" decoding=\"async\" src=\"https:\/\/www.vorspeisenplatte.de\/speisen\/archiv\/200821_01_Balkonkaffee.jpg\" alt=\"\" width=\"393\" height=\"393\" class=\"alignnone size-full wp-image-61479\" srcset=\"https:\/\/www.vorspeisenplatte.de\/speisen\/archiv\/200821_01_Balkonkaffee.jpg 393w, https:\/\/www.vorspeisenplatte.de\/speisen\/archiv\/200821_01_Balkonkaffee-150x150.jpg 150w, https:\/\/www.vorspeisenplatte.de\/speisen\/archiv\/200821_01_Balkonkaffee-144x144.jpg 144w\" sizes=\"auto, (max-width: 393px) 100vw, 393px\" \/><\/a><\/p>\n<p>Nachdem die Urlaubswoche reichlich verkackt war, w\u00fcnschte ich mir dringend noch einen Ausflug. Auf meiner Mal-im-Urlaub-machen-Liste standen verschiedene Ziele, zusammen mit Herrn Kaltmamsell \u00fcberlegte ich, bei welchem ich mich am meisten \u00e4rgern w\u00fcrde, den Ausflug nicht gemacht zu haben (und wir sind uns alle einig, dass wir wirklich, wirklich vermeiden wollen, dass ich mich \u00e4rgern muss): Die\u00dfen am Ammersee wurde es. Zumal ich herausfand, dass die Schiffe auf dem Ammersee jetzt wieder alle Zwischenhalte anfahren.<\/p>\n<p>S-Bahn nach Herrsching, im gleichnamigen Raddampfer kauften wir Tickets f\u00fcr <a href=\"https:\/\/www.seenschifffahrt.de\/fileadmin\/user_upload\/Fahrplaene\/AS_aktueller_Fahrplan.pdf\" rel=\"noopener noreferrer\" target=\"_blank\">die &#8220;gro\u00dfe Runde&#8221;<\/a>, auf der man auch zwischenaussteigen darf. Das taten wir gleich am ersten Halt in Die\u00dfen.<\/p>\n<p><a href=\"https:\/\/www.vorspeisenplatte.de\/speisen\/archiv\/200821_06_AmmerseeDiessen.jpg\"><img loading=\"lazy\" decoding=\"async\" src=\"https:\/\/www.vorspeisenplatte.de\/speisen\/archiv\/200821_06_AmmerseeDiessen.jpg\" alt=\"\" width=\"564\" height=\"423\" class=\"alignnone size-full\" \/><\/a><\/p>\n<p>M\u00f6wen in der Sonne, Enten im Schatten.<\/p>\n<p>Die Marktgemeinde ist sehr auf Fremdenverkehr ausgerichtet, aber auf die angenehme, herzliche Art: Viel Gastronomie (Herr Kaltmamsell holte sich eine Fischbratwurst in Semmel), Schnickeldi- und Fischereil\u00e4den, liebevoll geschm\u00fcckte Winkel, \u00fcberall ungemein freundliche Menschen. (Der Bemerkung eines anderen Besuchers entnahm ich, dass es normalerweise deutlich voller Menschen ist.) Wir fremdenverkehrten also, sahen uns in den Gassen und Wegen um, besichtigten die Hauptattraktion: <a href=\"https:\/\/de.wikipedia.org\/wiki\/Marienm%C3%BCnster_Die%C3%9Fen\" rel=\"noopener noreferrer\" target=\"_blank\">das Marienm\u00fcnster<\/a>.<\/p>\n<p><a href=\"https:\/\/www.vorspeisenplatte.de\/speisen\/archiv\/200821_08_AmmerseeDiessen.jpg\"><img loading=\"lazy\" decoding=\"async\" src=\"https:\/\/www.vorspeisenplatte.de\/speisen\/archiv\/200821_08_AmmerseeDiessen.jpg\" alt=\"\" width=\"564\" height=\"423\" class=\"alignnone size-full\" \/><\/a><\/p>\n<p><a href=\"https:\/\/www.vorspeisenplatte.de\/speisen\/archiv\/200821_10_AmmerseeDiessen.jpg\"><img loading=\"lazy\" decoding=\"async\" src=\"https:\/\/www.vorspeisenplatte.de\/speisen\/archiv\/200821_10_AmmerseeDiessen.jpg\" alt=\"\" width=\"453\" height=\"512\" class=\"alignnone size-full wp-image-61482\" \/><\/a><\/p>\n<p><a href=\"https:\/\/www.vorspeisenplatte.de\/speisen\/archiv\/200821_11_AmmerseeDiessen.jpg\"><img loading=\"lazy\" decoding=\"async\" src=\"https:\/\/www.vorspeisenplatte.de\/speisen\/archiv\/200821_11_AmmerseeDiessen.jpg\" alt=\"\" width=\"504\" height=\"519\" class=\"alignnone size-full\" \/><\/a><\/p>\n<p><a href=\"https:\/\/www.vorspeisenplatte.de\/speisen\/archiv\/200821_13_AmmerseeDiessen.jpg\"><img loading=\"lazy\" decoding=\"async\" src=\"https:\/\/www.vorspeisenplatte.de\/speisen\/archiv\/200821_13_AmmerseeDiessen.jpg\" alt=\"\" width=\"484\" height=\"645\" class=\"alignnone size-full\" \/><\/a><\/p>\n<p>Zum Betrachten der superbarocken Deckengem\u00e4lde steht ein rollbarer Spiegeltisch bereit.<\/p>\n<p><a href=\"https:\/\/www.vorspeisenplatte.de\/speisen\/archiv\/200821_14_AmmerseeDiessen.jpg\"><img loading=\"lazy\" decoding=\"async\" src=\"https:\/\/www.vorspeisenplatte.de\/speisen\/archiv\/200821_14_AmmerseeDiessen.jpg\" alt=\"\" width=\"393\" height=\"393\" class=\"alignnone size-full wp-image-61487\" srcset=\"https:\/\/www.vorspeisenplatte.de\/speisen\/archiv\/200821_14_AmmerseeDiessen.jpg 393w, https:\/\/www.vorspeisenplatte.de\/speisen\/archiv\/200821_14_AmmerseeDiessen-150x150.jpg 150w, https:\/\/www.vorspeisenplatte.de\/speisen\/archiv\/200821_14_AmmerseeDiessen-144x144.jpg 144w\" sizes=\"auto, (max-width: 393px) 100vw, 393px\" \/><\/a><\/p>\n<p>Wir spazierten auch ein wenig in die Ufernatur zum Aussichtsturm.<\/p>\n<p><a href=\"https:\/\/www.vorspeisenplatte.de\/speisen\/archiv\/200821_15_AmmerseeDiessen.jpg\"><img loading=\"lazy\" decoding=\"async\" src=\"https:\/\/www.vorspeisenplatte.de\/speisen\/archiv\/200821_15_AmmerseeDiessen.jpg\" alt=\"\" width=\"431\" height=\"465\" class=\"alignnone size-full\" \/><\/a><\/p>\n<p>Ausruhen auf einem schattigen Bankerl mit Blick auf den See, es war hei\u00df geworden. Trotz Appetitlosigkeit sah ich gegen drei ein, dass ich etwas essen sollte. Wir setzten uns in ein Eiskaffee, ich a\u00df einen Eisbecher mit Fr\u00fcchten.<\/p>\n<p>Dann traten wir den Rest unserer &#8220;gro\u00dfen Runde&#8221; auf dem Ammersee an: Drei Stunden lang lie\u00dfen wir uns von der Herrsching nach Herrsching fahren, dann nach Riederau, Utting, Breitbrunn, Stegen, Buch, Schondorf, Utting, Holzhausen und wieder zur\u00fcck nach Herrsching.<\/p>\n<p>An Deck hatten wir uns ins Freie unter ein Dach gesetzt, wurden aber eine Stunde lang doch von der Sonne eingeholt. Das Hygienekonzept hatte sich seit <a href=\"https:\/\/www.vorspeisenplatte.de\/speisen\/2020\/06\/journal-freitag-12-juni-2020-schifferlfahrn-am-ammersee.htm\" rel=\"noopener noreferrer\" target=\"_blank\">unserem letzten Besuch im Juni<\/a> ge\u00e4ndert: Jetzt galt durchgehend Maskenpflicht \u00fcberall auf dem Schiff, daf\u00fcr waren keine Pl\u00e4tze gesperrt, es wurden auch keine Kontaktdaten aufgenommen. Zum Gl\u00fcck war wenig genug los, dass man auf den Pl\u00e4tzen Abstand halten konnte, das Einhalten der Maskenpflicht wurde immer wieder mit Durchsagen angemahnt.<\/p>\n<p>Wir fuhren vorbei an Ruderbooten, Segelbooten (mit h\u00e4ngenden Segeln, es war windstill), Stehpadlern, Schlauchbooten, Tretbooten, Motorbooten, Badeg\u00e4sten an Str\u00e4nden, Strandb\u00e4dern (das beeindruckendste in Utting), M\u00f6ven, Enten, Blessh\u00fchnern, vielen Schwalben, beim Anlegen in Stegen sahen wir sogar Flussseeschwalben. Eine Weile hatten wir Gesellschaft von einer kleinen Hochzeitsgruppe, sp\u00e4ter von einer kleinen Geburtstagsgesellschaft in Dirndln. Das Sonnenlicht wurde immer goldener.<\/p>\n<p><a href=\"https:\/\/www.vorspeisenplatte.de\/speisen\/archiv\/200821_23_AmmerseeUtting.jpg\"><img loading=\"lazy\" decoding=\"async\" src=\"https:\/\/www.vorspeisenplatte.de\/speisen\/archiv\/200821_23_AmmerseeUtting.jpg\" alt=\"\" width=\"627\" height=\"486\" class=\"alignnone size-full\" \/><\/a><\/p>\n<p>Strandbad Utting (allein schon der h\u00f6lzerne Sprungturm!).<\/p>\n<p>Kurz nach sieben kamen wir zur\u00fcck nach Herrsching. Nach dem vielen Schifferlfahr&#8217;n wurde uns die S-Bahn-Fahrt zur\u00fcck nach M\u00fcnchen recht lang. Ich hatte zwar auf dem Raddampfer eine Hand voll N\u00fcsse gegessen, aber jetzt bekam ich Hunger.<\/p>\n<p>Daheim, es war bereits dunkel geworden, gab es den zweiten gro\u00dfen Salatkopf aus Ernteanteil, au\u00dferdem die Ernteanteil-Aubergine in Scheiben gebraten, als Nachtisch das Aprikosenkompott vom Vortag.<\/p>\n<p>\u00a7<\/p>\n<p>Der englische <a href=\"https:\/\/jayhulme.com\/\" rel=\"noopener noreferrer\" target=\"_blank\">Lyriker Jay Hulme<\/a> erz\u00e4hlt in einem Twitter-Faden, <a href=\"https:\/\/twitter.com\/JayHulmePoet\/status\/1296447904920600577\" rel=\"noopener noreferrer\" target=\"_blank\">wie er eine bezaubernde mittelalterliche Kirche entdeckte<\/a>, mitten im absoluten englischen Nirgendwo. <img loading=\"lazy\" decoding=\"async\" src=\"https:\/\/vg02.met.vgwort.de\/na\/3c69b14f31794f1285649037e153ac7c\" width=\"1\" height=\"1\" alt=\"\"\/><\/p>\n","protected":false},"excerpt":{"rendered":"<p>\u00c4chz. Diese Zeit im Jahr ist eh nie einfach, dann auch noch diese gesundheitliche Durchsch\u00fcttelung. Vielleicht soll mich das eine jeweils vom anderen ablenken? Ganz gut geschlafen (weiterer Beweis, dass der Schlaf bis f\u00fcnf am Vortag Migr\u00e4ne war), fr\u00fcher Wecker, damit ich zu Praxis\u00f6ffnung die letzte anstehende Blutabnahme erledigen konnte. Angek\u00fcndigt war der letzte Hochsommertag, [&hellip;]<\/p>\n","protected":false},"author":2,"featured_media":0,"comment_status":"open","ping_status":"closed","sticky":false,"template":"","format":"standard","meta":{"footnotes":""},"categories":[2,1],"tags":[],"class_list":["post-61463","post","type-post","status-publish","format-standard","hentry","category-fotos","category-general"],"_links":{"self":[{"href":"https:\/\/www.vorspeisenplatte.de\/speisen\/wp-json\/wp\/v2\/posts\/61463","targetHints":{"allow":["GET"]}}],"collection":[{"href":"https:\/\/www.vorspeisenplatte.de\/speisen\/wp-json\/wp\/v2\/posts"}],"about":[{"href":"https:\/\/www.vorspeisenplatte.de\/speisen\/wp-json\/wp\/v2\/types\/post"}],"author":[{"embeddable":true,"href":"https:\/\/www.vorspeisenplatte.de\/speisen\/wp-json\/wp\/v2\/users\/2"}],"replies":[{"embeddable":true,"href":"https:\/\/www.vorspeisenplatte.de\/speisen\/wp-json\/wp\/v2\/comments?post=61463"}],"version-history":[{"count":3,"href":"https:\/\/www.vorspeisenplatte.de\/speisen\/wp-json\/wp\/v2\/posts\/61463\/revisions"}],"predecessor-version":[{"id":78800,"href":"https:\/\/www.vorspeisenplatte.de\/speisen\/wp-json\/wp\/v2\/posts\/61463\/revisions\/78800"}],"wp:attachment":[{"href":"https:\/\/www.vorspeisenplatte.de\/speisen\/wp-json\/wp\/v2\/media?parent=61463"}],"wp:term":[{"taxonomy":"category","embeddable":true,"href":"https:\/\/www.vorspeisenplatte.de\/speisen\/wp-json\/wp\/v2\/categories?post=61463"},{"taxonomy":"post_tag","embeddable":true,"href":"https:\/\/www.vorspeisenplatte.de\/speisen\/wp-json\/wp\/v2\/tags?post=61463"}],"curies":[{"name":"wp","href":"https:\/\/api.w.org\/{rel}","templated":true}]}}