{"id":61534,"date":"2020-08-25T06:36:22","date_gmt":"2020-08-25T04:36:22","guid":{"rendered":"https:\/\/www.vorspeisenplatte.de\/speisen\/?p=61534"},"modified":"2020-08-25T06:36:22","modified_gmt":"2020-08-25T04:36:22","slug":"journal-montag-24-august-2020-ereignisloser-erster-arbeitstag","status":"publish","type":"post","link":"https:\/\/www.vorspeisenplatte.de\/speisen\/2020\/08\/journal-montag-24-august-2020-ereignisloser-erster-arbeitstag.htm","title":{"rendered":"Journal Montag, 24. August 2020 &#8211; Ereignisloser erster Arbeitstag"},"content":{"rendered":"<p>Nur eine halbe Stunde vor Wecker aufgewacht, in milder Luft in die Arbeit geradelt.<\/p>\n<p>Beherztes Anpacken im B\u00fcro, zwischen Pfl\u00fcgen durch Post und Aufgaben gleich mal eine Schulung, Kennenlernen neuer Menschen.<\/p>\n<p>Mittags hatte sich die Panik bereits so weit gelegt, dass ich richtig Pause machte, mit einem St\u00fcck Brot, Feigen, Pfirsichen, Nektarinen und Zeitungslekt\u00fcre. Jetzt war auch ins Panikzentrum gesickert, dass ich all die anstehenden Brocken ja nicht an diesem Tag abarbeiten musste.<\/p>\n<p>Am Nachmittag war es richtig sonnig geworden, weiterhin ohne Hitze. Bl\u00f6derweise kn\u00fcppelte mich heftiges Kopfweh nieder, ich konnte kaum geradeaus schauen. Auf dem Heimweg radelte ich beim Vollcorner vorbei, unter anderem mussten festes Haarshampoo und Handseife nachgekauft werden, dann nahm ich auch gleich noch Brotzeit f\u00fcr die n\u00e4chsten Tage mit.<\/p>\n<p>Herr Kaltmamsell servierte zum Nachtmahl einen italienischen Ziegenk\u00e4sefladen mit Oliven\u00f6l-M\u00fcrbteig, k\u00f6stlich. Zum Dessert gab&#8217;s <a href=\"https:\/\/www.benjerry.de\/sorten\/netflix-and-chillld-eiscreme\" rel=\"noopener noreferrer\" target=\"_blank\">abgefahrenes Eis<\/a>. Fr\u00fch ins Bett zum Lesen.<\/p>\n<p>\u00a7<\/p>\n<p>Jan Kutter liest seit einem Jahr haupts\u00e4chlich E-Books und hat seine Erkenntnisse f\u00fcrs Techniktagebuch festgehalten &#8211; die meinen \u00e4hneln:<br \/>\n<a href=\"https:\/\/techniktagebuch.tumblr.com\/post\/627321716979433472\/august-2020\" rel=\"noopener noreferrer\" target=\"_blank\">&#8220;Lesen in der Hartschale&#8221;.<\/a><\/p>\n<blockquote><p>Das Lesen eines Buches auf einem Reader ist von vollendeter N\u00fcchternheit. Hier ist der Text ganz bei sich. Der Lekt\u00fcre muss das nicht abtr\u00e4glich sein. Noch das selbstverliebteste Werk der Fabulistik ruft dir aus der Plastikhartschale genervt entgegen: \u00abHey, ich bin auch blo\u00df eine verdammte Datei!\u00bb Und damit wir das nie vergessen, sind die Gestaltung und Programmierung von E-Books oft so entsetzlich schlampig und fehlerhaft. \u00abDer Mischer hat wohl wieder Boxhandschuhe an!\u00bb, hie\u00df es fr\u00fcher, wenn der Sound auf Konzerten mies war. Der Mischer baut heute EPUBs beim Verlag.<\/p><\/blockquote>\n","protected":false},"excerpt":{"rendered":"<p>Nur eine halbe Stunde vor Wecker aufgewacht, in milder Luft in die Arbeit geradelt. Beherztes Anpacken im B\u00fcro, zwischen Pfl\u00fcgen durch Post und Aufgaben gleich mal eine Schulung, Kennenlernen neuer Menschen. Mittags hatte sich die Panik bereits so weit gelegt, dass ich richtig Pause machte, mit einem St\u00fcck Brot, Feigen, Pfirsichen, Nektarinen und Zeitungslekt\u00fcre. Jetzt [&hellip;]<\/p>\n","protected":false},"author":2,"featured_media":0,"comment_status":"open","ping_status":"closed","sticky":false,"template":"","format":"standard","meta":{"footnotes":""},"categories":[1],"tags":[],"class_list":["post-61534","post","type-post","status-publish","format-standard","hentry","category-general"],"_links":{"self":[{"href":"https:\/\/www.vorspeisenplatte.de\/speisen\/wp-json\/wp\/v2\/posts\/61534","targetHints":{"allow":["GET"]}}],"collection":[{"href":"https:\/\/www.vorspeisenplatte.de\/speisen\/wp-json\/wp\/v2\/posts"}],"about":[{"href":"https:\/\/www.vorspeisenplatte.de\/speisen\/wp-json\/wp\/v2\/types\/post"}],"author":[{"embeddable":true,"href":"https:\/\/www.vorspeisenplatte.de\/speisen\/wp-json\/wp\/v2\/users\/2"}],"replies":[{"embeddable":true,"href":"https:\/\/www.vorspeisenplatte.de\/speisen\/wp-json\/wp\/v2\/comments?post=61534"}],"version-history":[{"count":3,"href":"https:\/\/www.vorspeisenplatte.de\/speisen\/wp-json\/wp\/v2\/posts\/61534\/revisions"}],"predecessor-version":[{"id":61539,"href":"https:\/\/www.vorspeisenplatte.de\/speisen\/wp-json\/wp\/v2\/posts\/61534\/revisions\/61539"}],"wp:attachment":[{"href":"https:\/\/www.vorspeisenplatte.de\/speisen\/wp-json\/wp\/v2\/media?parent=61534"}],"wp:term":[{"taxonomy":"category","embeddable":true,"href":"https:\/\/www.vorspeisenplatte.de\/speisen\/wp-json\/wp\/v2\/categories?post=61534"},{"taxonomy":"post_tag","embeddable":true,"href":"https:\/\/www.vorspeisenplatte.de\/speisen\/wp-json\/wp\/v2\/tags?post=61534"}],"curies":[{"name":"wp","href":"https:\/\/api.w.org\/{rel}","templated":true}]}}