{"id":6197,"date":"2009-11-28T19:18:35","date_gmt":"2009-11-28T18:18:35","guid":{"rendered":"https:\/\/www.vorspeisenplatte.de\/speisen\/?p=6197"},"modified":"2012-11-11T17:43:02","modified_gmt":"2012-11-11T16:43:02","slug":"mildes-erstes-adventswochenende","status":"publish","type":"post","link":"https:\/\/www.vorspeisenplatte.de\/speisen\/2009\/11\/mildes-erstes-adventswochenende.htm","title":{"rendered":"Mildes erstes Adventswochenende"},"content":{"rendered":"<p>Ungew\u00f6hnlich lange geschlafen, erst um die Mittagszeit in den gloriosen Tag hinaus gelaufen.<\/p>\n<p><img loading=\"lazy\" decoding=\"async\" src=\"https:\/\/www.vorspeisenplatte.de\/speisen\/archiv\/091128_Isarlauf_Monopteros.JPG\" alt=\"091128_Isarlauf_Monopteros\" title=\"091128_Isarlauf_Monopteros\" width=\"451\" height=\"542\" class=\"alignnone size-full wp-image-6198\" \/><\/p>\n<p>Nachmittags hatte ich wieder meine pers\u00f6nliche Inneneinrichterin im Haus, die unsere Wohnung verweihnachtlichte &#8211; meine Mutter hatte drei W\u00e4schek\u00f6rbe voll Dekomaterial dabei. Gleichzeitig packte ich die Weihnachtsb\u00e4ckerei an. \u00dcber die sehr gemischten Ergebnisse berichte ich morgen.<\/p>\n","protected":false},"excerpt":{"rendered":"<p>Ungew\u00f6hnlich lange geschlafen, erst um die Mittagszeit in den gloriosen Tag hinaus gelaufen. Nachmittags hatte ich wieder meine pers\u00f6nliche Inneneinrichterin im Haus, die unsere Wohnung verweihnachtlichte &#8211; meine Mutter hatte drei W\u00e4schek\u00f6rbe voll Dekomaterial dabei. Gleichzeitig packte ich die Weihnachtsb\u00e4ckerei an. \u00dcber die sehr gemischten Ergebnisse berichte ich morgen.<\/p>\n","protected":false},"author":2,"featured_media":0,"comment_status":"open","ping_status":"closed","sticky":false,"template":"","format":"standard","meta":{"footnotes":""},"categories":[2,1],"tags":[],"class_list":["post-6197","post","type-post","status-publish","format-standard","hentry","category-fotos","category-general"],"_links":{"self":[{"href":"https:\/\/www.vorspeisenplatte.de\/speisen\/wp-json\/wp\/v2\/posts\/6197","targetHints":{"allow":["GET"]}}],"collection":[{"href":"https:\/\/www.vorspeisenplatte.de\/speisen\/wp-json\/wp\/v2\/posts"}],"about":[{"href":"https:\/\/www.vorspeisenplatte.de\/speisen\/wp-json\/wp\/v2\/types\/post"}],"author":[{"embeddable":true,"href":"https:\/\/www.vorspeisenplatte.de\/speisen\/wp-json\/wp\/v2\/users\/2"}],"replies":[{"embeddable":true,"href":"https:\/\/www.vorspeisenplatte.de\/speisen\/wp-json\/wp\/v2\/comments?post=6197"}],"version-history":[{"count":1,"href":"https:\/\/www.vorspeisenplatte.de\/speisen\/wp-json\/wp\/v2\/posts\/6197\/revisions"}],"predecessor-version":[{"id":14434,"href":"https:\/\/www.vorspeisenplatte.de\/speisen\/wp-json\/wp\/v2\/posts\/6197\/revisions\/14434"}],"wp:attachment":[{"href":"https:\/\/www.vorspeisenplatte.de\/speisen\/wp-json\/wp\/v2\/media?parent=6197"}],"wp:term":[{"taxonomy":"category","embeddable":true,"href":"https:\/\/www.vorspeisenplatte.de\/speisen\/wp-json\/wp\/v2\/categories?post=6197"},{"taxonomy":"post_tag","embeddable":true,"href":"https:\/\/www.vorspeisenplatte.de\/speisen\/wp-json\/wp\/v2\/tags?post=6197"}],"curies":[{"name":"wp","href":"https:\/\/api.w.org\/{rel}","templated":true}]}}