{"id":620,"date":"2004-10-27T20:27:54","date_gmt":"2004-10-27T18:27:54","guid":{"rendered":"https:\/\/www.vorspeisenplatte.de\/speisen\/2004\/10\/damentaschen-ii.htm"},"modified":"2005-06-24T09:13:46","modified_gmt":"2005-06-24T07:13:46","slug":"damentaschen-ii","status":"publish","type":"post","link":"https:\/\/www.vorspeisenplatte.de\/speisen\/2004\/10\/damentaschen-ii.htm","title":{"rendered":"Damentaschen II"},"content":{"rendered":"<p><a href=\"http:\/\/infragelb.de\/pepa\/index.php?p=148\" target=_new>pepa will es wissen, bittesch\u00f6n.<br \/>\n<\/a><br \/>\n<img decoding=\"async\" src=\"https:\/\/www.vorspeisenplatte.de\/speisen\/archiv\/Tasche_aussen.jpg\" alt=\"Wirklich scheissgute Qualitaet\" \/><\/p>\n<p>Meine Tasche f\u00fcr alle Tage ist ebenfalls von Bree. Ich gebe eine Affinit\u00e4t zu diesem Hersteller zu; mag damit zu tun haben, dass ich ein paar von den Leuten dort kennen gelernt habe und damit deren Ideale und Anspr\u00fcche. Die sie meiner Meinung nach einhalten.<\/p>\n<p><img decoding=\"async\" src=\"https:\/\/www.vorspeisenplatte.de\/speisen\/archiv\/Tascheninhalt.jpg\" alt=\"Content Management\" \/><\/p>\n<p>Und hier der Inhalt. Filofax ist nicht dabei: Da ich den nur in der Arbeit brauche, bleibt er die Woche \u00fcber in der Arbeit. Basisausstattung f\u00fcr die Handtasche au\u00dferhalb der Arbeit: Geldbeutel, Schl\u00fcssel, Taschent\u00fccher. Im Winter brauche ich daf\u00fcr keine Handtasche, das passt auch in Jacke oder Mantel.<\/p>\n","protected":false},"excerpt":{"rendered":"<p>pepa will es wissen, bittesch\u00f6n. Meine Tasche f\u00fcr alle Tage ist ebenfalls von Bree. Ich gebe eine Affinit\u00e4t zu diesem Hersteller zu; mag damit zu tun haben, dass ich ein paar von den Leuten dort kennen gelernt habe und damit deren Ideale und Anspr\u00fcche. Die sie meiner Meinung nach einhalten. Und hier der Inhalt. Filofax [&hellip;]<\/p>\n","protected":false},"author":2,"featured_media":0,"comment_status":"open","ping_status":"closed","sticky":false,"template":"","format":"standard","meta":{"footnotes":""},"categories":[2,1],"tags":[],"class_list":["post-620","post","type-post","status-publish","format-standard","hentry","category-fotos","category-general"],"_links":{"self":[{"href":"https:\/\/www.vorspeisenplatte.de\/speisen\/wp-json\/wp\/v2\/posts\/620","targetHints":{"allow":["GET"]}}],"collection":[{"href":"https:\/\/www.vorspeisenplatte.de\/speisen\/wp-json\/wp\/v2\/posts"}],"about":[{"href":"https:\/\/www.vorspeisenplatte.de\/speisen\/wp-json\/wp\/v2\/types\/post"}],"author":[{"embeddable":true,"href":"https:\/\/www.vorspeisenplatte.de\/speisen\/wp-json\/wp\/v2\/users\/2"}],"replies":[{"embeddable":true,"href":"https:\/\/www.vorspeisenplatte.de\/speisen\/wp-json\/wp\/v2\/comments?post=620"}],"version-history":[{"count":0,"href":"https:\/\/www.vorspeisenplatte.de\/speisen\/wp-json\/wp\/v2\/posts\/620\/revisions"}],"wp:attachment":[{"href":"https:\/\/www.vorspeisenplatte.de\/speisen\/wp-json\/wp\/v2\/media?parent=620"}],"wp:term":[{"taxonomy":"category","embeddable":true,"href":"https:\/\/www.vorspeisenplatte.de\/speisen\/wp-json\/wp\/v2\/categories?post=620"},{"taxonomy":"post_tag","embeddable":true,"href":"https:\/\/www.vorspeisenplatte.de\/speisen\/wp-json\/wp\/v2\/tags?post=620"}],"curies":[{"name":"wp","href":"https:\/\/api.w.org\/{rel}","templated":true}]}}