{"id":62111,"date":"2020-09-21T06:36:00","date_gmt":"2020-09-21T04:36:00","guid":{"rendered":"https:\/\/www.vorspeisenplatte.de\/speisen\/?p=62111"},"modified":"2020-09-21T20:15:51","modified_gmt":"2020-09-21T18:15:51","slug":"journal-sonntag-20-september-2020-schofar-erfahrung-und-fuenf-kugeln-in-kamin","status":"publish","type":"post","link":"https:\/\/www.vorspeisenplatte.de\/speisen\/2020\/09\/journal-sonntag-20-september-2020-schofar-erfahrung-und-fuenf-kugeln-in-kamin.htm","title":{"rendered":"Journal Sonntag, 20. September 2020 &#8211; Schofar-Erfahrung und <i>F\u00fcnf Kugeln in Kamin<\/i>"},"content":{"rendered":"<p>Recht gute Nacht, lang geschlafen.<\/p>\n<p>Entspanntes ausf\u00fchrliches Bloggen (ich genie\u00dfe es sehr, wenn ich daf\u00fcr Mu\u00dfe habe), drau\u00dfen beschien die Sonne k\u00fchle Morgenfrische.<\/p>\n<p>Schwimmpl\u00e4ne abgeblasen. Vielleicht war ich einfach tr\u00e4ge, doch ich rationalisierte das flugs mit Minderung von Ansteckungsrisiko sowie mit k\u00f6rperlicher Schonung vor OP (wenn untrainierte K\u00f6rper vor einer H\u00fcft-OP aufgebaut werden m\u00fcssen, sollten trainierte K\u00f6rper vielleicht die zwangsl\u00e4ufige Fehlbelastung langsam runterfahren?).<\/p>\n<p>Statt dessen kurzentschlossen Teig f\u00fcr <a href=\"https:\/\/bruellen.blogspot.com\/2014\/05\/sonntagszopf.html\" rel=\"noopener noreferrer\" target=\"_blank\">einen Sonntagszopf<\/a> geknetet, f\u00fcrs Zweistrang-Flechten wieder <a href=\"https:\/\/youtu.be\/XrjWM0uDuho\" rel=\"noopener noreferrer\" target=\"_blank\">in der Videoanleitung<\/a> gespickt.<\/p>\n<p><a href=\"https:\/\/www.vorspeisenplatte.de\/speisen\/archiv\/200920_01_Sonntagszopf.jpg\"><img loading=\"lazy\" decoding=\"async\" src=\"https:\/\/www.vorspeisenplatte.de\/speisen\/archiv\/200920_01_Sonntagszopf.jpg\" alt=\"\" width=\"328\" height=\"448\" class=\"alignnone size-full wp-image-62135\" \/><\/a><\/p>\n<p>Aus dem Schwimmen wurde ein seltenes Vollbad. Als ich gerade angezogen war, rief mich Herr Kaltmamsell ans Fenster: Er hatte einen Gr\u00fcnspecht ersp\u00e4ht! Den Ruf kann ich ja seit einigen Monaten identifizieren, wei\u00df daher, dass es mindestens zwei in H\u00f6rweite gibt, doch die Viecher hatten sich nie gezeigt. Jetzt sa\u00df einer im Gras vorm Haus und pickte nach W\u00fcrmern.<\/p>\n<p>Noch vor Anschneiden des Zopfs gingen wir raus in den sch\u00f6nen, sonnigen Tag zur Synagoge &#8211; und jetzt wei\u00df ich, wie ein Schofar klingt: Die Israelitische Kultusgemeinde <a href=\"https:\/\/www.ikg-m.de\/oeffentliches-schofarblasen-zu-rosch-haschana\/\" rel=\"noopener noreferrer\" target=\"_blank\">hatte zum \u00f6ffentlichen Blasen anl\u00e4sslich Rosch Haschana auf den Jakobsplatz eingeladen<\/a>, ich hatte die Meldung im Lokalteil der <i>S\u00fcddeutschen<\/i> entdeckt. (Klingt eher hell: &#8220;tr\u00e4\u00e4\u00e4\u00e4t&#8221;.) Fr\u00f6hliche Anblicke: Der Bub mit Kippa und Skateboard unterm Arm, der Kippatr\u00e4ger in Lederhosen und Wadlstr\u00fcmpf &#8211; j\u00fcdisches M\u00fcnchen halt.<\/p>\n<p>R\u00fcckweg durch die Sendlinger Stra\u00dfe. Neben Body Shop haben zwei weitere etablierte L\u00e4den auf der L\u00e4nge von 100 Metern aufgegeben.<\/p>\n<p>Zum Fr\u00fchst\u00fcck machte ich mir zum frischen Zopf R\u00fchrei &#8211; unter anderem als L\u00f6sung f\u00fcr mein altes Problem: Wohin mit dem restlichen Ei vom Geb\u00e4ckbestreichen?<\/p>\n<p>Nachmittag auf dem Balkon mit ausf\u00fchrlicher Eichh\u00f6rnchen-Show.<\/p>\n<p><a href=\"https:\/\/www.vorspeisenplatte.de\/speisen\/archiv\/200920_02_Eichhoernchen.jpg\"><img loading=\"lazy\" decoding=\"async\" src=\"https:\/\/www.vorspeisenplatte.de\/speisen\/archiv\/200920_02_Eichhoernchen.jpg\" alt=\"\" width=\"389\" height=\"482\" class=\"alignnone size-full wp-image-62136\" \/><\/a><\/p>\n<p><a href=\"https:\/\/www.vorspeisenplatte.de\/speisen\/archiv\/200920_04_Eichhoernchen.jpg\"><img loading=\"lazy\" decoding=\"async\" src=\"https:\/\/www.vorspeisenplatte.de\/speisen\/archiv\/200920_04_Eichhoernchen.jpg\" alt=\"\" width=\"426\" height=\"372\" class=\"alignnone size-full wp-image-62137\" \/><\/a><\/p>\n<p>Ich las Polly Hobson, Katharina Boje (\u00dcbers.), <i>F\u00fcnf Kugeln in Kamin<\/i> aus. Das Ende der Geschichte (Familie wiedervereint, weil die Mutter ihren Beruf als erfolgreiche und bekannte Modedesignerin aufgegeben hat) bereitete mir zwar Unbehagen, doch ich konnte immer noch gut nachvollziehen, warum ich das Buch als Kind wieder und wieder gelesen habe. Unter anderem wegen der Illustrationen von Margret Rettich.<\/p>\n<p><a href=\"https:\/\/www.vorspeisenplatte.de\/speisen\/archiv\/200502_02_FuenfKugelnimKamin.jpg\"><img loading=\"lazy\" decoding=\"async\" src=\"https:\/\/www.vorspeisenplatte.de\/speisen\/archiv\/200502_02_FuenfKugelnimKamin.jpg\" alt=\"\" width=\"276\" height=\"468\" class=\"alignnone size-full wp-image-62120\" \/><\/a><\/p>\n<p><a href=\"https:\/\/www.vorspeisenplatte.de\/speisen\/archiv\/200502_03_FuenfKugelnimKamin.jpg\"><img loading=\"lazy\" decoding=\"async\" src=\"https:\/\/www.vorspeisenplatte.de\/speisen\/archiv\/200502_03_FuenfKugelnimKamin.jpg\" alt=\"\" width=\"451\" height=\"394\" class=\"alignnone size-full wp-image-62121\" \/><\/a><\/p>\n<p><a href=\"https:\/\/www.vorspeisenplatte.de\/speisen\/archiv\/200502_04_FuenfKugelnimKamin.jpg\"><img loading=\"lazy\" decoding=\"async\" src=\"https:\/\/www.vorspeisenplatte.de\/speisen\/archiv\/200502_04_FuenfKugelnimKamin.jpg\" alt=\"\" width=\"465\" height=\"299\" class=\"alignnone size-full wp-image-62122\" \/><\/a><\/p>\n<p><a href=\"https:\/\/www.vorspeisenplatte.de\/speisen\/archiv\/200502_05_FuenfKugelnimKamin.jpg\"><img loading=\"lazy\" decoding=\"async\" src=\"https:\/\/www.vorspeisenplatte.de\/speisen\/archiv\/200502_05_FuenfKugelnimKamin.jpg\" alt=\"\" width=\"238\" height=\"520\" class=\"alignnone size-full wp-image-62123\" \/><\/a><\/p>\n<p><a href=\"https:\/\/www.vorspeisenplatte.de\/speisen\/archiv\/200502_06_FuenfKugelnimKamin.jpg\"><img loading=\"lazy\" decoding=\"async\" src=\"https:\/\/www.vorspeisenplatte.de\/speisen\/archiv\/200502_06_FuenfKugelnimKamin.jpg\" alt=\"\" width=\"645\" height=\"291\" class=\"alignnone size-full wp-image-62124\" srcset=\"https:\/\/www.vorspeisenplatte.de\/speisen\/archiv\/200502_06_FuenfKugelnimKamin.jpg 645w, https:\/\/www.vorspeisenplatte.de\/speisen\/archiv\/200502_06_FuenfKugelnimKamin-600x271.jpg 600w\" sizes=\"auto, (max-width: 645px) 100vw, 645px\" \/><\/a><\/p>\n<p><a href=\"https:\/\/www.vorspeisenplatte.de\/speisen\/archiv\/200502_07_FuenfKugelnimKamin.jpg\"><img loading=\"lazy\" decoding=\"async\" src=\"https:\/\/www.vorspeisenplatte.de\/speisen\/archiv\/200502_07_FuenfKugelnimKamin.jpg\" alt=\"\" width=\"458\" height=\"287\" class=\"alignnone size-full wp-image-62125\" \/><\/a><\/p>\n<p>Hier habe ich ziemlich sicher zum ersten Mal von &#8220;Puritanern&#8221; gelesen. Was das bedeutet, lernte ich erst Jahre sp\u00e4ter.<\/p>\n<p><a href=\"https:\/\/www.vorspeisenplatte.de\/speisen\/archiv\/200502_08_FuenfKugelnimKamin.jpg\"><img loading=\"lazy\" decoding=\"async\" src=\"https:\/\/www.vorspeisenplatte.de\/speisen\/archiv\/200502_08_FuenfKugelnimKamin.jpg\" alt=\"\" width=\"407\" height=\"321\" class=\"alignnone size-full wp-image-62126\" \/><\/a><\/p>\n<p><a href=\"https:\/\/www.vorspeisenplatte.de\/speisen\/archiv\/200502_09_FuenfKugelnimKamin.jpg\"><img loading=\"lazy\" decoding=\"async\" src=\"https:\/\/www.vorspeisenplatte.de\/speisen\/archiv\/200502_09_FuenfKugelnimKamin.jpg\" alt=\"\" width=\"475\" height=\"316\" class=\"alignnone size-full wp-image-62127\" \/><\/a><\/p>\n<p><a href=\"https:\/\/www.vorspeisenplatte.de\/speisen\/archiv\/200502_11_FuenfKugelnimKamin.jpg\"><img loading=\"lazy\" decoding=\"async\" src=\"https:\/\/www.vorspeisenplatte.de\/speisen\/archiv\/200502_11_FuenfKugelnimKamin.jpg\" alt=\"\" width=\"484\" height=\"328\" class=\"alignnone size-full wp-image-62128\" \/><\/a><\/p>\n<p>Aus Text und Illustration geht hervor, dass die Buben und M\u00e4dchen (um die 11 bis 13 Jahre alt) ganz unbefangen miteinander baden. Das gefiel mir.<\/p>\n<p><a href=\"https:\/\/www.vorspeisenplatte.de\/speisen\/archiv\/200502_12_FuenfKugelnimKamin.jpg\"><img loading=\"lazy\" decoding=\"async\" src=\"https:\/\/www.vorspeisenplatte.de\/speisen\/archiv\/200502_12_FuenfKugelnimKamin.jpg\" alt=\"\" width=\"475\" height=\"280\" class=\"alignnone size-full wp-image-62129\" \/><\/a><\/p>\n<p>Englisches Internatsleben &#8211; das kannte ich ja aus der Dolly- und der Hanny-und-Nanny-Reihe von Enid Blyton. Allerdings war mir damals nicht klar, wie speziell englisch es war.<\/p>\n<p>Bei der neuen Lekt\u00fcre fiel mir allerdings die an vielen Stellen am\u00fcsant verfehlte \u00dcbersetzung von Katharina Boje auf &#8211; kann es sein, dass Boje einfach nie in England gewesen war? Der &#8220;bequeme Stuhl&#8221; zum Beispiel war ziemlich sicher ein <i>comfy chair<\/i> &#8211; also ein Sessel.<\/p>\n<p>Herr Kaltmamsell schlug vor, den ziemlich durchgelesenen Band mit halb abgerissenem R\u00fccken von der Buchbinderin reparieren zu lassen. Ja, das m\u00f6chte ich gerne.<\/p>\n<p>Die W\u00e4sche vom Wochenende geb\u00fcgelt, auf dem Balkon Internet gelesen, Apfel und noch mehr Hefezopf gegessen.<\/p>\n<p>Zum Nachtmahl machte Herr Kaltmamsell Senfhuhn: <a href=\"https:\/\/www.sueddeutsche.de\/stil\/kolumne-eigener-herd-die-schaerfe-des-lebens-1.5019358\" rel=\"noopener noreferrer\" target=\"_blank\">Das Rezept hatte mich in der <i>S\u00fcddeutschen<\/i> angelacht.<\/a> Schmeckte sehr gut.<\/p>\n<p>Abendunterhaltung: Wir sahen <a href=\"https:\/\/www.daserste.de\/unterhaltung\/serie\/oktoberfest-1900\/videos\/oktoberfest-1900-folge-1-de-_-die-vision-100.html\" rel=\"noopener noreferrer\" target=\"_blank\">die erste Folge <i>Oktoberfest 1900<\/i><\/a> in der Mediathek an, auf Freundesempfehlung. Hmja, ausgesprochen waghalsige Kamera, ungewohnte Maske (Glanz, Furchen und gro\u00dfe Poren), wilde Musikzusammenstellung &#8211; aber ich bekam viel zu wenig interessante Menschen oder interessante Geschichte, als dass mich weitere Folgen reizen w\u00fcrden. (Ich kann das mit den Serien nicht.)<\/p>\n<p>Im Bett das n\u00e4chste Buch angefangen: Ir\u00e8ne N\u00e9mirovsky, <i>Die Familie Hardelot<\/i>.<\/p>\n<p>\u00a7<\/p>\n<p><a href=\"https:\/\/twitter.com\/Muschelschloss\/status\/1307246601686134784\" rel=\"noopener noreferrer\" target=\"_blank\">Verfang.<\/a><br \/>\n(Ich wei\u00df ja nicht, ob die beiden dasselbe Spiel spielen.) <img loading=\"lazy\" decoding=\"async\" src=\"https:\/\/vg02.met.vgwort.de\/na\/80a986b128ee41aeb61491cce6bb94a6\" width=\"1\" height=\"1\" alt=\"\"\/><\/p>\n","protected":false},"excerpt":{"rendered":"<p>Recht gute Nacht, lang geschlafen. Entspanntes ausf\u00fchrliches Bloggen (ich genie\u00dfe es sehr, wenn ich daf\u00fcr Mu\u00dfe habe), drau\u00dfen beschien die Sonne k\u00fchle Morgenfrische. Schwimmpl\u00e4ne abgeblasen. Vielleicht war ich einfach tr\u00e4ge, doch ich rationalisierte das flugs mit Minderung von Ansteckungsrisiko sowie mit k\u00f6rperlicher Schonung vor OP (wenn untrainierte K\u00f6rper vor einer H\u00fcft-OP aufgebaut werden m\u00fcssen, sollten [&hellip;]<\/p>\n","protected":false},"author":2,"featured_media":0,"comment_status":"open","ping_status":"closed","sticky":false,"template":"","format":"standard","meta":{"footnotes":""},"categories":[3,1],"tags":[],"class_list":["post-62111","post","type-post","status-publish","format-standard","hentry","category-bucher","category-general"],"_links":{"self":[{"href":"https:\/\/www.vorspeisenplatte.de\/speisen\/wp-json\/wp\/v2\/posts\/62111","targetHints":{"allow":["GET"]}}],"collection":[{"href":"https:\/\/www.vorspeisenplatte.de\/speisen\/wp-json\/wp\/v2\/posts"}],"about":[{"href":"https:\/\/www.vorspeisenplatte.de\/speisen\/wp-json\/wp\/v2\/types\/post"}],"author":[{"embeddable":true,"href":"https:\/\/www.vorspeisenplatte.de\/speisen\/wp-json\/wp\/v2\/users\/2"}],"replies":[{"embeddable":true,"href":"https:\/\/www.vorspeisenplatte.de\/speisen\/wp-json\/wp\/v2\/comments?post=62111"}],"version-history":[{"count":3,"href":"https:\/\/www.vorspeisenplatte.de\/speisen\/wp-json\/wp\/v2\/posts\/62111\/revisions"}],"predecessor-version":[{"id":62151,"href":"https:\/\/www.vorspeisenplatte.de\/speisen\/wp-json\/wp\/v2\/posts\/62111\/revisions\/62151"}],"wp:attachment":[{"href":"https:\/\/www.vorspeisenplatte.de\/speisen\/wp-json\/wp\/v2\/media?parent=62111"}],"wp:term":[{"taxonomy":"category","embeddable":true,"href":"https:\/\/www.vorspeisenplatte.de\/speisen\/wp-json\/wp\/v2\/categories?post=62111"},{"taxonomy":"post_tag","embeddable":true,"href":"https:\/\/www.vorspeisenplatte.de\/speisen\/wp-json\/wp\/v2\/tags?post=62111"}],"curies":[{"name":"wp","href":"https:\/\/api.w.org\/{rel}","templated":true}]}}