{"id":62158,"date":"2020-09-23T06:20:32","date_gmt":"2020-09-23T04:20:32","guid":{"rendered":"https:\/\/www.vorspeisenplatte.de\/speisen\/?p=62158"},"modified":"2020-09-23T10:39:19","modified_gmt":"2020-09-23T08:39:19","slug":"journal-dienstag-22-september-2020-golden-mit-hitze-beifang-aus-dem-internetz","status":"publish","type":"post","link":"https:\/\/www.vorspeisenplatte.de\/speisen\/2020\/09\/journal-dienstag-22-september-2020-golden-mit-hitze-beifang-aus-dem-internetz.htm","title":{"rendered":"Journal Dienstag, 22. September 2020 &#8211; Golden mit Hitze, Beifang aus dem Internetz"},"content":{"rendered":"<p>Genug geschlafen, geradezu putzmunter aufgestanden.<\/p>\n<p>Eine Runde Crosstrainer vor dem Radeln in die Arbeit.<\/p>\n<p><a href=\"https:\/\/www.vorspeisenplatte.de\/speisen\/archiv\/200922_01_KaiserLudwigPl.jpg\"><img loading=\"lazy\" decoding=\"async\" src=\"https:\/\/www.vorspeisenplatte.de\/speisen\/archiv\/200922_01_KaiserLudwigPl.jpg\" alt=\"\" width=\"454\" height=\"605\" class=\"alignnone size-full wp-image-62169\" srcset=\"https:\/\/www.vorspeisenplatte.de\/speisen\/archiv\/200922_01_KaiserLudwigPl.jpg 454w, https:\/\/www.vorspeisenplatte.de\/speisen\/archiv\/200922_01_KaiserLudwigPl-450x600.jpg 450w\" sizes=\"auto, (max-width: 454px) 100vw, 454px\" \/><\/a><\/p>\n<p>Goldenes Licht \u00fcber dem Kaiser-Ludwig-Platz.<\/p>\n<p><a href=\"https:\/\/www.vorspeisenplatte.de\/speisen\/archiv\/200922_03_Theresienwiese.jpg\"><img loading=\"lazy\" decoding=\"async\" src=\"https:\/\/www.vorspeisenplatte.de\/speisen\/archiv\/200922_03_Theresienwiese.jpg\" alt=\"\" width=\"528\" height=\"425\" class=\"alignnone size-full wp-image-62170\" \/><\/a><\/p>\n<p>Goldenes Licht \u00fcber der Oktoberfest-freien Theresienwiese.<\/p>\n<p>Mittags restliches H\u00fchnerfleisch mit Nudeln in Senfh\u00fchnchenso\u00dfe.<\/p>\n<p>Nachmittags stempelte ich aus, um zur Anfasserin zu fahren: Ich bat sie um Hilfe bei meiner schmerzenden Nacken-Schulter-Muskulatur, vor allem mit Aussicht auf eine Weile Kr\u00fcckengehen. Es war sehr warm geworden, die Sonnenstrahlen stachen schw\u00fcl.<\/p>\n<p><a href=\"https:\/\/www.vorspeisenplatte.de\/speisen\/archiv\/200922_06_Hirschgarten.jpg\"><img loading=\"lazy\" decoding=\"async\" src=\"https:\/\/www.vorspeisenplatte.de\/speisen\/archiv\/200922_06_Hirschgarten.jpg\" alt=\"\" width=\"592\" height=\"408\" class=\"alignnone size-full wp-image-62171\" \/><\/a><\/p>\n<p>Warten auf die S-Bahn am Hirschgarten.<\/p>\n<p>Frau Physio gab mir viele viele Tipps, auch zur Vorbereitung aufs Kr\u00fcckengehen (Trizeps!), au\u00dferdem Druck auf die schmerzenden Muskeln.<\/p>\n<p>Zur\u00fcck im B\u00fcro verdunkelte sich langsam der Himmel und grollte. Doch ich kam noch locker trocken heim, es regnete erst kurz vor acht.<\/p>\n<p>Zum Nachtmahl servierte Herr Kaltmamsell auf meinen Wunsch Linsen (MEIN EISEN!) mit Kartoffelbrei und gebratenem Mangold, ein Genuss.<\/p>\n<p>\u00a7<\/p>\n<p>Auch wenn sich der Medienkonsum allgemein Richtung Sehen und H\u00f6ren verlagert: Ich bevorzuge Buchstaben, Text vermittelt mir Informationen am schnellsten.<br \/>\nDeshalb freute ich mich \u00fcber das Interview mit Christian Drosten im <i>Tagesspiegel<\/i>:<br \/>\n<a href=\"https:\/\/www.tagesspiegel.de\/wissen\/christian-drosten-im-interview-wir-alle-sind-die-welle\/26205276.html\" rel=\"noopener noreferrer\" target=\"_blank\">&#8220;&#8216;Wir alle sind die Welle'&#8221;.<\/a><\/p>\n<p>Ein Gl\u00fcck, dass Drosten nicht nur ein brillanter Wissenschaftler ist, sich pr\u00e4zise und nahbar ausdr\u00fccken kann, sondern auch unbehindert scheint von Befindlichkeiten &#8211; ohne gef\u00fchlskalt zu wirken. Ich w\u00fcnsche ihm und uns allen von Herzen, dass er bald wieder aus der \u00f6ffentlichen Aufmerksamkeit verschwinden kann und zu seinem inhaltlich sicher ausreichend aufregendem Forscherleben zur\u00fcckkehren.<\/p>\n<p>\u00a7<\/p>\n<p>Pagan Kennedy hat f\u00fcr die <i>New York Times<\/i> die abenteuerliche Geschichte recherchiert, wie Marty Goddard in den USA der 70er eine Methode entwickelte und erk\u00e4mpfte, die Vergewaltigung als Verbrechen verfolgbar machte &#8211; und dann in Vergessenheit geriet.<br \/>\n<a href=\"https:\/\/www.nytimes.com\/interactive\/2020\/06\/17\/opinion\/rape-kit-history.html\" rel=\"noopener noreferrer\" target=\"_blank\">&#8220;The Rape Kit\u2019s Secret History&#8221;.<\/a><\/p>\n<p>via <a href=\"https:\/\/twitter.com\/OnThisDayShe\" rel=\"noopener noreferrer\" target=\"_blank\">@OnThisDayShe<\/a><\/p>\n<p>Einer der Artikel, bei deren Lekt\u00fcre ich wiederholt Pause machen musste zum Durchschnaufen &#8211; so viel Frauenfeindlichkeit, die gerade mal 50 Jahre her ist (und noch lang nicht ausgestorben).<\/p>\n<blockquote><p>A Chicago police training manual from 1973 declared, \u201cMany rape complaints are not legitimate,\u201d and added, \u201cIt is unfortunate that many women will claim they have been raped in order to get revenge against an unfaithful lover or boyfriend with a roving eye.\u201d<\/p><\/blockquote>\n<p>(&#8230;)<\/p>\n<blockquote><p>Ms. Goddard\u2019s insight was that the only fix for this dysfunctional system would be incontrovertible scientific proof, the same kind used in a robbery or attempted murder. The victim\u2019s story should be supported with evidence from the crime lab to build a case that would convince juries. To get that evidence, she needed a device that would encourage the hospital staff members, the detectives and the lab technicians to collaborate with the victim. On the most basic level, Ms. Goddard realized, she had to find a mechanism that would protect the evidence from a system that was designed to destroy it.<\/p><\/blockquote>\n<p>(Im Film-Einsatz haben wir dieses <i>rape kit<\/i> unter anderem in <i>Grey&#8217;s Anatomy<\/i> gesehen.) <\/p>\n<p>\u00a7<\/p>\n<p>Nackt oder Akt? Ein BBC-Artikel von Lizzie Enfield beleuchtet, warum es so schwierig ist, zwischen Kunst und <del>Photografie<\/del> Pornografie zu unterscheiden &#8211; warum wir aber unbedingt dar\u00fcber sprechen m\u00fcssen:<br \/>\n<a href=\"https:\/\/www.bbc.com\/culture\/article\/20200917-the-fine-line-between-art-and-pornography?ocid=twcul\" rel=\"noopener noreferrer\" target=\"_blank\">&#8220;The fine line between art and pornography&#8221;.<\/a> <img loading=\"lazy\" decoding=\"async\" src=\"https:\/\/vg02.met.vgwort.de\/na\/5f332cb2154d419d921cab4ae061d59a\" width=\"1\" height=\"1\" alt=\"\"\/><\/p>\n","protected":false},"excerpt":{"rendered":"<p>Genug geschlafen, geradezu putzmunter aufgestanden. Eine Runde Crosstrainer vor dem Radeln in die Arbeit. Goldenes Licht \u00fcber dem Kaiser-Ludwig-Platz. Goldenes Licht \u00fcber der Oktoberfest-freien Theresienwiese. Mittags restliches H\u00fchnerfleisch mit Nudeln in Senfh\u00fchnchenso\u00dfe. Nachmittags stempelte ich aus, um zur Anfasserin zu fahren: Ich bat sie um Hilfe bei meiner schmerzenden Nacken-Schulter-Muskulatur, vor allem mit Aussicht auf [&hellip;]<\/p>\n","protected":false},"author":2,"featured_media":0,"comment_status":"open","ping_status":"closed","sticky":false,"template":"","format":"standard","meta":{"footnotes":""},"categories":[2,1],"tags":[],"class_list":["post-62158","post","type-post","status-publish","format-standard","hentry","category-fotos","category-general"],"_links":{"self":[{"href":"https:\/\/www.vorspeisenplatte.de\/speisen\/wp-json\/wp\/v2\/posts\/62158","targetHints":{"allow":["GET"]}}],"collection":[{"href":"https:\/\/www.vorspeisenplatte.de\/speisen\/wp-json\/wp\/v2\/posts"}],"about":[{"href":"https:\/\/www.vorspeisenplatte.de\/speisen\/wp-json\/wp\/v2\/types\/post"}],"author":[{"embeddable":true,"href":"https:\/\/www.vorspeisenplatte.de\/speisen\/wp-json\/wp\/v2\/users\/2"}],"replies":[{"embeddable":true,"href":"https:\/\/www.vorspeisenplatte.de\/speisen\/wp-json\/wp\/v2\/comments?post=62158"}],"version-history":[{"count":3,"href":"https:\/\/www.vorspeisenplatte.de\/speisen\/wp-json\/wp\/v2\/posts\/62158\/revisions"}],"predecessor-version":[{"id":62187,"href":"https:\/\/www.vorspeisenplatte.de\/speisen\/wp-json\/wp\/v2\/posts\/62158\/revisions\/62187"}],"wp:attachment":[{"href":"https:\/\/www.vorspeisenplatte.de\/speisen\/wp-json\/wp\/v2\/media?parent=62158"}],"wp:term":[{"taxonomy":"category","embeddable":true,"href":"https:\/\/www.vorspeisenplatte.de\/speisen\/wp-json\/wp\/v2\/categories?post=62158"},{"taxonomy":"post_tag","embeddable":true,"href":"https:\/\/www.vorspeisenplatte.de\/speisen\/wp-json\/wp\/v2\/tags?post=62158"}],"curies":[{"name":"wp","href":"https:\/\/api.w.org\/{rel}","templated":true}]}}