{"id":62184,"date":"2020-09-24T06:10:45","date_gmt":"2020-09-24T04:10:45","guid":{"rendered":"https:\/\/www.vorspeisenplatte.de\/speisen\/?p=62184"},"modified":"2020-09-24T16:36:31","modified_gmt":"2020-09-24T14:36:31","slug":"journal-mittwoch-23-september-2020-familiensorgen","status":"publish","type":"post","link":"https:\/\/www.vorspeisenplatte.de\/speisen\/2020\/09\/journal-mittwoch-23-september-2020-familiensorgen.htm","title":{"rendered":"Journal Mittwoch, 23. September 2020 &#8211; Familiensorgen"},"content":{"rendered":"<p>Nacht mit zwei Stunden Schlafpause, nach einer Stunde W\u00e4lzen schaltete ich das Licht an und las Roman.<\/p>\n<p>Beim Weckerklingeln rauschte drau\u00dfen laut der Regen. Doch nach Morgenkaffee und einer Runde Kr\u00e4ftigung (erweitert um die \u00dcbungen der Anfasserin) kam eine Regenpause, die ich f\u00fcrs Radeln in die Arbeit nutzte.<\/p>\n<p>Es regnete den Tag \u00fcber immer wieder in Duschern, im Lauf des Nachmittags wurde es trocken, ich sah sogar ein wenig blauen Himmel. Es blieb mild.<\/p>\n<p>In der Arbeit brachte ich mir bei, wie das mit den Textmarken und Querverweisen in Word-Dokumenten geht. Mein \u00dcbergabedokument soll doch so praktisch wie m\u00f6glich sein.<\/p>\n<p>Mittags gab es Linsen vom Vorabend kalt (EISEN!), nachmittags H\u00fcttenk\u00e4se mit Maracuja.<\/p>\n<p>Nach der Arbeit machte ich noch ein paar Besorgungen f\u00fcr Klinik\/Reha. Daheim gab&#8217;s zur Entspannung Manhattans.<\/p>\n<p>Sorge um meine gestern operierte Mutter. Ich telefonierte mit meinem Vater, der abends noch keine Nachricht von ihr hatte und sehr beunruhigt klang. Es war dann meine Schw\u00e4gerin, die im Krankenhaus anrief und sich versichern lie\u00df, dass alles in Ordnung war. Diesen Teil des Erwachsenseins muss ich mir erst noch antrainieren.<\/p>\n<p>Herr Kaltmamsell servierte seiner Auberginen-liebenden Ehefrau zum Nachtmahl Parmigiana, die sehr gut schmeckte. Nachtisch ein wenig Vanilleeis mit Eierlik\u00f6r, Schokolade.<\/p>\n<p>Im Bett Ir\u00e8ne N\u00e9mirovsky, <i>Die Familie Hardelot<\/i> ausgelesen. Mir war w\u00e4hrend der Lekt\u00fcre klar geworden, dass ich noch nie etwas aus der Welt um den ersten Weltkrieg in Frankreich gelesen hatte (der Roman erz\u00e4hlt die Geschichte einer b\u00fcrgerlichen Familie 1912 bis 1945) und f\u00fchlte mich auf dieser Ebene bereichert. Manchmal war mir das Ganze arg gef\u00fchlig, doch dazwischen erreichten mich immer wieder bissige Beobachtungen N\u00e9mirovskys, die den Kontrast zwischen grunds\u00e4tzlicher Beharrung im gewohnten Alltag und dem kompletten Umsturz durch die Katastrophe von Erstem und Zweitem Weltkrieg beschrieben.<\/p>\n<p>\u00a7<\/p>\n<p>Carola Rackete erkl\u00e4rt <a href=\"https:\/\/twitter.com\/CaroRackete\/status\/1308514046811881472\" rel=\"noopener noreferrer\" target=\"_blank\">in einem Twitter-Faden<\/a>, dass sie keine &#8220;Stimme der Migranten&#8221; ist und wie Medienberichterstattung es trotzdem geschafft hat, sie als solche darzustellen.<\/p>\n<blockquote><p>It&#8217;s frustrating to work with media if they pretend they would want to report wider issues but then they continue constructing a media figure they themselves invented last year. This media figure has nothing to see with me as a real living person.<\/p><\/blockquote>\n<p> <img loading=\"lazy\" decoding=\"async\" src=\"https:\/\/vg02.met.vgwort.de\/na\/a407fd00383e4aada2fdab09eb5a7def\" width=\"1\" height=\"1\" alt=\"\"\/><\/p>\n","protected":false},"excerpt":{"rendered":"<p>Nacht mit zwei Stunden Schlafpause, nach einer Stunde W\u00e4lzen schaltete ich das Licht an und las Roman. Beim Weckerklingeln rauschte drau\u00dfen laut der Regen. Doch nach Morgenkaffee und einer Runde Kr\u00e4ftigung (erweitert um die \u00dcbungen der Anfasserin) kam eine Regenpause, die ich f\u00fcrs Radeln in die Arbeit nutzte. Es regnete den Tag \u00fcber immer wieder [&hellip;]<\/p>\n","protected":false},"author":2,"featured_media":0,"comment_status":"open","ping_status":"closed","sticky":false,"template":"","format":"standard","meta":{"footnotes":""},"categories":[3,1],"tags":[],"class_list":["post-62184","post","type-post","status-publish","format-standard","hentry","category-bucher","category-general"],"_links":{"self":[{"href":"https:\/\/www.vorspeisenplatte.de\/speisen\/wp-json\/wp\/v2\/posts\/62184","targetHints":{"allow":["GET"]}}],"collection":[{"href":"https:\/\/www.vorspeisenplatte.de\/speisen\/wp-json\/wp\/v2\/posts"}],"about":[{"href":"https:\/\/www.vorspeisenplatte.de\/speisen\/wp-json\/wp\/v2\/types\/post"}],"author":[{"embeddable":true,"href":"https:\/\/www.vorspeisenplatte.de\/speisen\/wp-json\/wp\/v2\/users\/2"}],"replies":[{"embeddable":true,"href":"https:\/\/www.vorspeisenplatte.de\/speisen\/wp-json\/wp\/v2\/comments?post=62184"}],"version-history":[{"count":3,"href":"https:\/\/www.vorspeisenplatte.de\/speisen\/wp-json\/wp\/v2\/posts\/62184\/revisions"}],"predecessor-version":[{"id":62214,"href":"https:\/\/www.vorspeisenplatte.de\/speisen\/wp-json\/wp\/v2\/posts\/62184\/revisions\/62214"}],"wp:attachment":[{"href":"https:\/\/www.vorspeisenplatte.de\/speisen\/wp-json\/wp\/v2\/media?parent=62184"}],"wp:term":[{"taxonomy":"category","embeddable":true,"href":"https:\/\/www.vorspeisenplatte.de\/speisen\/wp-json\/wp\/v2\/categories?post=62184"},{"taxonomy":"post_tag","embeddable":true,"href":"https:\/\/www.vorspeisenplatte.de\/speisen\/wp-json\/wp\/v2\/tags?post=62184"}],"curies":[{"name":"wp","href":"https:\/\/api.w.org\/{rel}","templated":true}]}}