{"id":62859,"date":"2020-10-24T07:42:18","date_gmt":"2020-10-24T05:42:18","guid":{"rendered":"https:\/\/www.vorspeisenplatte.de\/speisen\/?p=62859"},"modified":"2020-10-24T07:42:18","modified_gmt":"2020-10-24T05:42:18","slug":"journal-freitag-23-oktober-2020-flashbacks-an-schulzeit","status":"publish","type":"post","link":"https:\/\/www.vorspeisenplatte.de\/speisen\/2020\/10\/journal-freitag-23-oktober-2020-flashbacks-an-schulzeit.htm","title":{"rendered":"Journal Freitag, 23. Oktober 2020 &#8211; Flashbacks an Schulzeit"},"content":{"rendered":"<p>Eher gute Nacht, ich nehme sie, wie sie kommen.<\/p>\n<p>Die M\u00fcnchner Nach-Reha-Einrichtung hatte um die Verordnung gebeten, ich hatte sie beim Gegenzeichnen in meinem Zimmer fotografiert und schickte die Bilder.<\/p>\n<p>Der Reha-Tag startete mit einem Vortrag &#8220;Ergother. Gr. ADL.&#8221; (letzteres Activities of Daily Living) mit Alltagstipps nach H\u00fcft-OP: Ganz ausgezeichnet und kompetent &#8211; nur dass ich diese Infos gleich am Anfang meiner Reha h\u00e4tte brauchen k\u00f6nnen. Waschen, eincremen, anziehen habe ich halt irgendwie hingekriegt mit der zentralen Auflage, das Becken nicht mehr als 90 Grad zu beugen, dabei gibt es daf\u00fcr Hilfe. Die Referentin wusste um die oftmals terminliche Schieflage, bat um Beschwerde auf dem Feedbackbogen.<\/p>\n<p>Auf Fu\u00dfstatik ein paar Tage zuvor folgte Fu\u00dfdynamik als Gruppengymnastik, ich nahm mir Regelm\u00e4\u00dfigkeit vor.<\/p>\n<p>Zeit f\u00fcr einen Kr\u00fcckenausflug bei mildem, sch\u00f6nen Wetter in die Umgebung.<\/p>\n<p><a href=\"https:\/\/www.vorspeisenplatte.de\/speisen\/archiv\/201023_01_Wasserbueffel.jpg\"><img loading=\"lazy\" decoding=\"async\" src=\"https:\/\/www.vorspeisenplatte.de\/speisen\/archiv\/201023_01_Wasserbueffel.jpg\" alt=\"\" width=\"559\" height=\"416\" class=\"alignnone size-full wp-image-62866\" \/><\/a><\/p>\n<p>Wasserb\u00fcffel. Auch wenn hier Tegernsee ist.<\/p>\n<p><a href=\"https:\/\/www.vorspeisenplatte.de\/speisen\/archiv\/201023_07_Tegernsee.jpg\"><img loading=\"lazy\" decoding=\"async\" src=\"https:\/\/www.vorspeisenplatte.de\/speisen\/archiv\/201023_07_Tegernsee.jpg\" alt=\"\" width=\"537\" height=\"486\" class=\"alignnone size-full wp-image-62869\" \/><\/a><\/p>\n<p><a href=\"https:\/\/www.vorspeisenplatte.de\/speisen\/archiv\/201023_08_Soellbach.jpg\"><img loading=\"lazy\" decoding=\"async\" src=\"https:\/\/www.vorspeisenplatte.de\/speisen\/archiv\/201023_08_Soellbach.jpg\" alt=\"\" width=\"409\" height=\"569\" class=\"alignnone size-full wp-image-62870\" \/><\/a><\/p>\n<p>Unterwegs erreichte mich der Anruf der Nach-Reha-Einrichtung, ich vereinbarte gleich mal den ersten Termin f\u00fcr Untersuchung und Einf\u00fchrung Anfang November.<\/p>\n<p>Zum Mittagessen gab es Gnocchi mit Tomatenso\u00dfe, davor Sal\u00e4tchen, danach Erdbeerquark.<\/p>\n<p>Physio-Termin, es gab einiges Schmerzhaftes um die H\u00fcfte wegzudr\u00fccken. Bewegungsschiene im Anschluss.<\/p>\n<p>Letzter Termin des Tages war Wassergymnastik. Der Trainer lie\u00df uns zu den Geh\u00fcbungen Dinge mit den Armen und Styroporscheibchen machen &#8211; zum ersten Mal fror ich nicht im Wasser.<\/p>\n<p>Die Physio- und Sportabteilung hat sehr viele Angestellte, bislang wurde noch jede Gruppeneinheit von einer\/einem anderen geleitet. Das bedeutet, dass ich t\u00e4glich mehrfach Flashbacks an meine Schulzeit habe, denn zu Beginn wird die Anwesehnheit der Teilnehmenden durch Vorlesen der Namen gepr\u00fcft. An der Stelle mit *Z\u00f6gern, Z\u00f6gern*, *Tief Luftholen* oder &#8220;Oh Gott, wie spricht man <i>das<\/i> denn aus?!&#8221; sage ich, wie halt zu Schulzeiten: &#8220;Das bin ich. Guti\u00e9rrez.&#8221; \u00dcbrigens als einzige, die Behandelten sind nicht entfernt so divers wie die Angestellten. Ich w\u00fcnsche mir weiterhin einen Fu\u00dfballspieler meines Namens in der M\u00e4nnermannschaft von Bayern M\u00fcnchen, bitte. Dann h\u00e4tte das f\u00fcr zumindest die n\u00e4chsten zehn Jahre ein Ende. (Der Name ist wirklich nicht kompliziert. Wenn ich mich in der Arbeit am Telefon damit melde, sprechen mich 70 Prozent der Anrufenden im Lauf des Gespr\u00e4chs problemlos damit an.)<\/p>\n<p>Diesmal hatte ich zur \u00dcberbr\u00fcckung einen Snack auf dem Zimmer: M\u00fcsliriegel und Apfel vom Fr\u00fchst\u00fcck.<\/p>\n<p>Zum Abendessen gab es Matjes mit Kartoffeln, vorher Suppe, dazu Vollkornbrot. Wieder wurde ich angenehm satt.<\/p>\n<p>\u00a7<\/p>\n<p>Nachruf der <i>S\u00fcddeutschen<\/i> auf ihre Feuilleton-Sekret\u00e4rin:<br \/>\n<a href=\"https:\/\/www.sueddeutsche.de\/kultur\/nachruf-zum-tod-von-judith-silberer-1.5089814\" rel=\"noopener noreferrer\" target=\"_blank\">&#8220;Zum Tod von Judith Silberer&#8221;.<\/a> <img loading=\"lazy\" decoding=\"async\" src=\"https:\/\/vg05.met.vgwort.de\/na\/a6adb6d2b00c442589604a1fdce6d1e5\" width=\"1\" height=\"1\" alt=\"\"\/><\/p>\n","protected":false},"excerpt":{"rendered":"<p>Eher gute Nacht, ich nehme sie, wie sie kommen. Die M\u00fcnchner Nach-Reha-Einrichtung hatte um die Verordnung gebeten, ich hatte sie beim Gegenzeichnen in meinem Zimmer fotografiert und schickte die Bilder. Der Reha-Tag startete mit einem Vortrag &#8220;Ergother. Gr. ADL.&#8221; (letzteres Activities of Daily Living) mit Alltagstipps nach H\u00fcft-OP: Ganz ausgezeichnet und kompetent &#8211; nur dass [&hellip;]<\/p>\n","protected":false},"author":2,"featured_media":0,"comment_status":"open","ping_status":"closed","sticky":false,"template":"","format":"standard","meta":{"footnotes":""},"categories":[2,1],"tags":[],"class_list":["post-62859","post","type-post","status-publish","format-standard","hentry","category-fotos","category-general"],"_links":{"self":[{"href":"https:\/\/www.vorspeisenplatte.de\/speisen\/wp-json\/wp\/v2\/posts\/62859","targetHints":{"allow":["GET"]}}],"collection":[{"href":"https:\/\/www.vorspeisenplatte.de\/speisen\/wp-json\/wp\/v2\/posts"}],"about":[{"href":"https:\/\/www.vorspeisenplatte.de\/speisen\/wp-json\/wp\/v2\/types\/post"}],"author":[{"embeddable":true,"href":"https:\/\/www.vorspeisenplatte.de\/speisen\/wp-json\/wp\/v2\/users\/2"}],"replies":[{"embeddable":true,"href":"https:\/\/www.vorspeisenplatte.de\/speisen\/wp-json\/wp\/v2\/comments?post=62859"}],"version-history":[{"count":3,"href":"https:\/\/www.vorspeisenplatte.de\/speisen\/wp-json\/wp\/v2\/posts\/62859\/revisions"}],"predecessor-version":[{"id":62874,"href":"https:\/\/www.vorspeisenplatte.de\/speisen\/wp-json\/wp\/v2\/posts\/62859\/revisions\/62874"}],"wp:attachment":[{"href":"https:\/\/www.vorspeisenplatte.de\/speisen\/wp-json\/wp\/v2\/media?parent=62859"}],"wp:term":[{"taxonomy":"category","embeddable":true,"href":"https:\/\/www.vorspeisenplatte.de\/speisen\/wp-json\/wp\/v2\/categories?post=62859"},{"taxonomy":"post_tag","embeddable":true,"href":"https:\/\/www.vorspeisenplatte.de\/speisen\/wp-json\/wp\/v2\/tags?post=62859"}],"curies":[{"name":"wp","href":"https:\/\/api.w.org\/{rel}","templated":true}]}}