{"id":63397,"date":"2020-11-21T08:54:51","date_gmt":"2020-11-21T07:54:51","guid":{"rendered":"https:\/\/www.vorspeisenplatte.de\/speisen\/?p=63397"},"modified":"2022-11-10T16:54:13","modified_gmt":"2022-11-10T15:54:13","slug":"journal-freitag-20-november-2020-erzwungene-ruhe","status":"publish","type":"post","link":"https:\/\/www.vorspeisenplatte.de\/speisen\/2020\/11\/journal-freitag-20-november-2020-erzwungene-ruhe.htm","title":{"rendered":"Journal Freitag, 20. November 2020 &#8211; Erzwungene Ruhe"},"content":{"rendered":"<p>Sieht so aus, als sei der Genesungsprozess tats\u00e4chlich irgendwo falsch abgebogen. In der Nacht auf gestern war aus dem zeitweiligen Schmerz plagender Dauerschmerz in Leiste und Bein geworden. Im Morgendunkel humpelte ich zu meinem Physio-Termin um 7.15 Uhr (aber: U-Bahn wundervoll leer), wies Frau Anfasserin nochmal auf die weitere Verschlechterung hin. Sie f\u00fchrte das jetzt auf &#8220;Entz\u00fcndung des Gewebes&#8221; zur\u00fcck, riet von Kraft\u00fcbungen und Belastung ab, empfahl \u00dcbungen zur Mobilisierung und Ausdauer. Die 20-Minuten-Einheit Physio war dann auch nur Massage (aua!).<\/p>\n<p>In der anschlie\u00dfenden Runde Reha-Sport konnte ich keine der \u00dcbungen, die Stehen auf dem operierten Bein erforderten. (Aber selbstverst\u00e4ndlich probierte ich sie bis Tr\u00e4nen in den Augen.)<\/p>\n<p>Jetzt also ernsthaft: Ruhe. Mit ein bisschen Hausverlassen. Und ich werde das schlechte Gewissen, das ich IMMER bei Unt\u00e4tigkeit ohne kompletten K.o. habe, aushalten: Ja, ich bin ein faules Schmarotzerschwein und v\u00f6llig wertlos &#8211; Pech gehabt.<\/p>\n<p>Daheim duschte ich nur, kleidete mich an und zog mich nach einem fr\u00fchen Mittagessen (K\u00fcrbiscurry vom Vorabend) aufs Bett zur\u00fcck, mit Zeitung und Laptop. Keine Eink\u00e4ufe f\u00fcrs Stollenbacken, kein Abstecher in einen neuen interessanten Weinladen ums Eck, auch die Einkaufsliste f\u00fcrs Wochenende \u00fcberlie\u00df ich Herrn Kaltmamsell (wo er doch eh schon so \u00fcberarbeitet ist!).<\/p>\n<p>Statt dessen las ich: Erst Zeitung, dann das <i>SZ-Magazin<\/i>. Der pers\u00f6nliche Essay darin <a href=\"https:\/\/sz-magazin.sueddeutsche.de\/leben-und-gesellschaft\/mode-diaet-89476?reduced=true\" rel=\"noopener noreferrer\" target=\"_blank\">\u00fcber die Bescheuertheit des H\u00fcbsch-und-d\u00fcnn-sein-Diktats<\/a> (\u20ac) enthielt nichts Neues, machte mich nur traurig, weil er seit Jahrzehnten immer und immer wieder geschrieben werden muss &#8211; doch die Illustrationen, f\u00fcr die Jeff Muhs Beton in beengende Kleidung gegossen hat sind sensationell (am besten gefiel mir <a href=\"https:\/\/sz-magazin.sueddeutsche.de\/heft\/2020\/47\" rel=\"noopener noreferrer\" target=\"_blank\">die auf der Titelseite<\/a>). Ebenfalls empfehlenswert: <a href=\"https:\/\/sz-magazin.sueddeutsche.de\/kunst\/farbpigmente-familienunternehmen-allgaeu-89469?reduced=true\" rel=\"noopener noreferrer\" target=\"_blank\">Eine Geschichte \u00fcber eine Firma, die Farbpigmente herstellt<\/a> &#8211; \u20ac).<\/p>\n<p>Vorm Fenster strahlender Sonnenschein, \u00fcber meinen Beinen eine antike Decke, die Herr Kaltmamsell in den gemeinsamen Hausstand gebracht hat.<\/p>\n<p><a href=\"https:\/\/www.vorspeisenplatte.de\/speisen\/archiv\/201120_01_DeckeThomas.jpg\"><img loading=\"lazy\" decoding=\"async\" src=\"https:\/\/www.vorspeisenplatte.de\/speisen\/archiv\/201120_01_DeckeThomas.jpg\" alt=\"\" width=\"333\" height=\"444\" class=\"alignnone size-full wp-image-63409\" \/><\/a><\/p>\n<p>Au\u00dferdem las ich Twitter und verlinkte Artikel, dann John le Carr\u00e9, <i>Tinker Tailor Soldier Spy<\/i> (m\u00f6glicherweise finde ich klassische Spionageromane doof, wenn sie im Grunde nur elaboriertes und h\u00f6chst formalisiertes Befindlichkeitsgezicke zwischen ganz vielen M\u00e4nnern erz\u00e4hlen). Als Nachmittagssnack gab es Papaya, Orange, Maracuja mit Joghurt und Honig.<\/p>\n<p>Herr Kaltmamsell servierte als Abendessen Rehr\u00fccken vom Viktualienmarkt mit Pakchoi aus Ernteanteil.<\/p>\n<p><a href=\"https:\/\/www.vorspeisenplatte.de\/speisen\/archiv\/201120_02_Nachtmahl.jpg\"><img loading=\"lazy\" decoding=\"async\" src=\"https:\/\/www.vorspeisenplatte.de\/speisen\/archiv\/201120_02_Nachtmahl.jpg\" alt=\"\" width=\"393\" height=\"393\" class=\"alignnone size-full wp-image-63405\" srcset=\"https:\/\/www.vorspeisenplatte.de\/speisen\/archiv\/201120_02_Nachtmahl.jpg 393w, https:\/\/www.vorspeisenplatte.de\/speisen\/archiv\/201120_02_Nachtmahl-150x150.jpg 150w, https:\/\/www.vorspeisenplatte.de\/speisen\/archiv\/201120_02_Nachtmahl-144x144.jpg 144w\" sizes=\"auto, (max-width: 393px) 100vw, 393px\" \/><\/a> <img loading=\"lazy\" decoding=\"async\" src=\"https:\/\/vg05.met.vgwort.de\/na\/4c316adcefde4062b4529a14513b05e3\" width=\"1\" height=\"1\" alt=\"\"\/><\/p>\n","protected":false},"excerpt":{"rendered":"<p>Sieht so aus, als sei der Genesungsprozess tats\u00e4chlich irgendwo falsch abgebogen. In der Nacht auf gestern war aus dem zeitweiligen Schmerz plagender Dauerschmerz in Leiste und Bein geworden. Im Morgendunkel humpelte ich zu meinem Physio-Termin um 7.15 Uhr (aber: U-Bahn wundervoll leer), wies Frau Anfasserin nochmal auf die weitere Verschlechterung hin. Sie f\u00fchrte das jetzt [&hellip;]<\/p>\n","protected":false},"author":2,"featured_media":0,"comment_status":"open","ping_status":"closed","sticky":false,"template":"","format":"standard","meta":{"footnotes":""},"categories":[2,1],"tags":[],"class_list":["post-63397","post","type-post","status-publish","format-standard","hentry","category-fotos","category-general"],"_links":{"self":[{"href":"https:\/\/www.vorspeisenplatte.de\/speisen\/wp-json\/wp\/v2\/posts\/63397","targetHints":{"allow":["GET"]}}],"collection":[{"href":"https:\/\/www.vorspeisenplatte.de\/speisen\/wp-json\/wp\/v2\/posts"}],"about":[{"href":"https:\/\/www.vorspeisenplatte.de\/speisen\/wp-json\/wp\/v2\/types\/post"}],"author":[{"embeddable":true,"href":"https:\/\/www.vorspeisenplatte.de\/speisen\/wp-json\/wp\/v2\/users\/2"}],"replies":[{"embeddable":true,"href":"https:\/\/www.vorspeisenplatte.de\/speisen\/wp-json\/wp\/v2\/comments?post=63397"}],"version-history":[{"count":3,"href":"https:\/\/www.vorspeisenplatte.de\/speisen\/wp-json\/wp\/v2\/posts\/63397\/revisions"}],"predecessor-version":[{"id":81745,"href":"https:\/\/www.vorspeisenplatte.de\/speisen\/wp-json\/wp\/v2\/posts\/63397\/revisions\/81745"}],"wp:attachment":[{"href":"https:\/\/www.vorspeisenplatte.de\/speisen\/wp-json\/wp\/v2\/media?parent=63397"}],"wp:term":[{"taxonomy":"category","embeddable":true,"href":"https:\/\/www.vorspeisenplatte.de\/speisen\/wp-json\/wp\/v2\/categories?post=63397"},{"taxonomy":"post_tag","embeddable":true,"href":"https:\/\/www.vorspeisenplatte.de\/speisen\/wp-json\/wp\/v2\/tags?post=63397"}],"curies":[{"name":"wp","href":"https:\/\/api.w.org\/{rel}","templated":true}]}}